{"id":48278,"date":"2012-02-03T17:51:46","date_gmt":"2012-02-03T15:51:46","guid":{"rendered":"http:\/\/www.korhanyilmaz.com\/?p=48278"},"modified":"2012-02-03T20:03:58","modified_gmt":"2012-02-03T18:03:58","slug":"akp-aleyhine-sarki-paylasti-memurluktan-atildi","status":"publish","type":"post","link":"http:\/\/www.korhanyilmaz.com\/?p=48278","title":{"rendered":"AKP aleyhine \u015fark\u0131 payla\u015ft\u0131, memurluktan at\u0131ld\u0131"},"content":{"rendered":"<p style=\"text-align: center;\"><a href=\"http:\/\/www.korhanyilmaz.com\/wp-content\/uploads\/2012\/02\/9588.jpg\"  class=\"lightview\"><img loading=\"lazy\" decoding=\"async\" class=\"aligncenter  wp-image-48279\" src=\"http:\/\/www.korhanyilmaz.com\/wp-content\/uploads\/2012\/02\/9588.jpg\" alt=\"\" width=\"369\" height=\"247\" \/><\/a><\/p>\n<p style=\"text-align: justify;\">SAMSUN\u2019un Yakakent \u0130l\u00e7esi\u2019nde bir sa\u011fl\u0131k oca\u011f\u0131nda hizmetli olarak g\u00f6rev yapan kadrolu 43 ya\u015f\u0131ndaki Erol Ceylan, facebookta bir \u015fark\u0131 payla\u015ft\u0131. Ancak \u015fark\u0131n\u0131n sonunda AK parti aleyhine yaz\u0131lar\u0131n eklenmi\u015f olmas\u0131 nedeniyle hakk\u0131nda soru\u015fturma a\u00e7\u0131lan Ceylan, \u00f6nce tayin edildi. Ard\u0131ndan da Sa\u011fl\u0131k Bakanl\u0131\u011f\u0131 Y\u00fcksek Disiplin Kurulu taraf\u0131ndan memurluktan at\u0131ld\u0131. Ceylan hakk\u0131n\u0131 aramak i\u00e7in B\u00f6lge \u0130dare Mahkemesi\u2019ne dava a\u00e7t\u0131.\u00a0<!--more--><\/p>\n<p style=\"text-align: justify;\">Yakakent Sa\u011fl\u0131k Grup Ba\u015fkanl\u0131\u011f\u0131 Toplum Sa\u011fl\u0131\u011f\u0131 Merkezinde 15 y\u0131ld\u0131r hizmetli olarak g\u00f6rev 2 \u00e7ocuk babas\u0131 Erol Ceylan, 17 Eyl\u00fcl 2010 tarihinde facebooktaki sayfas\u0131nda \u00fcnl\u00fc sanat\u00e7\u0131 Volkan Konak\u2019\u0131n bir televizyon kanal\u0131nda yapt\u0131\u011f\u0131 programda s\u00f6yledi\u011fi, \u2019Eledim eledim\u2019 t\u00fcrk\u00fcs\u00fcn\u00fc klibini i\u015fyerindeki bilgisayardan payla\u015ft\u0131. Klibin sonunda sonradan eklenmi\u015f k\u00fcf\u00fcr ve AK Parti\u2019ye hakaret i\u00e7eren yaz\u0131lar\u0131n bulunmas\u0131 \u00fczerine \u015fikayet edilen Ceylan hakk\u0131nda Samsun Valili\u011fi soru\u015fturma ba\u015flatt\u0131. Disiplin soru\u015fturmas\u0131nda &#8220;17 Eyl\u00fcl 2010 tarihinde saat 09.59\u2019da mesai saati i\u00e7erisinde ve devlet mal\u0131n\u0131 kullanarak, Erol Ceylan\u2019\u0131n kendi facebook internet sayfas\u0131nda siyasi bir parti aleyhinde k\u00fcf\u00fcr ve hakaret i\u00e7erikli yaz\u0131lar yazd\u0131\u011f\u0131n\u0131n tespit edildi\u011fi&#8221; belirtilerek savunmas\u0131 istendi.<\/p>\n<p style=\"text-align: justify;\"><span style=\"color: #888888;\">Haber :\u00a0\u0130smail AKDUMAN\/ SAMSUN,(DHA)<\/span><\/p>\n<p style=\"text-align: justify;\"><a href=\"http:\/\/gundem.milliyet.com.tr\/akp-aleyhine-sarki-paylasti-memurluktan-atildi\/gundem\/gundemdetay\/03.02.2012\/1497700\/default.htm\" target=\"_blank\">Kaynak : Milliyet.com.tr<\/a><\/p>\n","protected":false},"excerpt":{"rendered":"<p style=\"text-align: center;\">\n<p style=\"text-align: justify;\">SAMSUN\u2019un Yakakent \u0130l\u00e7esi\u2019nde bir sa\u011fl\u0131k oca\u011f\u0131nda hizmetli olarak g\u00f6rev yapan kadrolu 43 ya\u015f\u0131ndaki Erol Ceylan, facebookta bir \u015fark\u0131 payla\u015ft\u0131. Ancak \u015fark\u0131n\u0131n sonunda AK parti aleyhine yaz\u0131lar\u0131n eklenmi\u015f olmas\u0131 nedeniyle hakk\u0131nda soru\u015fturma a\u00e7\u0131lan Ceylan, \u00f6nce tayin edildi. Ard\u0131ndan da Sa\u011fl\u0131k Bakanl\u0131\u011f\u0131 Y\u00fcksek Disiplin Kurulu taraf\u0131ndan memurluktan at\u0131ld\u0131. Ceylan hakk\u0131n\u0131 aramak i\u00e7in <\/p>\n","protected":false},"author":1,"featured_media":0,"comment_status":"open","ping_status":"open","sticky":false,"template":"","format":"standard","meta":{"footnotes":""},"categories":[105],"tags":[],"class_list":["post-48278","post","type-post","status-publish","format-standard","hentry","category-gundem","odd"],"_links":{"self":[{"href":"http:\/\/www.korhanyilmaz.com\/index.php?rest_route=\/wp\/v2\/posts\/48278","targetHints":{"allow":["GET"]}}],"collection":[{"href":"http:\/\/www.korhanyilmaz.com\/index.php?rest_route=\/wp\/v2\/posts"}],"about":[{"href":"http:\/\/www.korhanyilmaz.com\/index.php?rest_route=\/wp\/v2\/types\/post"}],"author":[{"embeddable":true,"href":"http:\/\/www.korhanyilmaz.com\/index.php?rest_route=\/wp\/v2\/users\/1"}],"replies":[{"embeddable":true,"href":"http:\/\/www.korhanyilmaz.com\/index.php?rest_route=%2Fwp%2Fv2%2Fcomments&post=48278"}],"version-history":[{"count":0,"href":"http:\/\/www.korhanyilmaz.com\/index.php?rest_route=\/wp\/v2\/posts\/48278\/revisions"}],"wp:attachment":[{"href":"http:\/\/www.korhanyilmaz.com\/index.php?rest_route=%2Fwp%2Fv2%2Fmedia&parent=48278"}],"wp:term":[{"taxonomy":"category","embeddable":true,"href":"http:\/\/www.korhanyilmaz.com\/index.php?rest_route=%2Fwp%2Fv2%2Fcategories&post=48278"},{"taxonomy":"post_tag","embeddable":true,"href":"http:\/\/www.korhanyilmaz.com\/index.php?rest_route=%2Fwp%2Fv2%2Ftags&post=48278"}],"curies":[{"name":"wp","href":"https:\/\/api.w.org\/{rel}","templated":true}]}}