{"id":48274,"date":"2012-02-03T17:59:13","date_gmt":"2012-02-03T15:59:13","guid":{"rendered":"http:\/\/www.korhanyilmaz.com\/?p=48274"},"modified":"2012-02-03T19:59:56","modified_gmt":"2012-02-03T17:59:56","slug":"yeni-dogan-bebeklerini-vahsi-hayvanlara-yem-ettiler","status":"publish","type":"post","link":"http:\/\/www.korhanyilmaz.com\/?p=48274","title":{"rendered":"Yeni do\u011fan bebeklerini vah\u015fi hayvanlara yem ettiler"},"content":{"rendered":"<p style=\"text-align: center;\"><a href=\"http:\/\/www.korhanyilmaz.com\/wp-content\/uploads\/2012\/02\/9587.jpg\"  class=\"lightview\"><img loading=\"lazy\" decoding=\"async\" class=\"aligncenter  wp-image-48275\" src=\"http:\/\/www.korhanyilmaz.com\/wp-content\/uploads\/2012\/02\/9587.jpg\" alt=\"\" width=\"364\" height=\"198\" \/><\/a><\/p>\n<p style=\"text-align: justify;\">S\u0130NOP\u2019da ge\u00e7en hafta ormanl\u0131k alanda yabani hayvanlar taraf\u0131ndan par\u00e7alanm\u0131\u015f olarak bulunan 45 g\u00fcnl\u00fck erkek bebe\u011fin \u00f6l\u00fcm\u00fcne neden oldu\u011fu iddia edilen anne ve baba, jandarma taraf\u0131ndan yakaland\u0131. Su\u00e7lar\u0131n\u0131 itiraf eden 40 ya\u015f\u0131ndaki Filiz \u00d6zdemir ve 64 ya\u015f\u0131ndaki Ya\u015far \u00d6zt\u00fcrk tutukland\u0131.\u00a0<!--more--><\/p>\n<p style=\"text-align: justify;\">Olay ge\u00e7en hafta pazar g\u00fcn\u00fc Boyabat \u0130l\u00e7esinin ormanl\u0131k alan\u0131nda meydana geldi. Y\u00f6re sakinleri ormanl\u0131k alanda yabani hayvanlar taraf\u0131ndan par\u00e7alanm\u0131\u015f erkek bebek cesedi g\u00f6r\u00fcnce jandarmaya haber verdi. Ekipler hemen olay yerine gelip b\u00f6lgede geni\u015f \u00e7apl\u0131 ara\u015ft\u0131rma yapt\u0131.<\/p>\n<p style=\"text-align: justify;\">D\u00fcn yap\u0131lan \u00e7al\u0131\u015fmalar sonucu bebe\u011fin ailesine ula\u015f\u0131ld\u0131. Sinop merkezde yakalanan ve birlikte ya\u015fad\u0131klar\u0131 belirlenen Filiz \u00d6zdemir ve Ya\u015far \u00d6zt\u00fcrk g\u00f6zalt\u0131na al\u0131nd\u0131. \u00d6zdemir\u2019in e\u015finin ge\u00e7en y\u0131l \u00f6ld\u00fc\u011f\u00fc, ard\u0131ndan bekar olan Ya\u015far \u00d6zt\u00fcrk ile birlikte dost hayat\u0131 ya\u015famaya ba\u015flad\u0131\u011f\u0131 \u00f6\u011frenildi. \u00c7ift ifadelerinde yakla\u015f\u0131k 1,5 ay \u00f6nce Samsun\u2019un Bafra \u0130l\u00e7esi\u2019nde do\u011fum yapt\u0131ktan sonra bir s\u00fcre bu il\u00e7ede kal\u0131p daha sonra bebe\u011fi Sinop\u2019un Boyabat il\u00e7esinde ormanl\u0131k alana terkettiklerini itiraf etti. Mahkemeye sevkedilen Filiz \u00d6zdemir ve Ya\u015far \u00d6zt\u00fcrk ifadelerinin ard\u0131ndan \u2019Birlikte ve beraber tasarlayarak k\u00fc\u00e7\u00fck ya\u015ftaki \u00e7ocu\u011fu \u00f6ld\u00fcrmek\u2019 su\u00e7undan tutuklanarak Sinop Cezaevi\u2019ne konuldu.<\/p>\n<p style=\"text-align: justify;\">Konuyla ilgili a\u00e7\u0131klama yapan Sinop Valisi Ahmet Cengiz, olay\u0131n duyulmas\u0131yla birlikte ekiplerin yo\u011fun bir \u00e7al\u0131\u015fma ger\u00e7ekle\u015ftirdi\u011fini belirterek, su\u00e7lulara k\u0131sa s\u00fcrede ula\u015f\u0131ld\u0131\u011f\u0131n\u0131 s\u00f6yledi.<\/p>\n<p style=\"text-align: justify;\">Kentte b\u00f6ylesine vahim bir olay\u0131n ya\u015fanmas\u0131ndan dolay\u0131 son derece \u00fczg\u00fcn olduklar\u0131n\u0131 ifade eden Cengiz, &#8220;\u0130limizde b\u00f6yle vahim bir olay\u0131n tekrar\u0131n\u0131n ya\u015fanmamas\u0131n\u0131 diliyorum. Bu olay bize art\u0131k eskiden oldu\u011fu gibi su\u00e7un, i\u015fleyenin yan\u0131na kar kalmad\u0131\u011f\u0131n\u0131 g\u00f6stermi\u015ftir. Gerek jandarma te\u015fkilat\u0131m\u0131z, gerekse emniyet te\u015fkilat\u0131m\u0131z sahip oldu\u011fu teknik imkanlar ve \u00fcst\u00fcn deneyimleri sayesinde ayd\u0131nlat\u0131lamaz denilen olaylar\u0131 bile k\u0131sa s\u00fcrede ayd\u0131nlat\u0131p, sorumlular\u0131 adli makamlara teslim eder hale gelmi\u015ftir. Su\u00e7 i\u015flemeyi d\u00fc\u015f\u00fcnenler i\u00e7in bu, cayd\u0131r\u0131c\u0131 bir fakt\u00f6rd\u00fcr&#8221; dedi.<\/p>\n<p style=\"text-align: justify;\"><span style=\"color: #888888;\">Haber :\u00a0Kenan T\u00dcRKSEVEN\/ S\u0130NOP,(DHA)<\/span><\/p>\n<p style=\"text-align: justify;\"><a href=\"http:\/\/gundem.milliyet.com.tr\/yeni-dogan-bebeklerini-vahsi-hayvanlara-yem-ettiler\/gundem\/gundemdetay\/03.02.2012\/1497709\/default.htm\" target=\"_blank\">Kaynak : Milliyet.com.tr<\/a><\/p>\n","protected":false},"excerpt":{"rendered":"<p style=\"text-align: center;\">\n<p style=\"text-align: justify;\">S\u0130NOP\u2019da ge\u00e7en hafta ormanl\u0131k alanda yabani hayvanlar taraf\u0131ndan par\u00e7alanm\u0131\u015f olarak bulunan 45 g\u00fcnl\u00fck erkek bebe\u011fin \u00f6l\u00fcm\u00fcne neden oldu\u011fu iddia edilen anne ve baba, jandarma taraf\u0131ndan yakaland\u0131. Su\u00e7lar\u0131n\u0131 itiraf eden 40 ya\u015f\u0131ndaki Filiz \u00d6zdemir ve 64 ya\u015f\u0131ndaki Ya\u015far \u00d6zt\u00fcrk tutukland\u0131. <\/p>\n","protected":false},"author":1,"featured_media":0,"comment_status":"open","ping_status":"open","sticky":false,"template":"","format":"standard","meta":{"footnotes":""},"categories":[105],"tags":[],"class_list":["post-48274","post","type-post","status-publish","format-standard","hentry","category-gundem","odd"],"_links":{"self":[{"href":"http:\/\/www.korhanyilmaz.com\/index.php?rest_route=\/wp\/v2\/posts\/48274","targetHints":{"allow":["GET"]}}],"collection":[{"href":"http:\/\/www.korhanyilmaz.com\/index.php?rest_route=\/wp\/v2\/posts"}],"about":[{"href":"http:\/\/www.korhanyilmaz.com\/index.php?rest_route=\/wp\/v2\/types\/post"}],"author":[{"embeddable":true,"href":"http:\/\/www.korhanyilmaz.com\/index.php?rest_route=\/wp\/v2\/users\/1"}],"replies":[{"embeddable":true,"href":"http:\/\/www.korhanyilmaz.com\/index.php?rest_route=%2Fwp%2Fv2%2Fcomments&post=48274"}],"version-history":[{"count":0,"href":"http:\/\/www.korhanyilmaz.com\/index.php?rest_route=\/wp\/v2\/posts\/48274\/revisions"}],"wp:attachment":[{"href":"http:\/\/www.korhanyilmaz.com\/index.php?rest_route=%2Fwp%2Fv2%2Fmedia&parent=48274"}],"wp:term":[{"taxonomy":"category","embeddable":true,"href":"http:\/\/www.korhanyilmaz.com\/index.php?rest_route=%2Fwp%2Fv2%2Fcategories&post=48274"},{"taxonomy":"post_tag","embeddable":true,"href":"http:\/\/www.korhanyilmaz.com\/index.php?rest_route=%2Fwp%2Fv2%2Ftags&post=48274"}],"curies":[{"name":"wp","href":"https:\/\/api.w.org\/{rel}","templated":true}]}}