{"id":48270,"date":"2012-02-03T08:11:26","date_gmt":"2012-02-03T06:11:26","guid":{"rendered":"http:\/\/www.korhanyilmaz.com\/?p=48270"},"modified":"2012-02-03T19:38:18","modified_gmt":"2012-02-03T17:38:18","slug":"siyasetin-yargisallasmasi-bu-savasi-kim-istiyor","status":"publish","type":"post","link":"http:\/\/www.korhanyilmaz.com\/?p=48270","title":{"rendered":"Siyasetin yarg\u0131salla\u015fmas\u0131: Bu sava\u015f\u0131 kim istiyor?"},"content":{"rendered":"<div id=\"attachment_48271\" style=\"width: 160px\" class=\"wp-caption alignright\"><img loading=\"lazy\" decoding=\"async\" aria-describedby=\"caption-attachment-48271\" class=\" wp-image-48271  \" title=\"Ali Topuz\" src=\"http:\/\/www.korhanyilmaz.com\/wp-content\/uploads\/2012\/02\/9586.jpg\" alt=\"\" width=\"150\" height=\"94\" \/><p id=\"caption-attachment-48271\" class=\"wp-caption-text\">Ali Topuz<\/p><\/div>\n<p style=\"text-align: justify;\">Yarg\u0131da iki sonu\u00e7 var: Ya kazan\u0131r, ya kaybedersiniz. Ya beraat, ya mahumiyet. Siyasetteyse \u00fc\u00e7\u00fcnc\u00fc bir sonu\u00e7 var: Uzla\u015fma. Siyasi sorunlar\u0131 yarg\u0131ya havale etmek, &#8220;Uzla\u015fm\u0131yoruz, sava\u015faca\u011f\u0131z&#8221; demek.<\/p>\n<p style=\"text-align: justify;\">\u201cYarg\u0131 siyasile\u015fmemeli. Partizanla\u015fmamal\u0131.\u201d Yayg\u0131n bir motto. Bunun tehlikeli oldu\u011fu, i\u015fte, adalet duygusunu yok edece\u011fi filan s\u00f6ylenir. Do\u011fru da. Fakat bug\u00fcn, daha b\u00fcy\u00fck, daha tehlikeli bir sorun yok mu? Yarg\u0131n\u0131n siyasile\u015fmesi de\u011fil de siyasetin yarg\u0131salla\u015fmas\u0131, yarg\u0131salla\u015ft\u0131r\u0131lmas\u0131 sorunu.<\/p>\n<p style=\"text-align: justify;\">Darbe sonras\u0131 yarg\u0131lamalar, \u0130stiklal Mahkemeleri, Dersim yarg\u0131lamalar\u0131 bu tarz\u0131n tarihteki en bilinen \u00f6rnekleri.<!--more--><\/p>\n<p style=\"text-align: justify;\">Son dalgas\u0131 bu hafta ger\u00e7ekle\u015fen KCK operasyon ve davalar\u0131 da ayn\u0131 \u00e7er\u00e7evede g\u00f6r\u00fcn\u00fcyor. Say\u0131lar durumu anlatmaya yeterli: 14 Nisan&#8217;dan 5 Ekim&#8217;e kadar 7 bin 748 ki\u015fi g\u00f6zalt\u0131na al\u0131nd\u0131, 3 bin 895 ki\u015fi tutukland\u0131. Ge\u00e7en hafta i\u00e7inde say\u0131lar daha da artt\u0131. Bu kadar \u00e7ok su\u00e7lunun bulundu\u011fu bir su\u00e7 alan\u0131 ne olabilir? Yan\u0131t basit, alan kriminal de\u011fil siyasal. Nitekim \u201czanl\u0131\u201dlar\u0131n \u00f6nemli bir k\u0131sm\u0131 se\u00e7ilmi\u015fler ve yasal te\u015fkilatlarda siyasal faaliyet g\u00f6sterenlerle avukatlar ve akademisyenler.<\/p>\n<p style=\"text-align: justify;\">Siyaset yarg\u0131salla\u015f\u0131rsa ne olur? Yan\u0131t i\u00e7in \u00f6nce siyasetin ve yarg\u0131n\u0131n i\u015fleyi\u015f ve imkanlar\u0131na bakmal\u0131.<\/p>\n<p style=\"text-align: justify;\">Yarg\u0131, iki ihtimalli, iki sonu\u00e7lu bir d\u00fczenek. Taraflardan biri ya kazan\u0131r ya kaybeder. Ya beraat ya mahkumiyet . Yarg\u0131 tarihsizdir de. Her el, her ma\u00e7 yeniden ba\u015flayan oyun dizisi gibi. Daha \u00f6nce su\u00e7lu ya da haks\u0131z olmas\u0131 ki\u015finin, o davada su\u00e7lu ya da haks\u0131z oldu\u011funu g\u00f6stermez, filan.<\/p>\n<p style=\"text-align: justify;\">Siyaset ise \u00fc\u00e7 ihtimalli, \u00fc\u00e7 sonu\u00e7ludur. \u00d6yle olmad\u0131\u011f\u0131nda siyaset olmaktan \u00e7\u0131kar. Kazan\u00e7 ve kayb\u0131n yan\u0131ndaki ihtimalin, sonucun ad\u0131: Uzla\u015fma. Parlamenter rejimler uzla\u015fma esas\u0131n\u0131 benimseyerek i\u015f g\u00f6r\u00fcr. Aksi halde m\u00fcnasebet bir m\u00fccadele, bir sava\u015f\u0131m olmaktan \u00e7\u0131k\u0131p d\u00fcped\u00fcz sava\u015fa d\u00f6ner. Ayr\u0131ca siyaset &#8220;tarihli&#8221;dir de: Ku\u015faklardan ku\u015faklara miras kalan anla\u015fmalar, yani kazan\u00e7\/kay\u0131p\/uzla\u015fma tarihleri vard\u0131r her siyasal iklimde. Se\u00e7imi kaybedenler her \u015feylerini kaybetmezler! \u00d6nceki d\u00f6nemlerin uzla\u015fmalar\u0131n\u0131n kazanan\u0131n\u0131, kaybedenini ya da oyuna kat\u0131lmayan\u0131n\u0131 koruyan uzla\u015fmalar\u0131, yani tarihi birikimleri yekten \u00e7\u00f6pe at\u0131lamaz. \u201c\u0130nsan hak ve \u00f6zg\u00fcrl\u00fckleri\u201d denilen \u015feyler, bu tarihin kay\u0131tlar\u0131d\u0131r.<\/p>\n<p style=\"text-align: justify;\">KCK operasyonlar\u0131yla h\u00fck\u00fcmet, domine etti\u011fi yasama ve yarg\u0131yla birlikte siyasal bir sorunu yarg\u0131salla\u015ft\u0131r\u0131yor. Bu uzla\u015fma imkan\u0131n\u0131n reddidir. Askeri operasyonlar bundan zararl\u0131 de\u011fil! \u00c7\u00fcnk\u00fc operasyonlar &#8220;silahl\u0131 gruplar&#8221;la kar\u015f\u0131la\u015ft\u0131klar\u0131 ve bunun sonu\u00e7lar\u0131 oran\u0131nda s\u0131k\u0131nt\u0131 yarat\u0131r; sivil-siyasal alana g\u00f6lge d\u00fc\u015f\u00fcrse bile do\u011frudan onlar\u0131n i\u00e7inde i\u015flemez. Hedefi \u201c\u00e7at\u0131\u015fmay\u0131 bitirmek\u201d olan bir y\u00f6netim, siyaseti yarg\u0131salla\u015ft\u0131rmaktan korkmak zorunda. \u00c7\u00fcnk\u00fc siyasetin yarg\u0131salla\u015fmas\u0131, siyasal sorunla ilgili herkesin \u00fc\u00e7 ihtimalli bir alandan iki ihtimalli alana s\u0131k\u0131\u015ft\u0131r\u0131lmas\u0131 demek. Bunun anlam\u0131 basit, basit oldu\u011fu kadar da tehlikeli: Bir t\u00fcr sava\u015f ilan\u0131. Sorun ne kadar b\u00fcy\u00fckse kendisi de o kadar b\u00fcy\u00fck olacak bir sava\u015f\u0131n ilan\u0131.<\/p>\n<p style=\"text-align: justify;\">KCK operasyonlar\u0131n\u0131n bu haftaki k\u0131sm\u0131nda \u201csiyasetin yarg\u0131salla\u015ft\u0131r\u0131lmas\u0131\u201dn\u0131n yan\u0131nda bir vahim hukuk ihlali daha i\u015flendi: Avukatlar g\u00f6revlerini yaparken yasal dokunulmazl\u0131\u011fa sahiptirler. Bu dokunulmazl\u0131\u011f\u0131 d\u00fczenleyen yasalar\u0131n \u00f6ng\u00f6rd\u00fc\u011f\u00fc prosed\u00fcr i\u015fletilmeden g\u00f6zalt\u0131na al\u0131nmalar\u0131 ve tutuklanmalar\u0131 d\u00fc\u015f\u00fcn\u00fclemez. 40\u2019tan fazla avukat\u0131n, hi\u00e7bir yasal prosed\u00fcre uyulmadan hapse at\u0131lmas\u0131, ayn\u0131 zamanda sistemin kendi hukukunun ilgas\u0131 anlam\u0131na gelir. \u201cErgenekon\u201d operasyonlar\u0131nda da benzer ihlaller g\u00f6zlendi. Barolar fazla ses etmedi, \u00e7\u00fcnk\u00fc \u201cb\u00f6l\u00fcnm\u00fc\u015f T\u00fcrkiye\u2019nin\u201d onlardan olmayan kesimine uyguland\u0131 bu sefer hukuk ilgas\u0131.<\/p>\n<p style=\"text-align: justify;\">T\u00fcrkiye&#8217;nin generalleri hapse t\u0131kma, istedi\u011fini atama kudretindeki iktidar\u0131n\u0131 her durumda onaylay\u0131p (bazen \u00fcslup ele\u015ftirileri yaparlar sadece, \u201cGene d\u00f6v ama, iz b\u0131rakma\u201d der gibilerinden) , b\u00fct\u00fcn sava\u015f su\u00e7lar\u0131n\u0131 PKK&#8217;ya (ve TSK\u2019ya! Ha bir de \u201cErgenekon\u201d var de\u011fil mi?) y\u0131kmay\u0131 seven d\u00fc\u015f\u00fcn\u00fcrler, olan bitendeki vahameti g\u00f6rmezler mi? Evet. Haklar\u0131nda ayet var: G\u00f6zleri vard\u0131r ama g\u00f6rmezler, kulaklar\u0131 vard\u0131r ama i\u015fitmezler.<\/p>\n<p style=\"text-align: justify;\">Onlara bir soru: Anayasa m\u0131 yapacakt\u0131k? Kimseyle uzla\u015fmam\u0131\u015f, rakiplerinin siyasal alan\u0131n\u0131 t\u00fcm devlet enstr\u00fcmanlar\u0131yla (asker, polis, yarg\u0131) darmada\u011f\u0131n etmi\u015f bir &#8220;kurucu g\u00fc\u00e7&#8221; anayasa yaparsa ne olur? 12 Mart ve 12 Eyl\u00fcl&#8217;de g\u00f6rd\u00fck bunu. G\u00f6rmedik mi?=<\/p>\n<p style=\"text-align: justify;\"><a href=\"http:\/\/www.radikal.com.tr\/Radikal.aspx?aType=RadikalYazar&amp;ArticleID=1070856\" target=\"_blank\">Kaynak : Radikal.com.tr<\/a><\/p>\n","protected":false},"excerpt":{"rendered":"<p id=\"caption-attachment-48271\" class=\"wp-caption-text\">Ali Topuz<\/p>\n<p style=\"text-align: justify;\">Yarg\u0131da iki sonu\u00e7 var: Ya kazan\u0131r, ya kaybedersiniz. Ya beraat, ya mahumiyet. Siyasetteyse \u00fc\u00e7\u00fcnc\u00fc bir sonu\u00e7 var: Uzla\u015fma. Siyasi sorunlar\u0131 yarg\u0131ya havale etmek, &#8220;Uzla\u015fm\u0131yoruz, sava\u015faca\u011f\u0131z&#8221; demek.<\/p>\n<p style=\"text-align: justify;\">\u201cYarg\u0131 siyasile\u015fmemeli. Partizanla\u015fmamal\u0131.\u201d Yayg\u0131n bir motto. Bunun tehlikeli oldu\u011fu, i\u015fte, adalet duygusunu yok edece\u011fi filan s\u00f6ylenir. Do\u011fru da. Fakat bug\u00fcn, daha <\/p>\n","protected":false},"author":1,"featured_media":0,"comment_status":"open","ping_status":"open","sticky":false,"template":"","format":"standard","meta":{"footnotes":""},"categories":[16],"tags":[875],"class_list":["post-48270","post","type-post","status-publish","format-standard","hentry","category-kose-yazilari","tag-ali-topuz","odd"],"_links":{"self":[{"href":"http:\/\/www.korhanyilmaz.com\/index.php?rest_route=\/wp\/v2\/posts\/48270","targetHints":{"allow":["GET"]}}],"collection":[{"href":"http:\/\/www.korhanyilmaz.com\/index.php?rest_route=\/wp\/v2\/posts"}],"about":[{"href":"http:\/\/www.korhanyilmaz.com\/index.php?rest_route=\/wp\/v2\/types\/post"}],"author":[{"embeddable":true,"href":"http:\/\/www.korhanyilmaz.com\/index.php?rest_route=\/wp\/v2\/users\/1"}],"replies":[{"embeddable":true,"href":"http:\/\/www.korhanyilmaz.com\/index.php?rest_route=%2Fwp%2Fv2%2Fcomments&post=48270"}],"version-history":[{"count":0,"href":"http:\/\/www.korhanyilmaz.com\/index.php?rest_route=\/wp\/v2\/posts\/48270\/revisions"}],"wp:attachment":[{"href":"http:\/\/www.korhanyilmaz.com\/index.php?rest_route=%2Fwp%2Fv2%2Fmedia&parent=48270"}],"wp:term":[{"taxonomy":"category","embeddable":true,"href":"http:\/\/www.korhanyilmaz.com\/index.php?rest_route=%2Fwp%2Fv2%2Fcategories&post=48270"},{"taxonomy":"post_tag","embeddable":true,"href":"http:\/\/www.korhanyilmaz.com\/index.php?rest_route=%2Fwp%2Fv2%2Ftags&post=48270"}],"curies":[{"name":"wp","href":"https:\/\/api.w.org\/{rel}","templated":true}]}}