{"id":48266,"date":"2012-02-03T14:36:28","date_gmt":"2012-02-03T12:36:28","guid":{"rendered":"http:\/\/www.korhanyilmaz.com\/?p=48266"},"modified":"2012-02-03T19:29:04","modified_gmt":"2012-02-03T17:29:04","slug":"dogan-guresten-19-yil-sonra-gelen-itiraf","status":"publish","type":"post","link":"http:\/\/www.korhanyilmaz.com\/?p=48266","title":{"rendered":"Do\u011fan G\u00fcre\u015f&#8217;ten 19 y\u0131l sonra gelen itiraf"},"content":{"rendered":"<p style=\"text-align: center;\"><a href=\"http:\/\/www.korhanyilmaz.com\/wp-content\/uploads\/2012\/02\/9585.jpg\"  class=\"lightview\"><img loading=\"lazy\" decoding=\"async\" class=\"aligncenter  wp-image-48267\" src=\"http:\/\/www.korhanyilmaz.com\/wp-content\/uploads\/2012\/02\/9585.jpg\" alt=\"\" width=\"336\" height=\"223\" \/><\/a><\/p>\n<p style=\"text-align: justify;\">E\u015fref Bitlis&#8217;in \u015f\u00fcpheli \u00f6l\u00fcm\u00fcyle ilgili ifade veren Do\u011fan G\u00fcre\u015f&#8217;ten soru\u015fturman\u0131n seyrini de\u011fi\u015ftirecek bir itiraf geldi.G\u00fcre\u015f&#8217;in ifadesinde, Bitlis&#8217;in \u00f6l\u00fcm\u00fcne neden olan u\u00e7ak kazas\u0131n\u0131n ard\u0131ndan \u00fcretici firman\u0131n tehdidi nedeniyle, &#8216;buzlanma&#8217; diye bir ara yol bulduklar\u0131n\u0131 s\u00f6yledi\u011fi \u00f6\u011frenildi.<!--more--><\/p>\n<p style=\"text-align: justify;\">E\u015fref Bitlis Jandarma Genel Komutanl\u0131\u011f\u0131 yapt\u0131\u011f\u0131 d\u00f6nemde 17 \u015eubat 1993&#8217;te Diyarbak\u0131r&#8217;a gitmek i\u00e7in tahsis edilen Kara Havac\u0131l\u0131k Okuluna kay\u0131tl\u0131 u\u00e7a\u011f\u0131n d\u00fc\u015fmesi sonucu ya\u015fam\u0131n\u0131 yitirmesiyle ilgili y\u00fcr\u00fct\u00fclen soru\u015fturmada, soru\u015fturman\u0131n seyrini de\u011fi\u015ftirecek bir geli\u015fme ya\u015fand\u0131. Olay\u0131n t\u00fcm detaylar\u0131 incelenmeden &#8216;motor buzlanmas\u0131&#8217; denilerek kapat\u0131lan dosya ile ilgili Ankara \u00d6zel Yetkili Cumhuriyet Savc\u0131s\u0131 Mehmet \u00d6zg\u00fcr&#8217;e ifade veren d\u00f6nemin Genelkurmay Ba\u015fkan\u0131 Do\u011fan G\u00fcre\u015f, itiraf niteli\u011finde a\u00e7\u0131klamalarda bulundu.<\/p>\n<p style=\"text-align: justify;\">G\u00fcre\u015f&#8217;in, \u00fcretici firman\u0131n &#8220;U\u00e7ak satmay\u0131z&#8221; tehdidi kar\u015f\u0131s\u0131nda kazada u\u00e7ak hatas\u0131 ihtimalini ara\u015ft\u0131rmad\u0131klar\u0131n\u0131 s\u00f6yledi\u011fi \u00f6\u011frenildi. Kazada, pilotaj hatas\u0131na da rastlayamad\u0131klar\u0131n\u0131 ifade eden G\u00fcre\u015f&#8217;in, bunun \u00fczerine &#8220;buzlanma&#8221; gibi bir ara bir yol bulduklar\u0131n\u0131 s\u00f6yledi\u011fi \u00f6\u011frenildi. \u00d6zel Yetkili Cumhuriyet Savc\u0131s\u0131na, ameliyatl\u0131 oldu\u011fu i\u00e7in kald\u0131\u011f\u0131 lojman\u0131nda ifade veren Do\u011fan G\u00fcre\u015f, \u015f\u00fcpheli kazaya \u015fahitlik etti\u011fini dile getirdi\u011fi \u00f6\u011frenildi.<\/p>\n<p style=\"text-align: justify;\"><a href=\"http:\/\/www.radikal.com.tr\/Radikal.aspx?aType=RadikalDetayV3&amp;ArticleID=1077631&amp;CategoryID=77\" target=\"_blank\">Kaynak : Radikal.com.tr<\/a><\/p>\n","protected":false},"excerpt":{"rendered":"<p style=\"text-align: center;\">\n<p style=\"text-align: justify;\">E\u015fref Bitlis&#8217;in \u015f\u00fcpheli \u00f6l\u00fcm\u00fcyle ilgili ifade veren Do\u011fan G\u00fcre\u015f&#8217;ten soru\u015fturman\u0131n seyrini de\u011fi\u015ftirecek bir itiraf geldi.G\u00fcre\u015f&#8217;in ifadesinde, Bitlis&#8217;in \u00f6l\u00fcm\u00fcne neden olan u\u00e7ak kazas\u0131n\u0131n ard\u0131ndan \u00fcretici firman\u0131n tehdidi nedeniyle, &#8216;buzlanma&#8217; diye bir ara yol bulduklar\u0131n\u0131 s\u00f6yledi\u011fi \u00f6\u011frenildi.<\/p>\n","protected":false},"author":1,"featured_media":0,"comment_status":"open","ping_status":"open","sticky":false,"template":"","format":"standard","meta":{"footnotes":""},"categories":[105],"tags":[],"class_list":["post-48266","post","type-post","status-publish","format-standard","hentry","category-gundem","odd"],"_links":{"self":[{"href":"http:\/\/www.korhanyilmaz.com\/index.php?rest_route=\/wp\/v2\/posts\/48266","targetHints":{"allow":["GET"]}}],"collection":[{"href":"http:\/\/www.korhanyilmaz.com\/index.php?rest_route=\/wp\/v2\/posts"}],"about":[{"href":"http:\/\/www.korhanyilmaz.com\/index.php?rest_route=\/wp\/v2\/types\/post"}],"author":[{"embeddable":true,"href":"http:\/\/www.korhanyilmaz.com\/index.php?rest_route=\/wp\/v2\/users\/1"}],"replies":[{"embeddable":true,"href":"http:\/\/www.korhanyilmaz.com\/index.php?rest_route=%2Fwp%2Fv2%2Fcomments&post=48266"}],"version-history":[{"count":0,"href":"http:\/\/www.korhanyilmaz.com\/index.php?rest_route=\/wp\/v2\/posts\/48266\/revisions"}],"wp:attachment":[{"href":"http:\/\/www.korhanyilmaz.com\/index.php?rest_route=%2Fwp%2Fv2%2Fmedia&parent=48266"}],"wp:term":[{"taxonomy":"category","embeddable":true,"href":"http:\/\/www.korhanyilmaz.com\/index.php?rest_route=%2Fwp%2Fv2%2Fcategories&post=48266"},{"taxonomy":"post_tag","embeddable":true,"href":"http:\/\/www.korhanyilmaz.com\/index.php?rest_route=%2Fwp%2Fv2%2Ftags&post=48266"}],"curies":[{"name":"wp","href":"https:\/\/api.w.org\/{rel}","templated":true}]}}