{"id":48253,"date":"2012-02-02T18:05:28","date_gmt":"2012-02-02T16:05:28","guid":{"rendered":"http:\/\/www.korhanyilmaz.com\/?p=48253"},"modified":"2012-02-03T00:08:05","modified_gmt":"2012-02-02T22:08:05","slug":"devlet-koskte-toplandi","status":"publish","type":"post","link":"http:\/\/www.korhanyilmaz.com\/?p=48253","title":{"rendered":"Devlet k\u00f6\u015fkte topland\u0131"},"content":{"rendered":"<p style=\"text-align: center;\"><a href=\"http:\/\/www.korhanyilmaz.com\/wp-content\/uploads\/2012\/02\/9582.jpg\"  class=\"lightview\"><img loading=\"lazy\" decoding=\"async\" class=\"aligncenter  wp-image-48254\" src=\"http:\/\/www.korhanyilmaz.com\/wp-content\/uploads\/2012\/02\/9582.jpg\" alt=\"\" width=\"315\" height=\"217\" \/><\/a><\/p>\n<p style=\"text-align: justify;\">Cumhurba\u015fkan\u0131 Abdullah G\u00fcl&#8217;\u00fcn, yeni y\u0131l dolay\u0131s\u0131yla yasama, y\u00fcr\u00fctme ve yarg\u0131 organlar\u0131 ba\u015fkanlar\u0131 ile toplant\u0131s\u0131nda, yarg\u0131n\u0131n daha etkin ve h\u0131zl\u0131 g\u00f6rev yapabilmesi i\u00e7in yarg\u0131 organlar\u0131n\u0131n ihtiya\u00e7lar\u0131, yarg\u0131 reform paketi ve anayasa de\u011fi\u015fikli\u011fi \u00e7al\u0131\u015fmalar\u0131 \u00fczerinde duruldu\u011fu bildirildi.<\/p>\n<p style=\"text-align: justify;\">Cumhurba\u015fkanl\u0131\u011f\u0131 Bas\u0131n Merkezinden yap\u0131lan a\u00e7\u0131klamada, Cumhurba\u015fkan\u0131 G\u00fcl&#8217;\u00fcn gelenekselle\u015ftirdi\u011fi toplant\u0131 \u00e7er\u00e7evesinde yasama, y\u00fcr\u00fctme ve yarg\u0131 organlar\u0131n\u0131n ba\u015fkanlar\u0131 ile bir araya geldi\u011fi ifade edildi.\u00a0<!--more--><\/p>\n<p style=\"text-align: justify;\">Toplant\u0131ya; TBMM Ba\u015fkan\u0131 Cemil \u00c7i\u00e7ek, Ba\u015fbakan Recep Tayyip Erdo\u011fan, Anayasa Mahkemesi Ba\u015fkan\u0131 Ha\u015fim K\u0131l\u0131\u00e7, Adalet Bakan\u0131 ve HSYK Ba\u015fkan\u0131 Sadullah Ergin, Yarg\u0131tay Ba\u015fkan\u0131 Naz\u0131m Kaynak, Dan\u0131\u015ftay Ba\u015fkan\u0131 H\u00fcseyin Karakulluk\u00e7u, Say\u0131\u015ftay Ba\u015fkan\u0131 Recai Akyel, Uyu\u015fmazl\u0131k Mahkemesi Ba\u015fkan\u0131 Ahmet Akyal\u00e7\u0131n, Askeri Yarg\u0131tay Ba\u015fkan\u0131 Tu\u011fgeneral Hasan Dengiz, Askeri Y\u00fcksek \u0130dare Mahkemesi Ba\u015fkan\u0131 Tu\u011fgeneral Abdullah Arslan, Cumhurba\u015fkanl\u0131\u011f\u0131 Genel Sekreteri Mustafa \u0130sen ve \u00d6zel Kalem M\u00fcd\u00fcr\u00fc Koray Erta\u015f&#8217;\u0131n kat\u0131ld\u0131\u011f\u0131 belirtildi. A\u00e7\u0131klamada \u015f\u00f6yle denildi:<\/p>\n<p style=\"text-align: justify;\">&#8220;Toplant\u0131da yasama, y\u00fcr\u00fctme ve yarg\u0131 ile ilgili temel konular ele al\u0131nm\u0131\u015f ve kar\u015f\u0131l\u0131kl\u0131 g\u00f6r\u00fc\u015fler payla\u015f\u0131lm\u0131\u015ft\u0131r. Hukuk sistemimizin evrensel normlar ve de\u011ferler \u0131\u015f\u0131\u011f\u0131nda geli\u015ftirilmesi, demokrasi ve insan haklar\u0131 alanlar\u0131ndaki standartlar\u0131m\u0131z\u0131n daha da ileriye ta\u015f\u0131nmas\u0131n\u0131n \u00f6nemi vurgulanm\u0131\u015ft\u0131r. Bu kapsamda, yarg\u0131n\u0131n daha etkin ve h\u0131zl\u0131 g\u00f6rev yapabilmesi i\u00e7in, yarg\u0131 organlar\u0131n\u0131n ihtiya\u00e7lar\u0131, yarg\u0131 reform paketi ve anayasa de\u011fi\u015fikli\u011fi \u00e7al\u0131\u015fmalar\u0131 \u00fczerinde durulmu\u015ftur. Toplant\u0131da ayr\u0131ca, yarg\u0131 organlar\u0131 ba\u015fkanlar\u0131 taraf\u0131ndan, kamuoyundaki yarg\u0131ya y\u00f6nelik a\u00e7\u0131klama ve tart\u0131\u015fmalarla ilgili hassasiyetler dile getirilmi\u015ftir.&#8221;<\/p>\n<p style=\"text-align: justify;\"><a href=\"http:\/\/www.cnnturk.com\/2012\/turkiye\/02\/02\/devlet.koskte.toplandi\/647496.0\/index.html\" target=\"_blank\">Kaynak : CNN T\u00dcRK<\/a><\/p>\n","protected":false},"excerpt":{"rendered":"<p style=\"text-align: center;\">\n<p style=\"text-align: justify;\">Cumhurba\u015fkan\u0131 Abdullah G\u00fcl&#8217;\u00fcn, yeni y\u0131l dolay\u0131s\u0131yla yasama, y\u00fcr\u00fctme ve yarg\u0131 organlar\u0131 ba\u015fkanlar\u0131 ile toplant\u0131s\u0131nda, yarg\u0131n\u0131n daha etkin ve h\u0131zl\u0131 g\u00f6rev yapabilmesi i\u00e7in yarg\u0131 organlar\u0131n\u0131n ihtiya\u00e7lar\u0131, yarg\u0131 reform paketi ve anayasa de\u011fi\u015fikli\u011fi \u00e7al\u0131\u015fmalar\u0131 \u00fczerinde duruldu\u011fu bildirildi.<\/p>\n<p style=\"text-align: justify;\">Cumhurba\u015fkanl\u0131\u011f\u0131 Bas\u0131n Merkezinden yap\u0131lan a\u00e7\u0131klamada, Cumhurba\u015fkan\u0131 G\u00fcl&#8217;\u00fcn gelenekselle\u015ftirdi\u011fi toplant\u0131 \u00e7er\u00e7evesinde yasama, y\u00fcr\u00fctme ve <\/p>\n","protected":false},"author":1,"featured_media":0,"comment_status":"open","ping_status":"open","sticky":false,"template":"","format":"standard","meta":{"footnotes":""},"categories":[105],"tags":[],"class_list":["post-48253","post","type-post","status-publish","format-standard","hentry","category-gundem","odd"],"_links":{"self":[{"href":"http:\/\/www.korhanyilmaz.com\/index.php?rest_route=\/wp\/v2\/posts\/48253","targetHints":{"allow":["GET"]}}],"collection":[{"href":"http:\/\/www.korhanyilmaz.com\/index.php?rest_route=\/wp\/v2\/posts"}],"about":[{"href":"http:\/\/www.korhanyilmaz.com\/index.php?rest_route=\/wp\/v2\/types\/post"}],"author":[{"embeddable":true,"href":"http:\/\/www.korhanyilmaz.com\/index.php?rest_route=\/wp\/v2\/users\/1"}],"replies":[{"embeddable":true,"href":"http:\/\/www.korhanyilmaz.com\/index.php?rest_route=%2Fwp%2Fv2%2Fcomments&post=48253"}],"version-history":[{"count":0,"href":"http:\/\/www.korhanyilmaz.com\/index.php?rest_route=\/wp\/v2\/posts\/48253\/revisions"}],"wp:attachment":[{"href":"http:\/\/www.korhanyilmaz.com\/index.php?rest_route=%2Fwp%2Fv2%2Fmedia&parent=48253"}],"wp:term":[{"taxonomy":"category","embeddable":true,"href":"http:\/\/www.korhanyilmaz.com\/index.php?rest_route=%2Fwp%2Fv2%2Fcategories&post=48253"},{"taxonomy":"post_tag","embeddable":true,"href":"http:\/\/www.korhanyilmaz.com\/index.php?rest_route=%2Fwp%2Fv2%2Ftags&post=48253"}],"curies":[{"name":"wp","href":"https:\/\/api.w.org\/{rel}","templated":true}]}}