{"id":4825,"date":"2009-03-11T17:21:28","date_gmt":"2009-03-11T15:21:28","guid":{"rendered":"http:\/\/www.korhanyilmaz.com\/?p=4825"},"modified":"2009-03-11T17:21:28","modified_gmt":"2009-03-11T15:21:28","slug":"hic-kimse-zorda-degil-kardeslerim","status":"publish","type":"post","link":"http:\/\/www.korhanyilmaz.com\/?p=4825","title":{"rendered":"Hi\u00e7 kimse zorda de\u011fil karde\u015flerim"},"content":{"rendered":"<p style=\"text-align: center;\"><img loading=\"lazy\" decoding=\"async\" class=\"aligncenter size-full wp-image-4826\" title=\"Hi\u00e7 kimse zorda de\u011fil karde\u015flerim \" src=\"http:\/\/www.korhanyilmaz.com\/wp-content\/uploads\/2009\/03\/120320090446498818419.jpg\" alt=\"Hi\u00e7 kimse zorda de\u011fil karde\u015flerim \" width=\"376\" height=\"240\" \/><\/p>\n<p style=\"text-align: center;\">\n<p style=\"text-align: justify;\"><strong>Ba\u015fbakan&#8217;\u0131n medyadan sonra yeni hedefi &#8216;kriz var&#8217; diyen patronlar<\/strong><\/p>\n<p style=\"text-align: justify;\">Medyay\u0131 felaket tellall\u0131\u011f\u0131 yapmakla su\u00e7layan, i\u015f \u00e7evrelerinin de buna destek verdi\u011fini s\u00f6yleyen Ba\u015fbakan Erdo\u011fan d\u00fcn bir kez daha i\u015fadamlar\u0131na \u00e7att\u0131. Erdo\u011fan d\u00fcn Ordu&#8217;da vatanda\u015flara seslenirken &#8220;Al\u0131\u015fm\u0131\u015f bunlar h\u00fck\u00fcmeti k\u00f6\u015feye s\u0131k\u0131\u015ft\u0131r\u0131p oradan nemalanmaya.<\/p>\n<p style=\"text-align: justify;\"><strong>Hi\u00e7 kimse zorda de\u011fil karde\u015flerim&#8221; dedi<\/strong><\/p>\n<p style=\"text-align: justify;\">Ba\u015fbakan Recep Tayyip Erdo\u011fan&#8217;\u0131n h\u0131\u015fm\u0131ndan krizde h\u00fck\u00fcmeti ele\u015ftiren i\u015fadamlar\u0131 da nasibini almaya ba\u015flad\u0131. \u00d6nceki g\u00fcn Malatya mitinginde felaket tellal\u0131\u011f\u0131 yapmakla su\u00e7lad\u0131\u011f\u0131 medyaya baz\u0131 i\u015f adamlar\u0131n\u0131n da destek verdi\u011fini ifade eden Ba\u015fbakan Erdo\u011fan, i\u015f d\u00fcnyas\u0131na y\u00f6nelik ele\u015ftirilerine d\u00fcn de Ordu&#8217;da devam etti. <!--more--><\/p>\n<p style=\"text-align: justify;\">Yakla\u015f\u0131k 15 bin ki\u015fiye hitap eden Erdo\u011fan ekonomide kimsenin zorda olmad\u0131\u011f\u0131n\u0131 iddia etti ve i\u015f d\u00fcnyas\u0131na y\u00f6nelik \u015fu ele\u015ftirilerde bulundu:<\/p>\n<p style=\"text-align: justify;\"><strong>&#8216;Sana m\u0131 soraca\u011f\u0131m?&#8217;<\/strong><\/p>\n<p style=\"text-align: justify;\">&#8220;\u015eimdi \u00e7\u0131k\u0131yor baz\u0131lar\u0131, bana soruyorlar, &#8216;IMF&#8217;yle anla\u015fmay\u0131 niye geciktiriyorsun?&#8217; Sana m\u0131 soraca\u011f\u0131m? T\u00fcrkiye&#8217;nin menfaatine olursa imzalar\u0131z. \u00dclkemin, milletin menfaatine olmayacaksa, kusura bakmay\u0131n imzalamay\u0131z. Ge\u00e7en May\u0131s&#8217;tan bu yana h\u00e2l\u00e2 konu\u015fuyoruz. Niye? \u00dclkemin menfaatleri benim i\u00e7in \u00f6nemli. &#8216;Efendim, i\u015fte b\u00fcy\u00fck i\u015fverenler, bankalar zor durumda&#8230; Hi\u00e7 kimse zor durumda de\u011fil karde\u015flerim. Ger\u00e7ekler ba\u015fka, bakmay\u0131n. Bunlar al\u0131\u015fm\u0131\u015flar, h\u00fck\u00fcmetleri k\u00f6\u015feye s\u0131k\u0131\u015ft\u0131rarak oralardan nemalanmaya. Tabii \u015fimdi diyorlar ki &#8216;IMF ile anla\u015fs\u0131nlar da bu para gelsin, bankalara servis yap\u0131ls\u0131n.&#8217; DSP- MHP iktidar\u0131nda 16 banka batt\u0131. 40 milyar dolar \u00f6dedik. Ah de\u011ferli karde\u015flerim, b\u00f6yle s\u00f6m\u00fcrd\u00fcler bizi, b\u00f6yle bitirdiler bizi. \u015eimdi s\u0131k\u0131lmadan \u00e7\u0131k\u0131p konu\u015fuyorlar. \u015eimdi 1 tane batan banka var m\u0131?&#8221;<\/p>\n<p style=\"text-align: justify;\">Ba\u015fbakan Erdo\u011fan, d\u00fcnyada b\u00fcy\u00fck bir finans krizi ya\u015fand\u0131\u011f\u0131n\u0131 ve krizin T\u00fcrkiye&#8217;yi de haliyle etkiledi\u011fini de s\u00f6yledi. &#8220;\u0130n\u015fallah en az\u0131yla atlataca\u011f\u0131z. \u0130yi bir y\u00f6netim i\u015f ba\u015f\u0131nda, bunu ba\u015far\u0131yla s\u00fcrd\u00fcr\u00fcyoruz. Bununla ilgili b\u00fct\u00fcn tedbirleri alan bir iktidar i\u015f ba\u015f\u0131nda. Felaket tellallar\u0131 var ama bu felaket tellallar\u0131na halk\u0131m\u0131z\u0131n kulak asmad\u0131\u011f\u0131n\u0131 biliyoruz. Bunlar \u00fclke batsa umurlar\u0131nda de\u011fil&#8221; dedi.<\/p>\n<p style=\"text-align: justify;\"><strong>Kendisi ile \u00e7eli\u015fiyor krizle ilgili s\u00f6zleri birbirini tutmuyor<\/strong><\/p>\n<p style=\"text-align: justify;\">Ba\u015ebakan Recep Tayyip Erdo\u011fan uzun s\u00fcre medyay\u0131 kriz tellall\u0131\u011f\u0131 yapmakla su\u00e7lad\u0131. Ekonomiye ait verilerin abart\u0131ld\u0131\u011f\u0131n\u0131, T\u00fcrkiye&#8217;nin krize en dayan\u0131kl\u0131 \u00fclke oldu\u011funu iddia etti. Oysa pe\u015f pe\u015fe gelen ekonomik veriler, T\u00fcrkiye&#8217;nin k\u00fcresel krizden en \u00e7ok etkilenen \u00fclkelerin ba\u015f\u0131nda geldi\u011fini ortaya koydu. Sanayi \u00fcretimi ile ilgili rakamlar, kapasite kullan\u0131m oranlar\u0131, i\u015fsizlikteki t\u0131rman\u0131\u015f, vergi gelirlerindeki d\u00fc\u015f\u00fc\u015f, ihracattaki daralma, T\u00fcrk Liras\u0131&#8217;n\u0131n kriz d\u00f6neminde en \u00e7ok de\u011fer yitiren para birimlerinden biri olmas\u0131 T\u00fcrkiye&#8217;nin a\u011f\u0131r bir krizden ge\u00e7ti\u011fini ortaya koydu. Ba\u015fbakan Erdo\u011fan &#8220;Kriz bizi te\u011fet ge\u00e7iyor&#8221; dese de kendisi ile \u00e7eli\u015fen s\u00f6zleri de dikkatlerden ka\u00e7mad\u0131. \u00d6rne\u011fin d\u00fcn &#8220;Kimse zorda de\u011fil karde\u015flerim&#8221; diyen Ba\u015fbakan Erdo\u011fan bir g\u00fcn \u00f6nce &#8220;Evet bir kriz var g\u00f6r\u00fcyoruz&#8221; diye konu\u015fmu\u015ftu. Ba\u015fbakan Erdo\u011fan 25 \u015eubat&#8217;taki Mardin mitinginde de T\u00fcrkiye&#8217;nin a\u011f\u0131r bir i\u015fsizlik problemi ile kar\u015f\u0131 kar\u015f\u0131ya kald\u0131\u011f\u0131na dikkat \u00e7ekmi\u015f ve &#8220;Baykal&#8217;a da Bah\u00e7eli&#8217;ye de sesleniyorum. \u0130\u015fsizli\u011fe \u00e7are form\u00fcl\u00fcn\u00fcz\u00fc a\u00e7\u0131klay\u0131n. Uymazsam siyaseti b\u0131rakar\u0131m&#8221; demi\u015fti. Kendisi ile \u00e7eli\u015fen Erdo\u011fan, CHP Lideri Deniz Baykal&#8217;dan i\u015fsizli\u011fe ve durgunlu\u011fa kar\u015f\u0131 7 \u00e7\u00f6z\u00fcm \u00f6nerisi gelince ise &#8220;Sen kendi i\u015fine bak&#8221; diye tepki g\u00f6stermi\u015fti.<\/p>\n<p style=\"text-align: justify;\"><strong>TUSKON: T\u00fcrkiye krizden 2011&#8217;e kadar \u00e7\u0131kamaz<\/strong><\/p>\n<p style=\"text-align: justify;\">Ba\u015fbakan Erdo\u011fan i\u015f d\u00fcnyas\u0131n\u0131 ele\u015ftirirken, AKP iktidar\u0131na yak\u0131n i\u015fadamlar\u0131n\u0131n kurdu\u011fu \u00e7at\u0131 \u00f6rg\u00fct olan T\u00fcrkiye Sanayici ve \u0130\u015f Adamlar\u0131 Konfederasyonu (TUSKON) da krizden tedirgin olduklar\u0131n\u0131 a\u00e7\u0131klad\u0131. TUSKON Ba\u015fkan\u0131 R\u0131zanur Meral, krizin etkilerinin T\u00fcrkiye&#8217;de daha yeni hissedilmeye ba\u015fland\u0131\u011f\u0131n\u0131 belirterek, &#8220;2009 ve hatta 2010 y\u0131llar\u0131 ekonomik kriz bak\u0131m\u0131ndan zor y\u0131llar olacak. Fakat 2011&#8217;in ilk aylar\u0131nda d\u00fczelmenin ba\u015flayaca\u011f\u0131n\u0131 \u00f6ng\u00f6r\u00fcyoruz&#8221; dedi.<\/p>\n<p style=\"text-align: justify;\"><strong>&#8216;Her yer kurudu&#8217; dediler azar\u0131 i\u015fittiler<\/strong><\/p>\n<p style=\"text-align: justify;\">Ba\u015ebakan Erdo\u011fan&#8217;\u0131n h\u0131\u015fm\u0131na u\u011frayan i\u015fd\u00fcnyas\u0131, her ge\u00e7en g\u00fcn k\u00f6t\u00fcle\u015fen ekonomik veriler sonras\u0131 ciddi uyar\u0131larda bulunuyor. Uzun s\u00fcredir IMF ile anla\u015fma yap\u0131lmas\u0131 gerekti\u011fine dikkat \u00e7eken i\u015f d\u00fcnyas\u0131 son olarak Ocak ay\u0131na ait kapasite kullan\u0131m oranlar\u0131 geldikten sonra H\u00fck\u00fcmet&#8217;in dikkatini yerel se\u00e7imlerden ekonomik krize \u00e7ekmeye \u00e7al\u0131\u015fan uyar\u0131larda bulunmu\u015ftu.<\/p>\n<p style=\"text-align: justify;\">Ocak ay\u0131nda sanayide \u00fcretimin y\u00fczde 21.3 d\u00fc\u015fmesini nas\u0131l de\u011ferlendirdi\u011fini sordu\u011fumuz T\u00fcrkiye&#8217;nin en b\u00fcy\u00fck sanayicilerinden Ahmet Nazif Zorlu VATAN&#8217;a yapt\u0131\u011f\u0131 a\u00e7\u0131klamada &#8220;\u0130\u00e7 pazarda herkes kasm\u0131\u015f vaziyette. Sat\u0131\u015flar i\u00e7eride \u00fc\u00e7te bire kadar geriledi. T\u00fcketici kas\u0131nca her yer kurudu. Hem i\u00e7eride hem d\u0131\u015far\u0131da ben b\u00f6yle durgunluk i\u015flerin bu kadar kesat oldu\u011fu bir d\u00f6nem g\u00f6rmedim&#8221; demi\u015fti.<\/p>\n<p style=\"text-align: justify;\">Sanayi \u00fcretimindeki d\u00fc\u015f\u00fc\u015f\u00fc de\u011ferlendiren \u0130stanbul Sanayi Odas\u0131 Ba\u015fkan\u0131 Tan\u0131l K\u00fc\u00e7\u00fck ise &#8220;S\u00f6z\u00fcn bitti\u011fi yerdeyiz&#8221; diyerek t\u00fcm enerjisini yerel se\u00e7imlere veren, ekonomik krizi g\u00f6rmezden gelen H\u00fck\u00fcmet&#8217;e ele\u015ftiri getirmi\u015fti. Krizin tekstil sekt\u00f6r\u00fcne olan yans\u0131mas\u0131n\u0131 de\u011ferlendiren \u0130TH\u0130B Ba\u015fkan\u0131 \u0130smail G\u00fclle de &#8220;sipari\u015f yok. Sipari\u015f gelse de bunu \u00fcretecek a\u00e7\u0131k fabrika kalmad\u0131&#8221; diyerek tepkisini ortaya koymu\u015ftu. Adana Sanayi Odas\u0131 Ba\u015fkan Vekili Sadi S\u00fcrenk\u00f6k ise kendi ilinden \u00f6rnek vererek &#8220;Adana&#8217;da sanayi tasfiye oluyor. Adana sanayici kimli\u011fini h\u0131zla kaybediyor.&#8221; uyar\u0131s\u0131nda bulunmu\u015ftu.<\/p>\n<p style=\"text-align: justify;\"><span style=\"color: #888888;\">Kaynak : Vatan Gazetesi<\/span><\/p>\n","protected":false},"excerpt":{"rendered":"<p style=\"text-align: center;\">\n<p style=\"text-align: center;\">\n<p style=\"text-align: justify;\">Ba\u015fbakan&#8217;\u0131n medyadan sonra yeni hedefi &#8216;kriz var&#8217; diyen patronlar<\/p>\n<p style=\"text-align: justify;\">Medyay\u0131 felaket tellall\u0131\u011f\u0131 yapmakla su\u00e7layan, i\u015f \u00e7evrelerinin de buna destek verdi\u011fini s\u00f6yleyen Ba\u015fbakan Erdo\u011fan d\u00fcn bir kez daha i\u015fadamlar\u0131na \u00e7att\u0131. Erdo\u011fan d\u00fcn Ordu&#8217;da vatanda\u015flara seslenirken &#8220;Al\u0131\u015fm\u0131\u015f bunlar h\u00fck\u00fcmeti k\u00f6\u015feye s\u0131k\u0131\u015ft\u0131r\u0131p oradan nemalanmaya.<\/p>\n<p style=\"text-align: justify;\">Hi\u00e7 kimse <\/p>\n","protected":false},"author":1,"featured_media":0,"comment_status":"open","ping_status":"closed","sticky":false,"template":"","format":"standard","meta":{"footnotes":""},"categories":[7],"tags":[],"class_list":["post-4825","post","type-post","status-publish","format-standard","hentry","category-ekonomi","odd"],"_links":{"self":[{"href":"http:\/\/www.korhanyilmaz.com\/index.php?rest_route=\/wp\/v2\/posts\/4825","targetHints":{"allow":["GET"]}}],"collection":[{"href":"http:\/\/www.korhanyilmaz.com\/index.php?rest_route=\/wp\/v2\/posts"}],"about":[{"href":"http:\/\/www.korhanyilmaz.com\/index.php?rest_route=\/wp\/v2\/types\/post"}],"author":[{"embeddable":true,"href":"http:\/\/www.korhanyilmaz.com\/index.php?rest_route=\/wp\/v2\/users\/1"}],"replies":[{"embeddable":true,"href":"http:\/\/www.korhanyilmaz.com\/index.php?rest_route=%2Fwp%2Fv2%2Fcomments&post=4825"}],"version-history":[{"count":0,"href":"http:\/\/www.korhanyilmaz.com\/index.php?rest_route=\/wp\/v2\/posts\/4825\/revisions"}],"wp:attachment":[{"href":"http:\/\/www.korhanyilmaz.com\/index.php?rest_route=%2Fwp%2Fv2%2Fmedia&parent=4825"}],"wp:term":[{"taxonomy":"category","embeddable":true,"href":"http:\/\/www.korhanyilmaz.com\/index.php?rest_route=%2Fwp%2Fv2%2Fcategories&post=4825"},{"taxonomy":"post_tag","embeddable":true,"href":"http:\/\/www.korhanyilmaz.com\/index.php?rest_route=%2Fwp%2Fv2%2Ftags&post=4825"}],"curies":[{"name":"wp","href":"https:\/\/api.w.org\/{rel}","templated":true}]}}