{"id":48249,"date":"2012-02-02T14:38:00","date_gmt":"2012-02-02T12:38:00","guid":{"rendered":"http:\/\/www.korhanyilmaz.com\/?p=48249"},"modified":"2012-02-03T00:03:27","modified_gmt":"2012-02-02T22:03:27","slug":"milli-kayakcinin-olumunde-ihmal-var","status":"publish","type":"post","link":"http:\/\/www.korhanyilmaz.com\/?p=48249","title":{"rendered":"&#8220;Milli kayak\u00e7\u0131n\u0131n \u00f6l\u00fcm\u00fcnde ihmal var&#8221;"},"content":{"rendered":"<p style=\"text-align: center;\"><a href=\"http:\/\/www.korhanyilmaz.com\/wp-content\/uploads\/2012\/02\/9581.jpg\"  class=\"lightview\"><img loading=\"lazy\" decoding=\"async\" class=\"aligncenter  wp-image-48250\" src=\"http:\/\/www.korhanyilmaz.com\/wp-content\/uploads\/2012\/02\/9581.jpg\" alt=\"\" width=\"307\" height=\"236\" \/><\/a><\/p>\n<p style=\"text-align: justify;\">Kayak Federasyonu taraf\u0131ndan d\u00fczenlenen Alp Disiplini yar\u0131\u015flar\u0131na Erzurum&#8217;un Paland\u00f6ken&#8217;den sonraki K\u0131\u015f Turizm Merkezi Konakl\u0131&#8217;da antrenman yaparak haz\u0131rlanan 17 ya\u015f\u0131ndaki milli sporcu Asl\u0131 Nemutlu&#8217;nun tahta kar perdelere \u00e7arparak \u00f6l\u00fcm\u00fc, bilirki\u015fi raporuna yans\u0131d\u0131. Rapora g\u00f6re \u00f6l\u00fcmde ihmal var.<!--more--><\/p>\n<p style=\"text-align: justify;\">Erzurum&#8217;un Konakl\u0131 Kayak Merkezi&#8217;nde 13-15 Ocak tarihleri yap\u0131lacak olan Alp Disiplini Birinci Etap Yar\u0131\u015fmas\u0131&#8217;na kat\u0131lmak i\u00e7in \u0130stanbul&#8217;dan gelen milli kayak\u00e7\u0131 Asl\u0131 Nemutlu, ge\u00e7en 12 Ocak tarihinde Bayanlar S\u00fcper G pistinde antrenman yaparken kaya\u011f\u0131n\u0131n aya\u011f\u0131ndan \u00e7\u0131kmas\u0131 sonucu hayat\u0131n\u0131 kaybetti.<\/p>\n<p style=\"text-align: justify;\">\u00d6l\u00fcm nedeni olarak genel beden travmas\u0131na ba\u011fl\u0131 beyin kanamas\u0131, boyun ve omurga kemi\u011fi k\u0131r\u0131klar\u0131, kaburga kemiklerinin batmas\u0131 nedeniyle de olu\u015fan akci\u011fer yaralanmas\u0131 g\u00f6sterilen Asl\u0131 Nemutlu&#8217;nun gen\u00e7 ya\u015fta hayat\u0131na mal olan kaza ile ilgili bilirki\u015fi raporunu tamamland\u0131.<\/p>\n<p style=\"text-align: justify;\">Cumhuriyet Savc\u0131l\u0131\u011f\u0131 taraf\u0131ndan tayin edilen bilirki\u015fi Atat\u00fcrk \u00dcniversitesi Beden E\u011fitim ve Spor Y\u00fcksekokulu (BESYO) Spor Sa\u011fl\u0131k Bilimleri Anabilim Dal\u0131 \u00f6\u011fretim \u00fcyesi Yrd. Do\u00e7. Dr. Fatih K\u0131y\u0131c\u0131, haz\u0131rlad\u0131\u011f\u0131 bilirki\u015fi raporunu savc\u0131l\u0131\u011fa verdi.<\/p>\n<p style=\"text-align: justify;\"><strong>&#8220;Kar perdeleri bu \u015fekilde kullan\u0131lamaz&#8221;<\/strong><\/p>\n<p style=\"text-align: justify;\">Ayn\u0131 zamanda Uluslararas\u0131 Kayak Alp Disiplini Teknik delegesi olan Yrd. Do\u00e7. Dr. Fatih K\u0131y\u0131c\u0131, sosyal tesislerin sorumlulu\u011funun Gen\u00e7lik Hizmetleri ve Spor \u0130l M\u00fcd\u00fcrl\u00fc\u011f\u00fc&#8217;nde, mekanik tesisler, kayak pistlerinin haz\u0131rlanmas\u0131 ve g\u00fcvenlik sorumlulu\u011funun T\u00fcrkiye Kayak Federasyonu taraf\u0131ndan hizmet al\u0131m\u0131 yap\u0131lan Anadolu Kayak \u0130\u015fletmeleri ve Turizm Ticaret Ltd.&#8217;de oldu\u011funu bildirdi.<\/p>\n<p style=\"text-align: justify;\">Yrd. Do\u00e7. Dr. K\u0131y\u0131c\u0131 \u015funlar\u0131 s\u00f6yledi:<\/p>\n<p style=\"text-align: justify;\">&#8220;\u00d6len sporcunun kaya\u011f\u0131n\u0131n \u00e7\u0131kmas\u0131 bu k\u00f6t\u00fc son i\u00e7in ba\u015flang\u0131\u00e7 olmu\u015ftur. Pistin geni\u015fli\u011finin 24.5 metre olmas\u0131ndan dolay\u0131 h\u0131z\u0131n\u0131 alamamas\u0131 ya da pistte d\u00fc\u015fmesi ger\u00e7ekle\u015fmemi\u015f direk kar perdelerine \u00e7arpm\u0131\u015ft\u0131r. Kar perdesinin \u00fczerinde veya \u00f6n\u00fcnde herhangi bir \u00f6nlem olmamas\u0131, \u00e7arpma an\u0131ndan sonra her ne kadar \u00f6len ki\u015fi \u00e7arpma an\u0131nda \u00f6lse de kazazedeye ilk m\u00fcdahale ve ambulansa g\u00f6t\u00fcr\u00fclmesi i\u00e7in gerekli ekiplerin olmamas\u0131, ambulans\u0131n 20-25 dakika beklenerek Erzurum&#8217;dan gelmesi, normal bir kaza sonras\u0131ndan bile ki\u015finin sa\u011fl\u0131k sorununu ciddi \u015fekilde etkileyecek ihmal ve eksikliktir.<\/p>\n<p style=\"text-align: justify;\">Kar perdeleri, pist g\u00fcvenli\u011fi geni\u015fli\u011finin, e\u011fimin, ta\u015f ve kayalardan ar\u0131nd\u0131r\u0131ld\u0131ktan sonra olmas\u0131 gerekir. Kar perdeleri bu \u015fekilde kullan\u0131lamaz. Pist g\u00fcvenli\u011fi olmadan kullan\u0131lmaya devam edecek ise faydadan \u00e7ok zarar verecektir. Pistin kayarken sol kenarlar\u0131na &#8216;A-net&#8217; denilen g\u00fcvenlik a\u011flar\u0131n\u0131n uygulanmas\u0131 ve sa\u011fl\u0131k ekiplerinin eksiksiz \u00e7al\u0131\u015fmas\u0131n\u0131 \u00f6nermem akademik ve vicdani sorumlulu\u011fumdur&#8221;<\/p>\n<p style=\"text-align: justify;\"><strong>&#8220;Tahta perdeler s\u00fcngerle kaplanmal\u0131&#8221;<\/strong><\/p>\n<p style=\"text-align: justify;\">Konakl\u0131&#8217;n\u0131n 25&#8217;inci D\u00fcnya \u00dcniversiteler k\u0131\u015f oyunlar\u0131na ev sahipli\u011fi yapt\u0131\u011f\u0131n\u0131, pistlerinin Uluslararas\u0131 Kayak Federasyonu (FIS) taraf\u0131ndan tescillendi\u011fine dikkati \u00e7eken Yrd. Do\u00e7. Dr. Fatih K\u0131y\u0131c\u0131, suni kar ya\u011fd\u0131r\u0131larak kullan\u0131lan pistin Jandarma olay yeri inceleme kay\u0131tlar\u0131nda 25.5 metre olarak g\u00f6z\u00fckt\u00fc\u011f\u00fcn\u00fc, oysa FIS&#8217;e g\u00f6re pistin ortalama 30 metre geni\u015fli\u011finde olmas\u0131 gerekti\u011fini bildirdi.<\/p>\n<p style=\"text-align: justify;\">Bayanlar S\u00fcper G pistinin K\u0131\u015f oyunlar\u0131 s\u0131ras\u0131nda hi\u00e7 kullan\u0131lmad\u0131\u011f\u0131n\u0131 an\u0131msatan Yrd.Do\u00e7.Dr. K\u0131y\u0131c\u0131, d\u00fcnyada bir\u00e7ok kayak merkezinde bulunan r\u00fczgara kar\u015f\u0131 pisti koruyan ve kar tutmaya yarayan tahta kar perdelerinin karlama makinelerinde oldu\u011fu gibi koruyucu s\u00fcngerle kaplanmam\u0131\u015f olmas\u0131n\u0131 eksiklik olarak g\u00f6sterdi. S\u00fcngerle kaplanma ve a\u011f germe i\u015finin bundan sonraki kazalar\u0131n \u015fiddetinin hafifletilmesi i\u00e7in &#8220;Mutlaka yap\u0131lmal\u0131&#8221; diyen Yrd. Do\u00e7. Dr. K\u0131y\u0131c\u0131, \u015f\u00f6yle devam etti:<\/p>\n<p style=\"text-align: justify;\">&#8220;\u00d6l\u00fcm olay\u0131yla ilgili ak\u0131llarda olu\u015fan sorulardan birisi kaya\u011f\u0131n ayaktan \u00e7\u0131kmas\u0131d\u0131r. Kayak ile ayakkab\u0131y\u0131 ba\u011flayan k\u0131sma &#8216;ba\u011flama&#8217; denir. Ba\u011flama bas\u0131n\u00e7 ayarlar\u0131 yap\u0131l\u0131rken iki \u015feye dikkat edilir. Ki\u015finin kilosu ve kayak kayabilme seviyesine. &#8216;Neden bir milli sporcunun kaya\u011f\u0131 \u00e7\u0131kar?&#8217; gibi sorular anlams\u0131zd\u0131r. D\u0131\u015f kenar kapan kaya\u011f\u0131n\u0131 d\u00fczeltirken aniden i\u00e7 kenar\u0131 ile sert zemine \u00e7arp\u0131nca kayak aya\u011f\u0131ndan do\u011fal olarak \u00e7\u0131kar. Devletimizin devasa b\u00fct\u00e7eler ile yapm\u0131\u015f oldu\u011fu bu merkez, bir \u00e7ok devlet kurumunun sorumlulu\u011fu alt\u0131nda olmas\u0131na ra\u011fmen daha ilk kayak sezonunda ve bir ay i\u00e7inde \u00f6l\u00fcme sebebiyet veren bir olay olmu\u015f ise k\u0131sacas\u0131 buras\u0131 sahipsiz bir kayak merkezidir.<\/p>\n<p style=\"text-align: justify;\">Oysa burada ki pistler ve suni kar yapma altyap\u0131s\u0131, hem kayak milli tak\u0131m\u0131n\u0131n, hem de sporcu yeti\u015ftiren kul\u00fcplerin ideal \u015fekilde antrenman yapmas\u0131 i\u00e7in bulunmaz ve tek yerdir. Kayak merkezinde bulunan sosyal tesislerde k\u00fc\u00e7\u00fck ama i\u015flerlikte olan bir sa\u011fl\u0131k ve acil m\u00fcdahale odas\u0131 yapaca\u011f\u0131n\u0131z yer istemedi\u011finiz kadar mevcut. Kayak sporu a\u00e7\u0131k alan ve her ne tedbir al\u0131n\u0131rsa al\u0131ns\u0131n do\u011fas\u0131 gere\u011fi risk ve kaza oran\u0131 ortadan kald\u0131r\u0131lmaz. Ancak bunlar\u0131 en aza indirmek, tesislerde sorumlulu\u011fu bulunan kurumlar\u0131n ve i\u015fleticilerin ortak \u00e7al\u0131\u015fmas\u0131 ile olur&#8221;<\/p>\n<p style=\"text-align: justify;\"><a href=\"http:\/\/www.cnnturk.com\/2012\/turkiye\/02\/02\/milli.kayakcinin.olumunde.ihmal.var\/647457.0\/index.html\" target=\"_blank\">Kaynak : CNN T\u00dcRK<\/a><\/p>\n","protected":false},"excerpt":{"rendered":"<p style=\"text-align: center;\">\n<p style=\"text-align: justify;\">Kayak Federasyonu taraf\u0131ndan d\u00fczenlenen Alp Disiplini yar\u0131\u015flar\u0131na Erzurum&#8217;un Paland\u00f6ken&#8217;den sonraki K\u0131\u015f Turizm Merkezi Konakl\u0131&#8217;da antrenman yaparak haz\u0131rlanan 17 ya\u015f\u0131ndaki milli sporcu Asl\u0131 Nemutlu&#8217;nun tahta kar perdelere \u00e7arparak \u00f6l\u00fcm\u00fc, bilirki\u015fi raporuna yans\u0131d\u0131. Rapora g\u00f6re \u00f6l\u00fcmde ihmal var.<\/p>\n","protected":false},"author":1,"featured_media":0,"comment_status":"open","ping_status":"open","sticky":false,"template":"","format":"standard","meta":{"footnotes":""},"categories":[105],"tags":[874],"class_list":["post-48249","post","type-post","status-publish","format-standard","hentry","category-gundem","tag-asli-nemutlu","odd"],"_links":{"self":[{"href":"http:\/\/www.korhanyilmaz.com\/index.php?rest_route=\/wp\/v2\/posts\/48249","targetHints":{"allow":["GET"]}}],"collection":[{"href":"http:\/\/www.korhanyilmaz.com\/index.php?rest_route=\/wp\/v2\/posts"}],"about":[{"href":"http:\/\/www.korhanyilmaz.com\/index.php?rest_route=\/wp\/v2\/types\/post"}],"author":[{"embeddable":true,"href":"http:\/\/www.korhanyilmaz.com\/index.php?rest_route=\/wp\/v2\/users\/1"}],"replies":[{"embeddable":true,"href":"http:\/\/www.korhanyilmaz.com\/index.php?rest_route=%2Fwp%2Fv2%2Fcomments&post=48249"}],"version-history":[{"count":0,"href":"http:\/\/www.korhanyilmaz.com\/index.php?rest_route=\/wp\/v2\/posts\/48249\/revisions"}],"wp:attachment":[{"href":"http:\/\/www.korhanyilmaz.com\/index.php?rest_route=%2Fwp%2Fv2%2Fmedia&parent=48249"}],"wp:term":[{"taxonomy":"category","embeddable":true,"href":"http:\/\/www.korhanyilmaz.com\/index.php?rest_route=%2Fwp%2Fv2%2Fcategories&post=48249"},{"taxonomy":"post_tag","embeddable":true,"href":"http:\/\/www.korhanyilmaz.com\/index.php?rest_route=%2Fwp%2Fv2%2Ftags&post=48249"}],"curies":[{"name":"wp","href":"https:\/\/api.w.org\/{rel}","templated":true}]}}