{"id":48245,"date":"2012-02-02T19:10:28","date_gmt":"2012-02-02T17:10:28","guid":{"rendered":"http:\/\/www.korhanyilmaz.com\/?p=48245"},"modified":"2012-02-02T23:57:15","modified_gmt":"2012-02-02T21:57:15","slug":"ilker-basbug-icin-agirlastirilmis-muebbet-isteniyor","status":"publish","type":"post","link":"http:\/\/www.korhanyilmaz.com\/?p=48245","title":{"rendered":"\u0130lker Ba\u015fbu\u011f i\u00e7in a\u011f\u0131rla\u015ft\u0131r\u0131lm\u0131\u015f m\u00fcebbet isteniyor"},"content":{"rendered":"<p style=\"text-align: center;\"><a href=\"http:\/\/www.korhanyilmaz.com\/wp-content\/uploads\/2012\/02\/9580.jpg\"  class=\"lightview\"><img loading=\"lazy\" decoding=\"async\" class=\"aligncenter  wp-image-48246\" title=\"9580\" src=\"http:\/\/www.korhanyilmaz.com\/wp-content\/uploads\/2012\/02\/9580.jpg\" alt=\"\" width=\"305\" height=\"236\" \/><\/a><\/p>\n<p style=\"text-align: justify;\">Tutuklu bulunan eski Genelkurmay Ba\u015fkan\u0131 emekli Orgeneral \u0130lker Ba\u015fbu\u011f hakk\u0131nda iddianame haz\u0131rland\u0131. Savc\u0131, h\u00fck\u00fcmeti y\u0131kmaya te\u015febb\u00fcs ve \u00f6rg\u00fct y\u00f6neticili\u011fiyle su\u00e7lanan Ba\u015fbu\u011f i\u00e7in a\u011f\u0131rla\u015ft\u0131r\u0131lm\u0131\u015f m\u00fcebbet hapis cezas\u0131 istedi.<\/p>\n<p style=\"text-align: justify;\">Eski Genelkurmay Ba\u015fkan\u0131 emekli Orgeneral \u0130lker Ba\u015fbu\u011f hakk\u0131nda y\u00fcr\u00fct\u00fclen soru\u015fturma tamamlanarak iddianame haz\u0131rland\u0131.\u00a0<!--more--><\/p>\n<p style=\"text-align: justify;\">\u0130ddianamede, Ba\u015fbu\u011f&#8217;un &#8220;cebir ve \u015fiddet kullanarak T\u00fcrkiye Cumhuriyeti H\u00fck\u00fcmetini ortadan kald\u0131rmaya veya g\u00f6revini yapmas\u0131n\u0131 k\u0131smen veya tamamen engellemeye te\u015febb\u00fcs etmek&#8221; su\u00e7undan a\u011f\u0131rla\u015ft\u0131r\u0131lm\u0131\u015f m\u00fcebbet hapis cezas\u0131na \u00e7arpt\u0131r\u0131lmas\u0131 istendi.<\/p>\n<p style=\"text-align: justify;\">\u00d6zel yetkili \u0130stanbul Cumhuriyet Savc\u0131s\u0131 Cihan Kans\u0131z taraf\u0131ndan y\u00fcr\u00fct\u00fclen soru\u015fturma sonucu haz\u0131rlanan 39 sayfal\u0131k iddianame, 15&#8217;i tutuklu 29 san\u0131kl\u0131 &#8220;\u0130rtica ile M\u00fccadele Eylem Plan\u0131&#8221; davas\u0131yla birle\u015ftirilmesi talebiyle \u0130stanbul 13. A\u011f\u0131r Ceza Mahkemesine g\u00f6nderildi.<\/p>\n<p style=\"text-align: justify;\">\u0130ddianamede, tek &#8220;\u015f\u00fcpheli&#8221; olarak yer alan ve soru\u015fturma kapsam\u0131nda tutuklanan Ba\u015fbu\u011f&#8217;un, T\u00fcrk Ceza Kanunu&#8217;nun 312\/1. maddesi gere\u011fince, &#8220;cebir ve \u015fiddet kullanarak T\u00fcrkiye Cumhuriyeti H\u00fck\u00fcmetini ortadan kald\u0131rmaya veya g\u00f6revlerini yapmas\u0131n\u0131 k\u0131smen veya tamamen engellemeye te\u015febb\u00fcs etmek&#8221; su\u00e7undan a\u011f\u0131rla\u015ft\u0131r\u0131lm\u0131\u015f m\u00fcebbet hapis cezas\u0131na \u00e7arpt\u0131r\u0131lmas\u0131 istendi.<\/p>\n<p style=\"text-align: justify;\">\u0130ddianamede, Ba\u015fbu\u011f&#8217;un, &#8220;silahl\u0131 ter\u00f6r \u00f6rg\u00fct\u00fc y\u00f6neticili\u011fi yapmak&#8221; su\u00e7undan 15 ile 22,5 aras\u0131nda de\u011fi\u015fen hapisle cezaland\u0131r\u0131lmas\u0131 da talep edildi.<\/p>\n<p style=\"text-align: justify;\">\u0130ddianamenin g\u00f6nderildi\u011fi \u0130stanbul 13. A\u011f\u0131r Ceza Mahkemesinin, iddianamenin kabul edilmesi veya edilmemesiyle ilgili 15 g\u00fcn i\u00e7inde karar verilmesi bekleniyor.<\/p>\n<p style=\"text-align: justify;\">Eski Genelkurmay Ba\u015fkan\u0131 emekli Orgeneral \u0130lker Ba\u015fbu\u011f, \u0130stanbul N\u00f6bet\u00e7i 12. A\u011f\u0131r Ceza Mahkemesi taraf\u0131ndan 6 Ocak&#8217;ta tutuklanm\u0131\u015ft\u0131.<\/p>\n<p style=\"text-align: justify;\">Ba\u015fbu\u011f&#8217;un avukat\u0131 \u0130lkay Sezer taraf\u0131ndan \u0130stanbul 12. A\u011f\u0131r Ceza Mahkemesine yap\u0131lan g\u00f6rev ve tutukluluk y\u00f6n\u00fcnde itiraz, bu mahkemenin heyetince reddedilmi\u015fti.<\/p>\n<p style=\"text-align: justify;\"><a href=\"http:\/\/www.cnnturk.com\/2012\/turkiye\/02\/02\/ilker.basbug.icin.agirlastirilmis.muebbet.isteniyor\/647456.0\/index.html\" target=\"_blank\">Kaynak : CNN T\u00dcRK<\/a><\/p>\n","protected":false},"excerpt":{"rendered":"<p style=\"text-align: center;\">\n<p style=\"text-align: justify;\">Tutuklu bulunan eski Genelkurmay Ba\u015fkan\u0131 emekli Orgeneral \u0130lker Ba\u015fbu\u011f hakk\u0131nda iddianame haz\u0131rland\u0131. Savc\u0131, h\u00fck\u00fcmeti y\u0131kmaya te\u015febb\u00fcs ve \u00f6rg\u00fct y\u00f6neticili\u011fiyle su\u00e7lanan Ba\u015fbu\u011f i\u00e7in a\u011f\u0131rla\u015ft\u0131r\u0131lm\u0131\u015f m\u00fcebbet hapis cezas\u0131 istedi.<\/p>\n<p style=\"text-align: justify;\">Eski Genelkurmay Ba\u015fkan\u0131 emekli Orgeneral \u0130lker Ba\u015fbu\u011f hakk\u0131nda y\u00fcr\u00fct\u00fclen soru\u015fturma tamamlanarak iddianame haz\u0131rland\u0131. <\/p>\n","protected":false},"author":1,"featured_media":0,"comment_status":"open","ping_status":"open","sticky":false,"template":"","format":"standard","meta":{"footnotes":""},"categories":[105],"tags":[],"class_list":["post-48245","post","type-post","status-publish","format-standard","hentry","category-gundem","odd"],"_links":{"self":[{"href":"http:\/\/www.korhanyilmaz.com\/index.php?rest_route=\/wp\/v2\/posts\/48245","targetHints":{"allow":["GET"]}}],"collection":[{"href":"http:\/\/www.korhanyilmaz.com\/index.php?rest_route=\/wp\/v2\/posts"}],"about":[{"href":"http:\/\/www.korhanyilmaz.com\/index.php?rest_route=\/wp\/v2\/types\/post"}],"author":[{"embeddable":true,"href":"http:\/\/www.korhanyilmaz.com\/index.php?rest_route=\/wp\/v2\/users\/1"}],"replies":[{"embeddable":true,"href":"http:\/\/www.korhanyilmaz.com\/index.php?rest_route=%2Fwp%2Fv2%2Fcomments&post=48245"}],"version-history":[{"count":0,"href":"http:\/\/www.korhanyilmaz.com\/index.php?rest_route=\/wp\/v2\/posts\/48245\/revisions"}],"wp:attachment":[{"href":"http:\/\/www.korhanyilmaz.com\/index.php?rest_route=%2Fwp%2Fv2%2Fmedia&parent=48245"}],"wp:term":[{"taxonomy":"category","embeddable":true,"href":"http:\/\/www.korhanyilmaz.com\/index.php?rest_route=%2Fwp%2Fv2%2Fcategories&post=48245"},{"taxonomy":"post_tag","embeddable":true,"href":"http:\/\/www.korhanyilmaz.com\/index.php?rest_route=%2Fwp%2Fv2%2Ftags&post=48245"}],"curies":[{"name":"wp","href":"https:\/\/api.w.org\/{rel}","templated":true}]}}