{"id":48224,"date":"2012-02-02T21:41:10","date_gmt":"2012-02-02T19:41:10","guid":{"rendered":"http:\/\/www.korhanyilmaz.com\/?p=48224"},"modified":"2012-02-02T23:09:04","modified_gmt":"2012-02-02T21:09:04","slug":"karakolda-siddetin-cezasi-30-tl","status":"publish","type":"post","link":"http:\/\/www.korhanyilmaz.com\/?p=48224","title":{"rendered":"Karakolda \u015fiddetin cezas\u0131 30 TL"},"content":{"rendered":"<p style=\"text-align: center;\"><a href=\"http:\/\/www.korhanyilmaz.com\/wp-content\/uploads\/2012\/02\/9574.jpg\"  class=\"lightview\"><img loading=\"lazy\" decoding=\"async\" class=\"aligncenter  wp-image-48225\" src=\"http:\/\/www.korhanyilmaz.com\/wp-content\/uploads\/2012\/02\/9574.jpg\" alt=\"\" width=\"304\" height=\"228\" \/><\/a><\/p>\n<p style=\"text-align: justify;\">\u0130zmir Karaba\u011flar Karakolu&#8217;nda Fevziye Cengiz&#8217;e \u015fiddet uygulayan polisler, idari soru\u015fturma sonucunda ayda 30 lirayla cezaland\u0131r\u0131ld\u0131. Cengiz&#8217;in avukat\u0131 Y\u0131ld\u0131r\u0131m, &#8220;Ger\u00e7ekten de \u00f6d\u00fcl gibi bir ceza. \u0130tiraz edece\u011fiz, gerekirse A\u0130HM s\u00fcrecini ba\u015flataca\u011f\u0131z&#8221; diyor.<\/p>\n<p style=\"text-align: justify;\">\u0130stanbul- \u0130zmir Karaba\u011flar Karakolu&#8217;nda Fevziye Cengiz&#8217;e elleri kelep\u00e7eliyken \u015fiddet uygulayan polislerle ilgili idari soru\u015fturma tamamland\u0131.\u00a0<!--more--><\/p>\n<p style=\"text-align: justify;\">Bianet&#8217;ten \u00c7i\u00e7ek Tahao\u011flu&#8217;nun haberine g\u00f6re, idari soru\u015fturma sonucunda s\u00f6z konusu iki polis memuru i\u00e7in 12 ay k\u0131dem tenzili cezas\u0131 istenirken, karakol personeli i\u00e7in disiplin cezas\u0131na gerek olmad\u0131\u011f\u0131 yaz\u0131yor.<\/p>\n<p style=\"text-align: justify;\">Bu da polislerin ayda 30 lira eksik para almas\u0131 ve bir y\u0131l ge\u00e7 emekli olmas\u0131 anlam\u0131na geliyor.<\/p>\n<p style=\"text-align: justify;\">Fevziye Cengiz&#8217;in avukat\u0131 Hanife Y\u0131ld\u0131r\u0131m, soru\u015fturma sonucunun kendilerine tebli\u011f edilmedi\u011fini, haberi gazetelerden \u00f6\u011frendi\u011fini s\u00f6yledi. Bunun idari s\u00fcre\u00e7 oldu\u011funu hat\u0131rlat\u0131rken, hukuki s\u00fcrecin devam etti\u011fini belirtti.<\/p>\n<p style=\"text-align: justify;\">Cezan\u0131n &#8220;\u00f6d\u00fcl gibi&#8221; oldu\u011funu belirten Y\u0131ld\u0131r\u0131m, bu cezaya itiraz edeceklerini, gerekirse Avrupa \u0130nsan Haklar\u0131 Mahkemesi&#8217;ne (A\u0130HM) ba\u015fvuracaklar\u0131n\u0131 a\u00e7\u0131klad\u0131:<\/p>\n<p style=\"text-align: justify;\">&#8220;Bu olay\u0131, bizim ba\u015f\u0131ndan beri itiraz etti\u011fimiz \u015fekilde i\u015fkence ve k\u00f6t\u00fc muameleye sokmadan, &#8216;karakola getirilenleri d\u00f6vmek&#8217; \u00fczerinden de\u011ferlendirmi\u015fler. Ger\u00e7ekten \u00f6d\u00fcl gibi bir ceza.<\/p>\n<p style=\"text-align: justify;\">&#8220;Disiplin soru\u015fturmalar\u0131nda konu i\u015fkence ve k\u00f6t\u00fc muamele \u00e7er\u00e7evesinde de\u011ferlendirildi\u011finde cezalar i\u015ften \u00e7\u0131kartmaya kadar gidiyor.<\/p>\n<p style=\"text-align: justify;\">&#8220;Disiplin soru\u015fturmalar\u0131yla ilgili \u015fikayet m\u00fcesseseleri d\u00fczenlenmemi\u015f ama biz yine de itiraz edece\u011fiz. Gerekirse sonras\u0131nda di\u011fer avukatlarla da g\u00f6r\u00fc\u015f\u00fcp A\u0130HM s\u00fcrecini ba\u015flataca\u011f\u0131z.<\/p>\n<p style=\"text-align: justify;\">&#8220;\u00c7\u00fcnk\u00fc yap\u0131lan uygulama ortada, kamera kayd\u0131 objektif bir kan\u0131tt\u0131r.<\/p>\n<p style=\"text-align: justify;\">&#8220;Davada bunun basit yaralama de\u011fil i\u015fkence oldu\u011funa dair itiraz\u0131m\u0131z vard\u0131. 15 \u015eubat&#8217;ta bu itiraz\u0131m\u0131z\u0131n sonucu belli olacak.&#8221;<\/p>\n<p style=\"text-align: justify;\"><strong>Ne olmu\u015ftu?\u00a0<\/strong><\/p>\n<p style=\"text-align: justify;\">Fevziye Cengiz, 16 Temmuz 2011&#8217;de \u0130zmir&#8217;de bir gece kul\u00fcb\u00fcnde e\u011flenirken kimli\u011fi yan\u0131nda olmad\u0131\u011f\u0131 i\u00e7in g\u00f6zalt\u0131na al\u0131nm\u0131\u015f ve g\u00f6t\u00fcr\u00fcld\u00fc\u011f\u00fc Karaba\u011flar Polis Merkezi&#8217;nde polis taraf\u0131ndan \u015fiddet g\u00f6rm\u00fc\u015ft\u00fc.<\/p>\n<p style=\"text-align: justify;\">Fevziye Cengiz olay\u0131n ard\u0131ndan sabah savc\u0131l\u0131\u011fa giderek polisler hakk\u0131nda su\u00e7 duyurusunda bulunmu\u015f ve bunun \u00fczerine polisler de Cengiz hakk\u0131nda &#8220;O da bizi tartaklad\u0131&#8221; diyerek \u015fik\u00e2yet\u00e7i olmu\u015ftu.<\/p>\n<p style=\"text-align: justify;\">9 Aral\u0131k 2011 tarihinde olay\u0131n g\u00f6r\u00fcnt\u00fcleri medyaya yans\u0131y\u0131nca \u015fiddet uygulayan sivil polisler Hakan Y\u00f6r\u00fck ve Beyit Sezgin ile olay\u0131 izleyen Karaba\u011flar Polis Karakolu memuru g\u00f6revden uzakla\u015ft\u0131r\u0131ld\u0131.<\/p>\n<p style=\"text-align: justify;\">Fevziye Cengiz hakk\u0131nda polislere &#8220;hakaret etti\u011fi, koluna eliyle vurdu\u011fu, t\u0131rmalad\u0131\u011f\u0131 ve itti\u011fi&#8221; gerek\u00e7esiyle 6.5 y\u0131la kadar hapis istemiyle dava a\u00e7\u0131l\u0131rken, polisler hakk\u0131nda 5 y\u0131l 9 ay hapis cezas\u0131 isteniyor.<\/p>\n<p style=\"text-align: justify;\"><a href=\"http:\/\/www.cumhuriyet.com.tr\/?hn=312756\" target=\"_blank\">Kaynak : Cumhuriyet Haber Portal\u0131<\/a><\/p>\n","protected":false},"excerpt":{"rendered":"<p style=\"text-align: center;\">\n<p style=\"text-align: justify;\">\u0130zmir Karaba\u011flar Karakolu&#8217;nda Fevziye Cengiz&#8217;e \u015fiddet uygulayan polisler, idari soru\u015fturma sonucunda ayda 30 lirayla cezaland\u0131r\u0131ld\u0131. Cengiz&#8217;in avukat\u0131 Y\u0131ld\u0131r\u0131m, &#8220;Ger\u00e7ekten de \u00f6d\u00fcl gibi bir ceza. \u0130tiraz edece\u011fiz, gerekirse A\u0130HM s\u00fcrecini ba\u015flataca\u011f\u0131z&#8221; diyor.<\/p>\n<p style=\"text-align: justify;\">\u0130stanbul- \u0130zmir Karaba\u011flar Karakolu&#8217;nda Fevziye Cengiz&#8217;e elleri kelep\u00e7eliyken \u015fiddet uygulayan polislerle ilgili idari soru\u015fturma tamamland\u0131. <\/p>\n","protected":false},"author":1,"featured_media":0,"comment_status":"open","ping_status":"open","sticky":false,"template":"","format":"standard","meta":{"footnotes":""},"categories":[105],"tags":[872],"class_list":["post-48224","post","type-post","status-publish","format-standard","hentry","category-gundem","tag-fevziye-cengiz","odd"],"_links":{"self":[{"href":"http:\/\/www.korhanyilmaz.com\/index.php?rest_route=\/wp\/v2\/posts\/48224","targetHints":{"allow":["GET"]}}],"collection":[{"href":"http:\/\/www.korhanyilmaz.com\/index.php?rest_route=\/wp\/v2\/posts"}],"about":[{"href":"http:\/\/www.korhanyilmaz.com\/index.php?rest_route=\/wp\/v2\/types\/post"}],"author":[{"embeddable":true,"href":"http:\/\/www.korhanyilmaz.com\/index.php?rest_route=\/wp\/v2\/users\/1"}],"replies":[{"embeddable":true,"href":"http:\/\/www.korhanyilmaz.com\/index.php?rest_route=%2Fwp%2Fv2%2Fcomments&post=48224"}],"version-history":[{"count":0,"href":"http:\/\/www.korhanyilmaz.com\/index.php?rest_route=\/wp\/v2\/posts\/48224\/revisions"}],"wp:attachment":[{"href":"http:\/\/www.korhanyilmaz.com\/index.php?rest_route=%2Fwp%2Fv2%2Fmedia&parent=48224"}],"wp:term":[{"taxonomy":"category","embeddable":true,"href":"http:\/\/www.korhanyilmaz.com\/index.php?rest_route=%2Fwp%2Fv2%2Fcategories&post=48224"},{"taxonomy":"post_tag","embeddable":true,"href":"http:\/\/www.korhanyilmaz.com\/index.php?rest_route=%2Fwp%2Fv2%2Ftags&post=48224"}],"curies":[{"name":"wp","href":"https:\/\/api.w.org\/{rel}","templated":true}]}}