{"id":48212,"date":"2012-02-01T13:10:32","date_gmt":"2012-02-01T11:10:32","guid":{"rendered":"http:\/\/www.korhanyilmaz.com\/?p=48212"},"modified":"2012-02-01T15:06:13","modified_gmt":"2012-02-01T13:06:13","slug":"meteoroloji-uyadi-bu-daha-bir-sey-degil","status":"publish","type":"post","link":"http:\/\/www.korhanyilmaz.com\/?p=48212","title":{"rendered":"Meteoroloji uyad\u0131 : Bu daha bir \u015fey de\u011fil!"},"content":{"rendered":"<p style=\"text-align: center;\"><a href=\"http:\/\/www.korhanyilmaz.com\/wp-content\/uploads\/2012\/02\/9572.jpg\"  class=\"lightview\"><img loading=\"lazy\" decoding=\"async\" class=\"aligncenter  wp-image-48213\" src=\"http:\/\/www.korhanyilmaz.com\/wp-content\/uploads\/2012\/02\/9572.jpg\" alt=\"\" width=\"280\" height=\"187\" \/><\/a><\/p>\n<p style=\"text-align: justify;\">Yar\u0131n (per\u015fembe) kar ya\u011f\u0131\u015f\u0131n\u0131n etki alan\u0131n\u0131 geni\u015fletece\u011fi ak\u015fam saatlerinde ise Marmara B\u00f6lgesi&#8217;nin tamam\u0131nda g\u00f6zlenece\u011fini \u00f6ng\u00f6r\u00fcl\u00fcyor.<\/p>\n<p style=\"text-align: justify;\">\u0130STANBUL &#8211; Tahminlere g\u00f6re b\u00f6lgedeki illerin tamam\u0131nda g\u00f6zlenecek kar ya\u011f\u0131\u015f\u0131 olduk\u00e7a da yo\u011fun. Meteorolojik tahmin istasyonlar\u0131ndan derlenen bilgilere g\u00f6re, \u00f6zellikle \u0130stanbul&#8217;da g\u00fcnlerdir etkili olan kar ya\u011f\u0131\u015f\u0131 yar\u0131ndan itibaren Marmara B\u00f6lgesi&#8217;nin tamam\u0131nda g\u00f6zlenecek.\u00a0<!--more--><\/p>\n<p style=\"text-align: justify;\"><strong>ED\u0130RNE, KIRLAREL\u0130, TEK\u0130RDA\u011e, \u00c7ANAKKALE, BALIKES\u0130R, \u0130STANBUL.. HER YERDE KAR VAR<\/strong><\/p>\n<p style=\"text-align: justify;\">G\u00fcnlerdir \u0130stanbul&#8217;u etkisi alt\u0131na alan kar ya\u011f\u0131\u015f\u0131 geceyar\u0131s\u0131ndan itibaren k\u0131sa da olsa bir soluk alacak, bu saatlerde ya\u011f\u0131\u015f yok.<\/p>\n<p style=\"text-align: justify;\">Ancak Marmara b\u00f6lgesi yar\u0131n sabah\u0131n erken saatlerinden itibaren yeni ve \u00e7ok etkili olaca\u011f\u0131 tahmin edilen kar ya\u011f\u0131\u015f\u0131yla y\u00fczy\u00fcze kalacak. \u00d6nce Edirne ard\u0131ndan t\u00fcm Marmara B\u00f6lgesi&#8217;nde yo\u011fun kar ya\u011f\u0131\u015f\u0131 bekleniyor.<\/p>\n<p style=\"text-align: justify;\"><strong>AK\u015eAM SAATLER\u0130NDE \u0130STANBUL&#8217;DA \u00c7OK ETK\u0130L\u0130 OLACAK<\/strong><\/p>\n<p style=\"text-align: justify;\">Per\u015fembe g\u00fcn\u00fc, her ge\u00e7en saat etkisini artt\u0131racak kar ya\u011f\u0131\u015f\u0131n\u0131n aral\u0131ks\u0131z s\u00fcrmesi, ak\u015fam saatlerinde ise \u0130stanbul&#8217;da \u00e7ok etkili ya\u011fmas\u0131 bekleniyor. Kentin tamam\u0131nda g\u00f6zlenecek bu ya\u011f\u0131\u015f\u0131n bug\u00fcne kadar ger\u00e7ekle\u015fen kar ya\u011f\u0131\u015f\u0131ndan daha de etkili olaca\u011f\u0131 tahmin ediliyor.<\/p>\n<p style=\"text-align: justify;\"><strong>CUMA G\u00dcN\u00dc KAR YOK<\/strong><\/p>\n<p style=\"text-align: justify;\">Per\u015fembe&#8217;yi Cuma&#8217;ya ba\u011flayan geceyar\u0131s\u0131ndan itibaren kar ya\u011f\u0131\u015f\u0131 etkisini azaltacak ve cuma g\u00fcn\u00fc Marmara B\u00f6lgesini&#8217;de \u0130stanbul&#8217;u da terkedecek.(dha)<\/p>\n<p style=\"text-align: justify;\"><a href=\"http:\/\/www.radikal.com.tr\/Radikal.aspx?aType=RadikalDetayV3&amp;ArticleID=1077418&amp;CategoryID=79\" target=\"_blank\">Kaynak : Radikal.com.tr<\/a><\/p>\n","protected":false},"excerpt":{"rendered":"<p style=\"text-align: center;\">\n<p style=\"text-align: justify;\">Yar\u0131n (per\u015fembe) kar ya\u011f\u0131\u015f\u0131n\u0131n etki alan\u0131n\u0131 geni\u015fletece\u011fi ak\u015fam saatlerinde ise Marmara B\u00f6lgesi&#8217;nin tamam\u0131nda g\u00f6zlenece\u011fini \u00f6ng\u00f6r\u00fcl\u00fcyor.<\/p>\n<p style=\"text-align: justify;\">\u0130STANBUL &#8211; Tahminlere g\u00f6re b\u00f6lgedeki illerin tamam\u0131nda g\u00f6zlenecek kar ya\u011f\u0131\u015f\u0131 olduk\u00e7a da yo\u011fun. Meteorolojik tahmin istasyonlar\u0131ndan derlenen bilgilere g\u00f6re, \u00f6zellikle \u0130stanbul&#8217;da g\u00fcnlerdir etkili olan kar ya\u011f\u0131\u015f\u0131 yar\u0131ndan itibaren Marmara B\u00f6lgesi&#8217;nin tamam\u0131nda g\u00f6zlenecek. <\/p>\n","protected":false},"author":1,"featured_media":0,"comment_status":"open","ping_status":"open","sticky":false,"template":"","format":"standard","meta":{"footnotes":""},"categories":[105],"tags":[],"class_list":["post-48212","post","type-post","status-publish","format-standard","hentry","category-gundem","odd"],"_links":{"self":[{"href":"http:\/\/www.korhanyilmaz.com\/index.php?rest_route=\/wp\/v2\/posts\/48212","targetHints":{"allow":["GET"]}}],"collection":[{"href":"http:\/\/www.korhanyilmaz.com\/index.php?rest_route=\/wp\/v2\/posts"}],"about":[{"href":"http:\/\/www.korhanyilmaz.com\/index.php?rest_route=\/wp\/v2\/types\/post"}],"author":[{"embeddable":true,"href":"http:\/\/www.korhanyilmaz.com\/index.php?rest_route=\/wp\/v2\/users\/1"}],"replies":[{"embeddable":true,"href":"http:\/\/www.korhanyilmaz.com\/index.php?rest_route=%2Fwp%2Fv2%2Fcomments&post=48212"}],"version-history":[{"count":0,"href":"http:\/\/www.korhanyilmaz.com\/index.php?rest_route=\/wp\/v2\/posts\/48212\/revisions"}],"wp:attachment":[{"href":"http:\/\/www.korhanyilmaz.com\/index.php?rest_route=%2Fwp%2Fv2%2Fmedia&parent=48212"}],"wp:term":[{"taxonomy":"category","embeddable":true,"href":"http:\/\/www.korhanyilmaz.com\/index.php?rest_route=%2Fwp%2Fv2%2Fcategories&post=48212"},{"taxonomy":"post_tag","embeddable":true,"href":"http:\/\/www.korhanyilmaz.com\/index.php?rest_route=%2Fwp%2Fv2%2Ftags&post=48212"}],"curies":[{"name":"wp","href":"https:\/\/api.w.org\/{rel}","templated":true}]}}