{"id":48208,"date":"2012-02-01T14:35:55","date_gmt":"2012-02-01T12:35:55","guid":{"rendered":"http:\/\/www.korhanyilmaz.com\/?p=48208"},"modified":"2012-02-01T14:59:12","modified_gmt":"2012-02-01T12:59:12","slug":"sac-kokunde-arsenik-kurek-kemiginde-kursun-yarasi","status":"publish","type":"post","link":"http:\/\/www.korhanyilmaz.com\/?p=48208","title":{"rendered":"Sa\u00e7 k\u00f6k\u00fcnde arsenik, k\u00fcrek kemi\u011finde kur\u015fun yaras\u0131&#8230;"},"content":{"rendered":"<p style=\"text-align: center;\"><a href=\"http:\/\/www.korhanyilmaz.com\/wp-content\/uploads\/2012\/02\/9568.jpg\"  class=\"lightview\"><img loading=\"lazy\" decoding=\"async\" class=\"aligncenter  wp-image-48209\" src=\"http:\/\/www.korhanyilmaz.com\/wp-content\/uploads\/2012\/02\/9568.jpg\" alt=\"\" width=\"420\" height=\"210\" \/><\/a><\/p>\n<p style=\"text-align: justify;\">Lojman\u0131nda \u00f6l\u00fc bulunan ve \u201cintihar etti\u011fi\u201d \u00f6ne s\u00fcr\u00fclen eski Tunceli Jandarma Alay Komutan\u0131 Albay Kaz\u0131m \u00c7illio\u011flu&#8217;nun mezar\u0131ndan al\u0131nan \u00f6rnekler \u00fczerinde inceleme yapan Adli T\u0131p Kurumu, raporunu \u00f6zel yetkili savc\u0131l\u0131\u011fa g\u00f6nderdi. Raporda, sa\u00e7 k\u00f6klerinde arseni\u011fe rastlanan \u00c7illio\u011flu&#8217;nun, k\u00fcrek kemi\u011finde kur\u015fun yaras\u0131 oldu\u011fu \u00f6ng\u00f6r\u00fclen delik ile kaburgalar\u0131nda k\u0131r\u0131k oldu\u011fu tespit edildi.\u00a0<!--more--><\/p>\n<p style=\"text-align: justify;\">Tunceli Jandarma Alay Komutanl\u0131\u011f\u0131 g\u00f6revini y\u00fcr\u00fctt\u00fc\u011f\u00fc 1994 y\u0131l\u0131nda lojman\u0131nda \u00f6l\u00fc bulunan Kaz\u0131m \u00c7illio\u011flu&#8217;nun intihar etti\u011fi ileri s\u00fcr\u00fclm\u00fc\u015ft\u00fc. Albay Kaz\u0131m \u00c7illio\u011flu&#8217;nun mezar\u0131n\u0131 a\u00e7t\u0131ran Malatya \u00d6zel Yetkili Ba\u015fsavc\u0131 Vekili \u00d6zden Do\u011fan, soru\u015fturma kapsam\u0131nda 150&#8217;nin \u00fczerinde ki\u015finin ifadesine ba\u015fvurdu.<\/p>\n<p style=\"text-align: justify;\">Savc\u0131l\u0131k talimat\u0131yla, \u00c7illio\u011flu&#8217;nun D\u00fczce&#8217;deki mezar\u0131ndan al\u0131nan \u00f6rneklere ili\u015fkin incelemelerini tamamlayan Adli T\u0131p Kurumu da, haz\u0131rlad\u0131\u011f\u0131 raporu Malatya \u00d6zel Yetkili Savc\u0131l\u0131\u011f\u0131&#8217;na g\u00f6nderdi. Raporda, \u201cKaz\u0131m \u00c7illio\u011flu&#8217;nun kafatas\u0131ndaki sa\u00e7 k\u00f6klerinde arseni\u011fe rastland\u0131\u011f\u0131, k\u00fcrek kemi\u011finde kur\u015fun yaras\u0131 oldu\u011fu \u00f6ng\u00f6r\u00fclen delik, kaburgalar\u0131nda k\u0131r\u0131lma oldu\u011funun belirlendi\u011fi\u201d bildirildi.<\/p>\n<p style=\"text-align: justify;\">Bu arada, soru\u015fturma kapsam\u0131nda savc\u0131l\u0131k talimat\u0131yla d\u00f6nemin Genelkurmay Ba\u015fkan\u0131 Orgeneral Do\u011fan G\u00fcre\u015f&#8217;in Ankara&#8217;da n\u00f6bet\u00e7i savc\u0131 taraf\u0131ndan ifadesinin al\u0131nd\u0131\u011f\u0131 \u00f6\u011frenildi.<\/p>\n<p style=\"text-align: justify;\"><strong>G\u00f6khan \u00c7illio\u011flu\u00a0<\/strong><\/p>\n<p style=\"text-align: justify;\">Albay Kaz\u0131m \u00c7illio\u011flu&#8217;nun o\u011flu G\u00f6khan \u00c7illio\u011flu, bu davay\u0131 bir\u00e7ok kez g\u00fcndeme getirdiklerini an\u0131msatarak, 1994 ile 1997 y\u0131llar\u0131 aras\u0131nda, ciddi anlamda bir soru\u015fturma yap\u0131lmas\u0131 i\u00e7in belli kurumlara ba\u015fvuruda bulunduklar\u0131n\u0131 s\u00f6yledi.<\/p>\n<p style=\"text-align: justify;\">12 Eyl\u00fcl referandumu sonras\u0131nda sivil yarg\u0131n\u0131n askeri soru\u015fturmaya bakmas\u0131n\u0131n g\u00fcndeme geldi\u011fini ve bunun \u00f6nlerini a\u00e7t\u0131\u011f\u0131n\u0131 ifade eden \u00c7illio\u011flu, \u201cAile olarak her zaman ayn\u0131 inan\u00e7tay\u0131z. Babam\u0131n hi\u00e7bir zaman intihar edece\u011fine inanm\u0131yoruz. Mezar a\u00e7\u0131ld\u0131\u011f\u0131 zaman babam\u0131n kabrinin ba\u015f\u0131ndayd\u0131m. Kemiklere savc\u0131n\u0131n uygun g\u00f6rd\u00fc\u011f\u00fc \u015fekilde dokunmad\u0131k. Sadece g\u00f6rebildi\u011fimiz kadar\u0131yla k\u00fcrek kemi\u011finde delik, sa\u011f kaburgalar\u0131nda da k\u0131r\u0131klar vard\u0131. Biz bu konuyu soru\u015fturman\u0131n gizlili\u011fi a\u00e7\u0131s\u0131ndan payla\u015fmad\u0131k. Adli T\u0131p Raporunu bekledik\u201d dedi.<\/p>\n<p style=\"text-align: justify;\"><strong>Olay\u00a0<\/strong><\/p>\n<p style=\"text-align: justify;\">Tunceli Jandarma Alay Komutanl\u0131\u011f\u0131 g\u00f6revini y\u00fcr\u00fct\u00fcrken 1994 y\u0131l\u0131nda lojman\u0131nda \u00f6l\u00fc bulunduktan sonra d\u0131\u015f otopsisi yap\u0131larak \u201cintihar etti\u011fi\u201d sonucuna var\u0131lan Kaz\u0131m \u00c7illio\u011flu ile ilgili soru\u015fturma dosyas\u0131, o\u011flu G\u00f6khan \u00c7illio\u011flu&#8217;nun m\u00fcracaat\u0131 \u00fczerine yeniden a\u00e7\u0131lm\u0131\u015ft\u0131.<\/p>\n<p style=\"text-align: justify;\">G\u00f6khan \u00c7illio\u011flu, 2010 y\u0131l\u0131 sonunda savc\u0131l\u0131\u011fa ba\u015fvurarak babas\u0131n\u0131n suikast sonucu \u00f6ld\u00fcr\u00fcld\u00fc\u011f\u00fcn\u00fc ileri s\u00fcrm\u00fc\u015ft\u00fc. Ailenin ba\u015fvurusu \u00fczerine Erzurum&#8217;a g\u00f6nderilen dosya, savc\u0131l\u0131k incelemesinin ard\u0131ndan g\u00f6revsizlik karar\u0131 verilerek Malatya&#8217;ya g\u00f6nderilmi\u015fti.<\/p>\n<p style=\"text-align: justify;\">Malatya \u00d6zel Yetkili Cumhuriyet Savc\u0131l\u0131\u011f\u0131 taraf\u0131ndan y\u00fcr\u00fct\u00fclen soru\u015fturma kapsam\u0131nda, olay\u0131n ya\u015fand\u0131\u011f\u0131 tarihte Tunceli Valisi olan At\u0131l \u00dcz\u00fclgen ile \u00e7ok say\u0131da ki\u015finin ifadelerine ba\u015fvurulmu\u015ftu.<\/p>\n<p style=\"text-align: justify;\"><span style=\"color: #888888;\">Haber :\u00a0Ensar \u00d6zdemir-\u00d6mer \u00dcrer \/AA<\/span><\/p>\n<p style=\"text-align: justify;\"><a href=\"http:\/\/haber.gazetevatan.com\/sac-kokunde-arsenik-kurek-kemiginde-kursun-yarasi\/428297\/1\/Gundem\" target=\"_blank\">Kaynak : VATAN Gazetesi<\/a><\/p>\n","protected":false},"excerpt":{"rendered":"<p style=\"text-align: center;\">\n<p style=\"text-align: justify;\">Lojman\u0131nda \u00f6l\u00fc bulunan ve \u201cintihar etti\u011fi\u201d \u00f6ne s\u00fcr\u00fclen eski Tunceli Jandarma Alay Komutan\u0131 Albay Kaz\u0131m \u00c7illio\u011flu&#8217;nun mezar\u0131ndan al\u0131nan \u00f6rnekler \u00fczerinde inceleme yapan Adli T\u0131p Kurumu, raporunu \u00f6zel yetkili savc\u0131l\u0131\u011fa g\u00f6nderdi. Raporda, sa\u00e7 k\u00f6klerinde arseni\u011fe rastlanan \u00c7illio\u011flu&#8217;nun, k\u00fcrek kemi\u011finde kur\u015fun yaras\u0131 oldu\u011fu \u00f6ng\u00f6r\u00fclen delik ile kaburgalar\u0131nda k\u0131r\u0131k oldu\u011fu tespit edildi. <\/p>\n","protected":false},"author":1,"featured_media":0,"comment_status":"open","ping_status":"open","sticky":false,"template":"","format":"standard","meta":{"footnotes":""},"categories":[105],"tags":[],"class_list":["post-48208","post","type-post","status-publish","format-standard","hentry","category-gundem","odd"],"_links":{"self":[{"href":"http:\/\/www.korhanyilmaz.com\/index.php?rest_route=\/wp\/v2\/posts\/48208","targetHints":{"allow":["GET"]}}],"collection":[{"href":"http:\/\/www.korhanyilmaz.com\/index.php?rest_route=\/wp\/v2\/posts"}],"about":[{"href":"http:\/\/www.korhanyilmaz.com\/index.php?rest_route=\/wp\/v2\/types\/post"}],"author":[{"embeddable":true,"href":"http:\/\/www.korhanyilmaz.com\/index.php?rest_route=\/wp\/v2\/users\/1"}],"replies":[{"embeddable":true,"href":"http:\/\/www.korhanyilmaz.com\/index.php?rest_route=%2Fwp%2Fv2%2Fcomments&post=48208"}],"version-history":[{"count":0,"href":"http:\/\/www.korhanyilmaz.com\/index.php?rest_route=\/wp\/v2\/posts\/48208\/revisions"}],"wp:attachment":[{"href":"http:\/\/www.korhanyilmaz.com\/index.php?rest_route=%2Fwp%2Fv2%2Fmedia&parent=48208"}],"wp:term":[{"taxonomy":"category","embeddable":true,"href":"http:\/\/www.korhanyilmaz.com\/index.php?rest_route=%2Fwp%2Fv2%2Fcategories&post=48208"},{"taxonomy":"post_tag","embeddable":true,"href":"http:\/\/www.korhanyilmaz.com\/index.php?rest_route=%2Fwp%2Fv2%2Ftags&post=48208"}],"curies":[{"name":"wp","href":"https:\/\/api.w.org\/{rel}","templated":true}]}}