{"id":48205,"date":"2012-02-01T12:36:25","date_gmt":"2012-02-01T10:36:25","guid":{"rendered":"http:\/\/www.korhanyilmaz.com\/?p=48205"},"modified":"2012-02-01T14:56:00","modified_gmt":"2012-02-01T12:56:00","slug":"dindar-bir-genclik-yetistirmek-istiyoruz","status":"publish","type":"post","link":"http:\/\/www.korhanyilmaz.com\/?p=48205","title":{"rendered":"&#8216;Dindar bir gen\u00e7lik yeti\u015ftirmek istiyoruz!&#8217;"},"content":{"rendered":"<p style=\"text-align: center;\"><a href=\"http:\/\/www.korhanyilmaz.com\/wp-content\/uploads\/2012\/02\/9570.jpg\"  class=\"lightview\"><img loading=\"lazy\" decoding=\"async\" class=\"aligncenter  wp-image-48206\" src=\"http:\/\/www.korhanyilmaz.com\/wp-content\/uploads\/2012\/02\/9570.jpg\" alt=\"\" width=\"420\" height=\"210\" \/><\/a><\/p>\n<p style=\"text-align: justify;\">Ba\u015fbakan Erdo\u011fan, partisinin il ba\u015fkanlar\u0131 toplant\u0131s\u0131nda konu\u015ftu. Erdo\u011fan &#8221;T\u00fcrkiye&#8217;ye gelmem&#8221; diyen ABD&#8217;li yazar Paul Auster verdi\u011fi yan\u0131tta &#8221;Yahu gelsen ne olur gelmesen ne olur. \u00c7ok mu muhtac\u0131z sana.&#8221; dedi<\/p>\n<p style=\"text-align: justify;\">S\u00f6zlerine &#8216;Ermeni soyk\u0131r\u0131m\u0131&#8217; iddialar\u0131n\u0131n inkar\u0131n\u0131 cezaland\u0131ran Fransa\u2019daki yasaya tepki g\u00f6stererek ba\u015flayan Ba\u015fbakan Erdo\u011fan, \u00e7\u0131kar\u0131lan yasan\u0131n alt\u0131nda bir \u0131rk\u00e7\u0131 zihniyet oldu\u011funu s\u00f6yledi.\u00a0<!--more--><\/p>\n<p style=\"text-align: justify;\">Sorunun Fransa&#8217;n\u0131n de\u011fil Avrupa&#8217;n\u0131n sorunu oldu\u011funu vurgulayan Erdo\u011fan, &#8220;T\u00fcrkiye\u2019nin dostlu\u011fu d\u00fcnyadaki her \u00fclke i\u00e7in \u00f6nemli bir payedir. K\u00fc\u00e7\u00fck insanlar i\u00e7in ise T\u00fcrkiye\u2019nin husumeti bile bir payedir. Yabanc\u0131 d\u00fc\u015fmanl\u0131\u011f\u0131 \u00fczerinden se\u00e7im kazanmak isteyenler, Avrupa\u2019n\u0131n ideallerine zarar verir&#8221; dedi.<\/p>\n<p style=\"text-align: justify;\"><strong>DERS\u0130M SORUNU\u00a0<\/strong><\/p>\n<p style=\"text-align: justify;\">Dersim konusunu tekrar a\u00e7mak istemedi\u011fini dile getiren Ba\u015fbakan, &#8220;Ben bu konuyu yeniden a\u00e7mak niyetinde de\u011filim. Bundan sonras\u0131 siyaset\u00e7ilerden ziyade tarih\u00e7ilerin konusudur. Tart\u0131\u015fman\u0131n esas\u0131n\u0131n \u0131skalad\u0131\u011f\u0131n\u0131 m\u00fc\u015fahade ediyoruz. Genelkurmay ar\u015fivlerini a\u00e7mak i\u00e7in haz\u0131rl\u0131klar\u0131n\u0131 s\u00fcrd\u00fcr\u00fcyor&#8221; diye konu\u015ftu.<\/p>\n<p style=\"text-align: justify;\">CHP&#8217;nin Dersim konusu nedeniyle &#8216;Ba\u015fbakan ge\u00e7mi\u015fle u\u011fra\u015fmas\u0131n, bug\u00fcne gelsin&#8217; diye tepki g\u00f6sterdi\u011fini hat\u0131rlatan Erdo\u011fan s\u00f6zlerini \u015f\u00f6yle s\u00fcrd\u00fcrd\u00fc: &#8220;Biz jakoben, elitist bir zihniyeti te\u015fhir ediyoruz. &#8216;D\u00fcn d\u00fcnde kalm\u0131\u015ft\u0131r&#8217; diyerek ge\u00e7mi\u015fi has\u0131ralt\u0131 etmek isteyenler var. Bunlar ellerine yetki ge\u00e7ti\u011finde meseleleri s\u00fcmenalt\u0131 ediyorlard\u0131. Bug\u00fcn Diyarbak\u0131r\u2019dan \u00e7\u0131kan kemikleri de toprak alt\u0131 yapmak istiyorlar. Dersim 1939\u2019da \u00fczeri kapat\u0131lm\u0131\u015f bir faciad\u0131r.&#8221;<\/p>\n<p style=\"text-align: justify;\"><strong>&#8216;ATAM \u0130Z\u0130NDEY\u0130Z&#8217;\u00a0<\/strong><\/p>\n<p style=\"text-align: justify;\">MHP&#8217;nin de Dersim konusunun konu\u015fulmas\u0131ndan CHP kadar rahats\u0131zl\u0131k duydu\u011funu dile getiren Ba\u015fbakan, &#8220;Cumhuriyet\u2019le hesapla\u015ft\u0131\u011f\u0131m\u0131z\u0131 iddia ediyorlar. Kimin Cumhuriyet\u2019e sahip \u00e7\u0131kt\u0131\u011f\u0131 son 9 y\u0131lda anla\u015f\u0131ld\u0131. Kimse kusura bakmas\u0131n, kimin Atat\u00fcrk\u2019e sahip \u00e7\u0131kt\u0131\u011f\u0131, kimin O\u2019nu kulland\u0131\u011f\u0131 a\u00e7\u0131kt\u0131r. Bunlar \u2018\u0130zindeyiz Atam\u2019 deyip, sabah ak\u015fam izin yapt\u0131lar&#8221; diye konu\u015ftu.<\/p>\n<p style=\"text-align: justify;\">Dersim, 27 May\u0131s, 1980 darbesi, 28 \u015eubat ve K\u00fcrt meselesinin \u0130ttihat ve Terakki zihniyetinin memlekete \u00f6detti\u011fi a\u011f\u0131r faturalar oldu\u011funu belirten Erdo\u011fan, &#8220;Biz 150 y\u0131ll\u0131k k\u00f6hne bir zihniyetle m\u00fccadele ediyoruz. Devletin t\u00fcm k\u0131lcal damarlar\u0131na kadar i\u015flemi\u015f bir zihniyetle m\u00fccadele ediyoruz. Kar\u015f\u0131m\u0131zda &#8216;Ter\u00f6r meselesini \u00e7\u00f6zme&#8217; diyen bir zihniyet var. Dersimli oldu\u011fu halde Dersim\u2019i a\u011fz\u0131na alamayan bir anlay\u0131\u015f var. Biz CHP&#8217;ye, MHP\u2019ye ve G\u00fcneydo\u011fu&#8217;nun CHP&#8217;si olmaya \u00e7al\u0131\u015fan BDP&#8217;ye ra\u011fmen bunu yap\u0131yoruz&#8221; diye konu\u015ftu.<\/p>\n<p style=\"text-align: justify;\">Erdo\u011fan s\u00f6zlerini \u015f\u00f6yle s\u00fcrd\u00fcrd\u00fc:<\/p>\n<p style=\"text-align: justify;\">&#8220;Biz Dersim dedi\u011fimiz zaman CHP Genel Ba\u015fkan\u0131 bize te\u015fekk\u00fcr eden Diyarbak\u0131r \u00f6rg\u00fct\u00fcn\u00fc g\u00f6revden ald\u0131. Dersim facias\u0131n\u0131n mimar\u0131 olan zihniyet seni oraya genel ba\u015fkan olarak \u00e7\u0131kard\u0131.<\/p>\n<p style=\"text-align: justify;\">\u00d6nce kulaklar\u0131n duymaya al\u0131\u015fs\u0131n. Benim ifademde dindar bir gen\u00e7lik yeti\u015ftirme var. Bunun arkas\u0131nday\u0131m. Ben dindar, dinsiz diye bir \u015fey demedim. Sen bizden muhafazakar AK Parti&#8217;den ateist bir rejim yeti\u015ftirmemizi mi bekliyorsun. Senin b\u00f6yle bir amac\u0131n olabilir. Biz tarihten gelen ilkelerine sahip \u00e7\u0131kan bir nesil i\u00e7in \u00e7al\u0131\u015f\u0131yoruz.<\/p>\n<p style=\"text-align: justify;\"><strong>&#8216;M\u0130LLET YARGIYA EL KOYDU&#8217;\u00a0<\/strong><\/p>\n<p style=\"text-align: justify;\">HSYK&#8217;ya Yarg\u0131tay&#8217;a Dan\u0131\u015ftay&#8217;a ate\u015f p\u00fcsk\u00fcr\u00fcyor. CHP yarg\u0131 kararlar\u0131n\u0131n ard\u0131ndan \u015feriat\u0131n kesti\u011fi parmak ac\u0131maz diyordu. Bize de parmak sall\u0131yordu. AK Parti&#8217;nin kapat\u0131lmas\u0131 i\u00e7in g\u00fcndem olu\u015funca Ankara&#8217;da yarg\u0131\u00e7lar var diyordu. Bug\u00fcn her yarg\u0131 karar\u0131na kar\u015f\u0131 \u00e7\u0131k\u0131yorlar. Neden?<\/p>\n<p style=\"text-align: justify;\">12 Eyl\u00fcl 2010&#8217;da millet yarg\u0131ya el koymu\u015ftur. Bug\u00fcnk\u00fc fark budur.<\/p>\n<p style=\"text-align: justify;\">Hani siz Atat\u00fcrk\u00e7\u00fcyd\u00fcn\u00fcz. Egemenlik Kay\u0131ts\u0131z \u015earts\u0131z Milletindir s\u00f6z\u00fc Atat\u00fcrk&#8217;\u00fcn de\u011fil mi? Niye sahip \u00e7\u0131km\u0131yorsunuz. Bunlar gece ba\u015fka g\u00fcnd\u00fcz ba\u015fka. Bunlar sirk cambaz\u0131.&#8221;<\/p>\n<p style=\"text-align: justify;\"><strong>&#8216;YARGI H\u00dcK\u00dcMET\u0130N EMR\u0130NDE DE\u011e\u0130L&#8217;\u00a0<\/strong><\/p>\n<p style=\"text-align: justify;\">&#8220;Siz hala 1940 \u00f6ncesindesiniz. \u0130stiklal Mahkemesi&#8217;nin vicdans\u0131z h\u00e2kimlerini kahraman ilan edenler bug\u00fcn \u00e7\u0131k\u0131p da ba\u011f\u0131ml\u0131 yarg\u0131dan bahsedemezler. Yass\u0131ada&#8217;n\u0131n yarg\u0131lamalar\u0131yla y\u00fczle\u015femeyenler kalk\u0131p da yarg\u0131y\u0131 ele\u015ftiremezler. Menemen&#8217;in pe\u015fine d\u00fc\u015fmeyenler Ergenekon&#8217;u Dan\u0131\u015ftay olay\u0131n\u0131 anlayamazlar.<\/p>\n<p style=\"text-align: justify;\">Dan\u0131\u015ftay olay\u0131 olunca kime sald\u0131rd\u0131lar. Bu \u00fclkenin dindarlar\u0131na, muhafazalar\u0131na sald\u0131rd\u0131lar. Arkas\u0131ndan ne \u00e7\u0131kt\u0131\u011f\u0131 ortada. \u0130ttihat Terakki zihniyetinin devam\u0131 \u00e7\u0131kt\u0131. Gidip kendi gazetelerini bombalayanlar \u00e7\u0131kt\u0131.<\/p>\n<p style=\"text-align: justify;\">Say\u0131n K\u0131l\u0131\u00e7daro\u011flu yarg\u0131n\u0131n h\u00fck\u00fcmetin emrine girdi\u011fi falan yok. Yarg\u0131 sizin militan tavr\u0131n\u0131zdan temizleniyor.<\/p>\n<p style=\"text-align: justify;\">\u015euan CHP&#8217;nin Grup Ba\u015fkanvekili diyor ki YARSAV\u2019\u0131n militan\u0131 olacak adam laz\u0131m bize diyor.<\/p>\n<p style=\"text-align: justify;\">Say\u0131n K\u0131l\u0131\u00e7daro\u011flu ge\u00e7 bu i\u015fleri. Art\u0131k mercek alt\u0131ndas\u0131n. Ad\u0131m ad\u0131m milletim taraf\u0131ndan takip ediliyorsun.<\/p>\n<p style=\"text-align: justify;\">12 Eyl\u00fcl 2010\u2019dan sonra militan yarg\u0131 d\u00f6nemi sona ermi\u015ftir. O d\u00f6nem millet taraf\u0131ndan tedav\u00fclden kald\u0131r\u0131lm\u0131\u015ft\u0131r.&#8221;<\/p>\n<p style=\"text-align: justify;\"><strong>&#8216;T\u00dcRK\u0130YE&#8217;Y\u0130 \u015e\u0130KAYET ED\u0130YOR&#8217;\u00a0<\/strong><\/p>\n<p style=\"text-align: justify;\">&#8220;\u0130\u00e7eride olan gazeteciler gazetecilik mesle\u011finden dolay\u0131 i\u00e7erde de\u011fil. \u00d6yle zanl\u0131lar var ki, bizzat ter\u00f6r eyleminin i\u00e7inde bulunmu\u015flar.<\/p>\n<p style=\"text-align: justify;\">\u00d6yle zanl\u0131lar var ki bizzat ter\u00f6r eyleminin i\u00e7inde bulunmu\u015flar, polis katletmi\u015fler. Bunlar\u0131n ceplerinden ter\u00f6r \u00f6rg\u00fct\u00fcn\u00fcn bas\u0131n kurulu\u015flar\u0131n\u0131n kimlikleri \u00e7\u0131k\u0131yor. Ter\u00f6r \u00f6rg\u00fct\u00fc de gazeteci tutukland\u0131 diye propaganda yap\u0131yor.<\/p>\n<p style=\"text-align: justify;\">T\u00fcrkiye&#8217;nin ana muhalefet partisinin genel ba\u015fkan\u0131 da gitti\u011fi her \u00fclkede, g\u00f6r\u00fc\u015ft\u00fc\u011f\u00fc her yabanc\u0131ya \u00fclkesini k\u00f6t\u00fcl\u00fcyor. \u00dclkesinde gazetecilerin tutuklu oldu\u011funu iddia ediyor. Orada da buna pek inanm\u0131yorlar.<\/p>\n<p style=\"text-align: justify;\">B\u00f6yle bir ana muhalefeti T\u00fcrkiye hi\u00e7 g\u00f6rmemi\u015fti. K\u0131l\u0131\u00e7daro\u011flu sayesinde bunu da g\u00f6rd\u00fc.<\/p>\n<p style=\"text-align: justify;\"><strong>&#8216;PAUL AUSTER \u0130SRA\u0130L&#8217;E G\u0130D\u0130YOR AMA&#8230;&#8217;\u00a0<\/strong><\/p>\n<p style=\"text-align: justify;\">Ge\u00e7enlerde yazar Paul Auster bir T\u00fcrk gazetesine r\u00f6portaj verdi. T\u00fcrkiye\u2019yi antidemokratik buldu\u011fu i\u00e7in gelmiyormu\u015f.<\/p>\n<p style=\"text-align: justify;\">Hapiste yatan gazeteciler y\u00fcz\u00fcnden T\u00fcrkiye&#8217;ye gelmiyorum. \u00c7in\u2019e de gitmiyorum. Aman! Biz sana \u00e7ok muhtac\u0131z. Gelsen ne olur gelmesen ne olur. T\u00fcrkiye irtifa m\u0131 kaybeder? K\u0131l\u0131\u00e7daro\u011flu da sahip \u00e7\u0131k\u0131yor. \u2018Onun g\u00f6rd\u00fc\u011f\u00fcn\u00fc baz\u0131lar\u0131 g\u00f6rm\u00fcyor\u2019 diyor. Tencere yuvarlanm\u0131\u015f kapa\u011f\u0131n\u0131 bulmu\u015f.<\/p>\n<p style=\"text-align: justify;\">Bu yazar en son 2010&#8217;da \u0130srail&#8217;e gitmi\u015f. G\u00fcya \u0130srail demokrat, laik, insan hak ve h\u00fcrriyetlerinin s\u0131n\u0131rs\u0131z oldu\u011fu bir \u00fclke. Sen ne cahil bir adams\u0131n. \u0130srail tam bir din devleti. Gazze&#8217;de bombalar ya\u011fd\u0131ran bunlar de\u011fil mi? Bizdeki K\u0131l\u0131\u00e7daro\u011flu g\u00f6rmezse onlar da g\u00f6rmez. Nas\u0131l oluyorsa \u0130srail&#8217;deki hak ihlallerini g\u00f6rm\u00fcyor.<\/p>\n<p style=\"text-align: justify;\">Bu y\u0131lki yazarlar konferans\u0131na da Auster ile K\u0131l\u0131\u00e7daro\u011flu birlikte gider.&#8221;<\/p>\n<p style=\"text-align: justify;\"><a href=\"http:\/\/haber.gazetevatan.com\/dindar-bir-genclik-yetistirmek-istiyoruz\/428268\/9\/Siyaset\" target=\"_blank\">Kaynak : VATAN Gazetesi<\/a><\/p>\n","protected":false},"excerpt":{"rendered":"<p style=\"text-align: center;\">\n<p style=\"text-align: justify;\">Ba\u015fbakan Erdo\u011fan, partisinin il ba\u015fkanlar\u0131 toplant\u0131s\u0131nda konu\u015ftu. Erdo\u011fan &#8221;T\u00fcrkiye&#8217;ye gelmem&#8221; diyen ABD&#8217;li yazar Paul Auster verdi\u011fi yan\u0131tta &#8221;Yahu gelsen ne olur gelmesen ne olur. \u00c7ok mu muhtac\u0131z sana.&#8221; dedi<\/p>\n<p style=\"text-align: justify;\">S\u00f6zlerine &#8216;Ermeni soyk\u0131r\u0131m\u0131&#8217; iddialar\u0131n\u0131n inkar\u0131n\u0131 cezaland\u0131ran Fransa\u2019daki yasaya tepki g\u00f6stererek ba\u015flayan Ba\u015fbakan Erdo\u011fan, \u00e7\u0131kar\u0131lan yasan\u0131n alt\u0131nda bir \u0131rk\u00e7\u0131 zihniyet <\/p>\n","protected":false},"author":1,"featured_media":0,"comment_status":"open","ping_status":"open","sticky":false,"template":"","format":"standard","meta":{"footnotes":""},"categories":[105],"tags":[],"class_list":["post-48205","post","type-post","status-publish","format-standard","hentry","category-gundem","odd"],"_links":{"self":[{"href":"http:\/\/www.korhanyilmaz.com\/index.php?rest_route=\/wp\/v2\/posts\/48205","targetHints":{"allow":["GET"]}}],"collection":[{"href":"http:\/\/www.korhanyilmaz.com\/index.php?rest_route=\/wp\/v2\/posts"}],"about":[{"href":"http:\/\/www.korhanyilmaz.com\/index.php?rest_route=\/wp\/v2\/types\/post"}],"author":[{"embeddable":true,"href":"http:\/\/www.korhanyilmaz.com\/index.php?rest_route=\/wp\/v2\/users\/1"}],"replies":[{"embeddable":true,"href":"http:\/\/www.korhanyilmaz.com\/index.php?rest_route=%2Fwp%2Fv2%2Fcomments&post=48205"}],"version-history":[{"count":0,"href":"http:\/\/www.korhanyilmaz.com\/index.php?rest_route=\/wp\/v2\/posts\/48205\/revisions"}],"wp:attachment":[{"href":"http:\/\/www.korhanyilmaz.com\/index.php?rest_route=%2Fwp%2Fv2%2Fmedia&parent=48205"}],"wp:term":[{"taxonomy":"category","embeddable":true,"href":"http:\/\/www.korhanyilmaz.com\/index.php?rest_route=%2Fwp%2Fv2%2Fcategories&post=48205"},{"taxonomy":"post_tag","embeddable":true,"href":"http:\/\/www.korhanyilmaz.com\/index.php?rest_route=%2Fwp%2Fv2%2Ftags&post=48205"}],"curies":[{"name":"wp","href":"https:\/\/api.w.org\/{rel}","templated":true}]}}