{"id":48202,"date":"2012-02-01T11:25:22","date_gmt":"2012-02-01T09:25:22","guid":{"rendered":"http:\/\/www.korhanyilmaz.com\/?p=48202"},"modified":"2012-02-01T14:52:38","modified_gmt":"2012-02-01T12:52:38","slug":"12-yasindaki-kiz-cocugunu-sozlesmeyle-satin-alip-tecavuz-etti","status":"publish","type":"post","link":"http:\/\/www.korhanyilmaz.com\/?p=48202","title":{"rendered":"12 ya\u015f\u0131ndaki k\u0131z \u00e7ocu\u011funu s\u00f6zle\u015fmeyle sat\u0131n al\u0131p tecav\u00fcz etti!"},"content":{"rendered":"<p style=\"text-align: center;\"><a href=\"http:\/\/www.korhanyilmaz.com\/wp-content\/uploads\/2012\/02\/9569.jpg\"  class=\"lightview\"><img loading=\"lazy\" decoding=\"async\" class=\"aligncenter  wp-image-48203\" src=\"http:\/\/www.korhanyilmaz.com\/wp-content\/uploads\/2012\/02\/9569.jpg\" alt=\"\" width=\"420\" height=\"210\" \/><\/a><\/p>\n<p style=\"text-align: justify;\">ANTALYA\u2019da 6 y\u0131l \u00f6nce 12 ya\u015f\u0131nda olan E.Y. adl\u0131 k\u0131z\u0131 babas\u0131 Osman Y.\u2019den 5 bin liraya ald\u0131ktan sonra sat\u0131\u015f s\u00f6zle\u015fmesi imzalatan in\u015faat malzemesi ticareti yapan 54 ya\u015f\u0131ndaki Yusuf A., tutukland\u0131.<\/p>\n<p style=\"text-align: justify;\">Bug\u00fcn 18 ya\u015f\u0131nda olan E.Y., iddiaya g\u00f6re 2006 y\u0131l\u0131nda, hen\u00fcz 12 ya\u015f\u0131ndayken babas\u0131 Osman Y. taraf\u0131ndan, o\u011flunun \u00e7al\u0131\u015ft\u0131\u011f\u0131 in\u015faat malzemeleri d\u00fckkan\u0131n\u0131n sahibi Yusuf A.\u2019ya 5 bin lira kar\u015f\u0131l\u0131\u011f\u0131nda sat\u0131ld\u0131.<!--more--><\/p>\n<p style=\"text-align: justify;\">K\u00fc\u00e7\u00fck k\u0131z\u0131n babas\u0131 ile i\u015fadam\u0131 aras\u0131nda yap\u0131lan sat\u0131\u015f, s\u00f6zle\u015fmeyle de imza alt\u0131na al\u0131nd\u0131. E.Y.\u2019nin vesikal\u0131k foto\u011fraf\u0131n\u0131n da yap\u0131\u015ft\u0131r\u0131ld\u0131\u011f\u0131 s\u00f6zle\u015fmeye, &#8220;K\u0131z\u0131m\u0131 5 milyon \u20195 bin TL\u2019 liraya satt\u0131m. 12 \u015eubat 2006 tarihi itibariyle k\u0131z\u0131m E.Y.\u2019yi Yusuf A.\u2019ya teslim ediyorum. Paray\u0131 pe\u015fin ald\u0131m. Yukar\u0131daki tarihten itibaren Yusuf A.\u2019n\u0131n kontrol\u00fcnde olacakt\u0131r. Baba olarak r\u0131za g\u00f6steriyorum\u2019 dedi. \u0130mzaland\u0131&#8221; diye yaz\u0131ld\u0131. S\u00f6zle\u015fmenin en alt\u0131na k\u00fc\u00e7\u00fck k\u0131z\u0131n ismi a\u00e7\u0131larak &#8220;E.Y.\u2019ye soruldu. \u2019Babam\u0131n r\u0131zas\u0131n\u0131 ben de kabul ediyorum\u2019 dedi. \u0130mzalad\u0131&#8221; diye yaz\u0131larak, k\u00fc\u00e7\u00fck k\u0131z\u0131n imzas\u0131 al\u0131nd\u0131.<\/p>\n<p style=\"text-align: justify;\"><strong>\u00d6\u011eRETMEN ORTAYA \u00c7IKARDI\u00a0<\/strong><\/p>\n<p style=\"text-align: justify;\">E\u015finden ayr\u0131ld\u0131\u011f\u0131 belirtilen 4 \u00e7ocuk babas\u0131 Yusuf A., k\u00fc\u00e7\u00fck k\u0131z\u0131 ilk olarak Kemer\u2019de bir otele g\u00f6t\u00fcrd\u00fc ve burada tecav\u00fcz etti. \u0130\u015fadam\u0131n\u0131n evinde tutulan ilk\u00f6\u011fretim 6\u2019nc\u0131 s\u0131n\u0131f \u00f6\u011frencisi E.Y.\u2019nin, durumu okuldaki \u00f6\u011fretmene anlatmas\u0131yla sat\u0131\u015f ve tecav\u00fcz ortaya \u00e7\u0131kt\u0131. Rehberlik \u00f6\u011fretmeninin s\u0131n\u0131fa, &#8220;Can\u0131n\u0131z\u0131 s\u0131kan bir olay\u0131 yazarak anlat\u0131n&#8221; sorusu \u00fczerine a\u011flayarak s\u0131n\u0131ftan ka\u00e7an E.Y., tuvalete sakland\u0131. Ard\u0131ndan giden \u00f6\u011fretmen, E.Y. ile konu\u015ftu. E.Y., a\u011fabeyinin patronuna babas\u0131 taraf\u0131ndan sat\u0131ld\u0131\u011f\u0131n\u0131 s\u00f6yleyip, Yusuf A\u2019n\u0131n kendisine tecav\u00fcz etti\u011fini anlatt\u0131.<\/p>\n<p style=\"text-align: justify;\"><strong>SAVCILIK \u0130FADELER\u0130\u00a0<\/strong><\/p>\n<p style=\"text-align: justify;\">\u00d6\u011fretmenlerin tutanak haz\u0131rlayarak olay\u0131 polise aktarmas\u0131n\u0131n ard\u0131ndan soru\u015fturma a\u00e7\u0131ld\u0131. \u0130fadesine ba\u015fvurulan baba Osman Y., \u015f\u00f6yle dedi:<\/p>\n<p style=\"text-align: justify;\">&#8220;O\u011flum \u0130smail Y., bu adam\u0131n yan\u0131nda \u00e7al\u0131\u015f\u0131yordu. \u0130tibarl\u0131 bir i\u015fadam\u0131d\u0131r. Yaz aylar\u0131nda k\u0131z\u0131m da, onun h\u0131rdavat ve in\u015faat malzemeleri satan d\u00fckkan\u0131nda \u00e7al\u0131\u015fmaya ba\u015flad\u0131. Bir g\u00fcn bana \u2019Ben derin devlet i\u00e7in \u00e7al\u0131\u015f\u0131yorum. Senin bu k\u0131z\u0131nda i\u015f var. Onu okutmak ve e\u011fitmek istiyoruz\u2019 dedi. K\u0131z\u0131m\u0131 benden zaman zaman alacaklar\u0131n\u0131 ve e\u011fiteceklerini s\u00f6yledi. Hatta bana derin devlet ad\u0131na baz\u0131 ka\u011f\u0131tlar da imzalatt\u0131. Ben k\u0131z\u0131m\u0131 satmad\u0131m. Onu zaman zaman \u00e7a\u011f\u0131r\u0131p, g\u00f6t\u00fcr\u00fcyordu.&#8221;<\/p>\n<p style=\"text-align: justify;\">Yusuf A. savc\u0131l\u0131kta, &#8220;Osman Y., yeni ev alm\u0131\u015ft\u0131. Bir g\u00fcn benim yan\u0131ma geldi ve k\u0131z\u0131n\u0131 satmas\u0131 gerekti\u011fini s\u00f6yledi. Ben de k\u0131z\u0131 kurtarmak i\u00e7in 5 bin lira verdim. Yar\u0131n ba\u015f\u0131m belaya girer diye de sat\u0131\u015f s\u00f6zle\u015fmesi yapt\u0131m ve babas\u0131na imzalatt\u0131m. K\u0131z\u0131 da imzalad\u0131. Ben yard\u0131mc\u0131 olmaya \u00e7al\u0131\u015ft\u0131m&#8221; diyerek ifade verdi.<\/p>\n<p style=\"text-align: justify;\"><strong>MAHKEMELER ARASINDA DOLA\u015eTI\u00a0<\/strong><\/p>\n<p style=\"text-align: justify;\">A\u00e7\u0131lan dava dosyas\u0131, 2006 y\u0131l\u0131ndan bu yana mahkemeler aras\u0131nda dola\u015ft\u0131 durdu. Olay yeri Kemer il\u00e7esi oldu\u011fu i\u00e7in Antalya Cumhuriyet Savc\u0131l\u0131\u011f\u0131, dosyay\u0131 Kemer Cumhuriyet Savc\u0131l\u0131\u011f\u0131\u2019na g\u00f6nderdi. Savc\u0131l\u0131\u011f\u0131n haz\u0131rlad\u0131\u011f\u0131 soru\u015fturma evrak\u0131 ile \u00f6nce Kemer Asliye Ceza Mahkemesi\u2019nde dava a\u00e7\u0131ld\u0131. Ancak, bu mahkemenin \u2019yetkisizlik\u2019 karar\u0131 vermesiyle dosya Antalya 4\u2019\u00fcnc\u00fc Asliye Ceza Mahkemesi\u2019ne geldi. Bu mahkemenin de \u2019g\u00f6revsizlik\u2019 karar\u0131yla dava Antalya 1\u2019inci A\u011f\u0131r Ceza Mahkemesi\u2019nde g\u00f6r\u00fclmeye ba\u015fland\u0131.<\/p>\n<p style=\"text-align: justify;\"><strong>&#8220;BABASI SATMAK \u0130STED\u0130&#8221;\u00a0<\/strong><\/p>\n<p style=\"text-align: justify;\">Dava ba\u015flad\u0131ktan sonra taraflar bulunamad\u0131. Osman Y.\u2019nin olaydan sonra e\u015fini ve \u00e7ocuklar\u0131n\u0131 alarak memleketi Sivas\u2019a g\u00f6\u00e7 etti\u011fi belirtildi. Gen\u00e7 k\u0131z\u0131n babas\u0131, talimatla al\u0131nan ifadesinde, Yusuf A.\u2019dan \u015fikayet\u00e7i oldu. Mahkeme bu arada tutuksuz yarg\u0131lanan Yusuf A.\u2019y\u0131 bulmaya \u00e7al\u0131\u015ft\u0131. Aradan 6 y\u0131l ge\u00e7tikten sonra i\u015fadam\u0131 Yusuf A. d\u00fcn ilk kez hakim kar\u015f\u0131s\u0131na \u00e7\u0131kt\u0131. Yusuf A., mahkemede Osman Y.\u2019nin k\u0131z\u0131n\u0131 satmaya \u00e7al\u0131\u015ft\u0131\u011f\u0131n\u0131 yineleyerek, \u015f\u00f6yle devam etti:<\/p>\n<p style=\"text-align: justify;\">&#8220;E.Y. yaz aylar\u0131nda a\u011fabeyi ile birlikte benim i\u015fyerimde \u00e7al\u0131\u015f\u0131yordu. Birg\u00fcn babas\u0131 geldi ve ev ald\u0131\u011f\u0131n\u0131 paraya s\u0131k\u0131\u015f\u0131k oldu\u011fu belirterek k\u0131z\u0131n\u0131 sataca\u011f\u0131n\u0131 s\u00f6yledi. Ben de \u2019Olur mu \u00f6yle \u015fey\u2019 dedim. Hemen oradan b\u0131\u00e7ak ald\u0131 ve k\u0131z\u0131n bo\u011faz\u0131na dayad\u0131. \u2019Ya sataca\u011f\u0131m, ya kesece\u011fim\u2019 dedi. Ben de k\u0131z\u0131 kurtarabilmek i\u00e7in atlad\u0131m ve b\u0131\u00e7a\u011f\u0131 al\u0131p, \u2019Tamam ben al\u0131r\u0131m bu k\u0131z\u0131\u2019 dedim. Ama ba\u015f\u0131m da belaya girmesin diye sat\u0131\u015f s\u00f6zle\u015fmesi yapt\u0131m.&#8221;<\/p>\n<p style=\"text-align: justify;\"><strong>MAHKEMEDE YALANLADI\u00a0<\/strong><\/p>\n<p style=\"text-align: justify;\">Antalya 1\u2019inci A\u011f\u0131r Ceza Mahkemesi hakimi Nihat Altu\u011f\u2019un, &#8220;Niye polise haber vermedin? Bak ifadelerinin baz\u0131 yerlerinde bu \u00e7ocu\u011fa kar\u015f\u0131 yapt\u0131klar\u0131n\u0131 itiraf etti\u011fin b\u00f6l\u00fcmler var&#8221; sorusuna Yusuf A., &#8220;Polis bana bask\u0131 yapt\u0131. Ben bask\u0131 alt\u0131nda ifade verdim&#8221; iddias\u0131nda bulundu. Yusuf A. &#8220;Ben k\u0131za bir \u015fey yapmad\u0131m. Otele g\u00f6t\u00fcrmedim. \u0130spatlas\u0131nlar g\u00f6t\u00fcrd\u00fc\u011f\u00fcm\u00fc&#8221; diyen Yusuf A.\u2019ya hakim Altu\u011f daha \u00f6nce tan\u0131k olarak dinlenen otelin resepsiyon g\u00f6revlisi Hakan Can ile sorumlusu Mustafa \u00d6nemli\u2019nin ifadelerini okudu. Can ve \u00d6nemli\u2019nin, k\u00fc\u00e7\u00fck k\u0131z ile otele gelen Yusuf A. ile ilgili olarak, &#8220;Bu ki\u015fi otelimize yan\u0131ndaki k\u00fc\u00e7\u00fck k\u0131z \u00e7ocu\u011fu ile geldi. Biz kimlik sordu\u011fumuzda bu ki\u015fi, \u00e7ocu\u011fun kendi k\u0131z\u0131 oldu\u011funu s\u00f6yledi, n\u00fcfus c\u00fczdan\u0131n\u0131 yan\u0131nda getirmedi\u011fini s\u00f6yledi. K\u00fc\u00e7\u00fck k\u0131z da yan\u0131nda suskun durunca biz de ger\u00e7ekten k\u0131z\u0131 zannederek oday\u0131 kendisine kiralad\u0131k. Bununla ilgili defter kayd\u0131m\u0131z mevcuttur&#8221; ifadesi i\u00e7in ne diyece\u011fi sorulan Yusuf A., &#8220;Tamam otele gittim ve orada kald\u0131m ama yan\u0131mda k\u0131z yoktu. K\u0131z\u0131n yan\u0131mda oldu\u011funu ispatlas\u0131nlar&#8221; dedi.<\/p>\n<p style=\"text-align: justify;\">Gen\u00e7 k\u0131z\u0131n nerede oldu\u011fu bilinmezken, Yusuf A. mahkemece tutukland\u0131, duru\u015fma mart ay\u0131na ertelendi.<\/p>\n<p style=\"text-align: justify;\"><span style=\"color: #888888;\">Haber :\u00a0Teslime TOSUN\/ANTALYA, (DHA)<\/span><\/p>\n<p style=\"text-align: justify;\"><a href=\"http:\/\/haber.gazetevatan.com\/12-yasindaki-kiz-cocugunu-sozlesmeyle-satin-alip-tecavuz-etti\/428254\/1\/Gundem\" target=\"_blank\">Kaynak : VATAN Gazetesi<\/a><\/p>\n","protected":false},"excerpt":{"rendered":"<p style=\"text-align: center;\">\n<p style=\"text-align: justify;\">ANTALYA\u2019da 6 y\u0131l \u00f6nce 12 ya\u015f\u0131nda olan E.Y. adl\u0131 k\u0131z\u0131 babas\u0131 Osman Y.\u2019den 5 bin liraya ald\u0131ktan sonra sat\u0131\u015f s\u00f6zle\u015fmesi imzalatan in\u015faat malzemesi ticareti yapan 54 ya\u015f\u0131ndaki Yusuf A., tutukland\u0131.<\/p>\n<p style=\"text-align: justify;\">Bug\u00fcn 18 ya\u015f\u0131nda olan E.Y., iddiaya g\u00f6re 2006 y\u0131l\u0131nda, hen\u00fcz 12 ya\u015f\u0131ndayken babas\u0131 Osman Y. taraf\u0131ndan, o\u011flunun \u00e7al\u0131\u015ft\u0131\u011f\u0131 <\/p>\n","protected":false},"author":1,"featured_media":0,"comment_status":"open","ping_status":"open","sticky":false,"template":"","format":"standard","meta":{"footnotes":""},"categories":[105],"tags":[],"class_list":["post-48202","post","type-post","status-publish","format-standard","hentry","category-gundem","odd"],"_links":{"self":[{"href":"http:\/\/www.korhanyilmaz.com\/index.php?rest_route=\/wp\/v2\/posts\/48202","targetHints":{"allow":["GET"]}}],"collection":[{"href":"http:\/\/www.korhanyilmaz.com\/index.php?rest_route=\/wp\/v2\/posts"}],"about":[{"href":"http:\/\/www.korhanyilmaz.com\/index.php?rest_route=\/wp\/v2\/types\/post"}],"author":[{"embeddable":true,"href":"http:\/\/www.korhanyilmaz.com\/index.php?rest_route=\/wp\/v2\/users\/1"}],"replies":[{"embeddable":true,"href":"http:\/\/www.korhanyilmaz.com\/index.php?rest_route=%2Fwp%2Fv2%2Fcomments&post=48202"}],"version-history":[{"count":0,"href":"http:\/\/www.korhanyilmaz.com\/index.php?rest_route=\/wp\/v2\/posts\/48202\/revisions"}],"wp:attachment":[{"href":"http:\/\/www.korhanyilmaz.com\/index.php?rest_route=%2Fwp%2Fv2%2Fmedia&parent=48202"}],"wp:term":[{"taxonomy":"category","embeddable":true,"href":"http:\/\/www.korhanyilmaz.com\/index.php?rest_route=%2Fwp%2Fv2%2Fcategories&post=48202"},{"taxonomy":"post_tag","embeddable":true,"href":"http:\/\/www.korhanyilmaz.com\/index.php?rest_route=%2Fwp%2Fv2%2Ftags&post=48202"}],"curies":[{"name":"wp","href":"https:\/\/api.w.org\/{rel}","templated":true}]}}