{"id":48176,"date":"2012-02-01T10:06:32","date_gmt":"2012-02-01T08:06:32","guid":{"rendered":"http:\/\/www.korhanyilmaz.com\/?p=48176"},"modified":"2012-02-01T11:41:00","modified_gmt":"2012-02-01T09:41:00","slug":"dev-yol-davasi-dustu","status":"publish","type":"post","link":"http:\/\/www.korhanyilmaz.com\/?p=48176","title":{"rendered":"Dev-Yol davas\u0131 d\u00fc\u015ft\u00fc!"},"content":{"rendered":"<p style=\"text-align: center;\"><a href=\"http:\/\/www.korhanyilmaz.com\/wp-content\/uploads\/2012\/02\/9562.jpg\"  class=\"lightview\"><img loading=\"lazy\" decoding=\"async\" class=\"aligncenter  wp-image-48177\" src=\"http:\/\/www.korhanyilmaz.com\/wp-content\/uploads\/2012\/02\/9562.jpg\" alt=\"\" width=\"345\" height=\"264\" \/><\/a><\/p>\n<p style=\"text-align: justify;\">Yarg\u0131tay 9. Ceza Dairesi, 30 y\u0131ld\u0131r devam eden Dev-Yol davas\u0131n\u0131n zaman a\u015f\u0131m\u0131ndan d\u00fc\u015f\u00fcr\u00fclmesine karar verdi.<\/p>\n<p style=\"text-align: justify;\">Ankara 6. A\u011f\u0131r Ceza Mahkemesi&#8217;nin direnme karar\u0131n\u0131n ard\u0131ndan Yarg\u0131tay 9. Ceza Dairesi&#8217;nde yeniden g\u00f6r\u00fclmeye ba\u015flanan davan\u0131n bug\u00fcn karar duru\u015fmas\u0131 yap\u0131ld\u0131.\u00a0<!--more--><\/p>\n<p style=\"text-align: justify;\">Duru\u015fmaya, t\u00fcm san\u0131klar ile avukatlar\u0131 \u015eanal Sar\u0131han ve Mehdi Bekta\u015f kat\u0131ld\u0131.<\/p>\n<p style=\"text-align: justify;\">Yarg\u0131tay 9. Ceza Dairesi Ba\u015fkan\u0131 Ekrem Ertu\u011frul, dairenin oy birli\u011fiyle ald\u0131\u011f\u0131 karar\u0131 okudu. Ertu\u011frul, davada zaman a\u015f\u0131m\u0131 s\u00fcresini eylem tarihinden itibaren ele ald\u0131klar\u0131n\u0131 belirtti.<\/p>\n<p style=\"text-align: justify;\">Daire Ba\u015fkan\u0131 Ertu\u011frul, davan\u0131n t\u00fcm san\u0131klar y\u00f6n\u00fcnden zaman a\u015f\u0131m\u0131ndan d\u00fc\u015f\u00fcr\u00fclmesine oy birli\u011fiyle karar verildi\u011fini a\u00e7\u0131klad\u0131.<\/p>\n<p style=\"text-align: justify;\">Baz\u0131 san\u0131k yak\u0131nlar\u0131n\u0131n karar\u0131n a\u00e7\u0131klanmas\u0131n\u0131n ard\u0131ndan a\u011flad\u0131klar\u0131 g\u00f6r\u00fcld\u00fc.<\/p>\n<p style=\"text-align: justify;\"><a href=\"http:\/\/www.cnnturk.com\/2012\/turkiye\/02\/01\/dev.yol.davasi.dustu\/647258.0\/index.html\" target=\"_blank\">Kaynak : CNN T\u00dcRK<\/a><\/p>\n","protected":false},"excerpt":{"rendered":"<p style=\"text-align: center;\">\n<p style=\"text-align: justify;\">Yarg\u0131tay 9. Ceza Dairesi, 30 y\u0131ld\u0131r devam eden Dev-Yol davas\u0131n\u0131n zaman a\u015f\u0131m\u0131ndan d\u00fc\u015f\u00fcr\u00fclmesine karar verdi.<\/p>\n<p style=\"text-align: justify;\">Ankara 6. A\u011f\u0131r Ceza Mahkemesi&#8217;nin direnme karar\u0131n\u0131n ard\u0131ndan Yarg\u0131tay 9. Ceza Dairesi&#8217;nde yeniden g\u00f6r\u00fclmeye ba\u015flanan davan\u0131n bug\u00fcn karar duru\u015fmas\u0131 yap\u0131ld\u0131. <\/p>\n","protected":false},"author":1,"featured_media":0,"comment_status":"open","ping_status":"open","sticky":false,"template":"","format":"standard","meta":{"footnotes":""},"categories":[105],"tags":[],"class_list":["post-48176","post","type-post","status-publish","format-standard","hentry","category-gundem","odd"],"_links":{"self":[{"href":"http:\/\/www.korhanyilmaz.com\/index.php?rest_route=\/wp\/v2\/posts\/48176","targetHints":{"allow":["GET"]}}],"collection":[{"href":"http:\/\/www.korhanyilmaz.com\/index.php?rest_route=\/wp\/v2\/posts"}],"about":[{"href":"http:\/\/www.korhanyilmaz.com\/index.php?rest_route=\/wp\/v2\/types\/post"}],"author":[{"embeddable":true,"href":"http:\/\/www.korhanyilmaz.com\/index.php?rest_route=\/wp\/v2\/users\/1"}],"replies":[{"embeddable":true,"href":"http:\/\/www.korhanyilmaz.com\/index.php?rest_route=%2Fwp%2Fv2%2Fcomments&post=48176"}],"version-history":[{"count":0,"href":"http:\/\/www.korhanyilmaz.com\/index.php?rest_route=\/wp\/v2\/posts\/48176\/revisions"}],"wp:attachment":[{"href":"http:\/\/www.korhanyilmaz.com\/index.php?rest_route=%2Fwp%2Fv2%2Fmedia&parent=48176"}],"wp:term":[{"taxonomy":"category","embeddable":true,"href":"http:\/\/www.korhanyilmaz.com\/index.php?rest_route=%2Fwp%2Fv2%2Fcategories&post=48176"},{"taxonomy":"post_tag","embeddable":true,"href":"http:\/\/www.korhanyilmaz.com\/index.php?rest_route=%2Fwp%2Fv2%2Ftags&post=48176"}],"curies":[{"name":"wp","href":"https:\/\/api.w.org\/{rel}","templated":true}]}}