{"id":48173,"date":"2012-02-01T10:50:25","date_gmt":"2012-02-01T08:50:25","guid":{"rendered":"http:\/\/www.korhanyilmaz.com\/?p=48173"},"modified":"2012-02-01T11:34:51","modified_gmt":"2012-02-01T09:34:51","slug":"sira-genclige-hitabede","status":"publish","type":"post","link":"http:\/\/www.korhanyilmaz.com\/?p=48173","title":{"rendered":"S\u0131ra &#8216;Gen\u00e7li\u011fe Hitabe&#8217;de!"},"content":{"rendered":"<p style=\"text-align: center;\"><a href=\"http:\/\/www.korhanyilmaz.com\/wp-content\/uploads\/2012\/02\/9561.jpg\"  class=\"lightview\"><img loading=\"lazy\" decoding=\"async\" class=\"aligncenter  wp-image-48174\" src=\"http:\/\/www.korhanyilmaz.com\/wp-content\/uploads\/2012\/02\/9561.jpg\" alt=\"\" width=\"306\" height=\"234\" \/><\/a><\/p>\n<p style=\"text-align: justify;\">Milli E\u011fitim Bakanl\u0131\u011f\u0131\u2019n\u0131n (MEB), kanun h\u00fckm\u00fcnde kararnameyle (KHK) Te\u015fkilat Yasas\u0131\u2019ndan by-pass etti\u011fi \u201cAtat\u00fcrk ilke ve ilkelerine ba\u011fl\u0131 yurtta\u015f yeti\u015ftirme amac\u0131\u201d \u00f6zel okullara da yans\u0131d\u0131. MEB \u00d6zel E\u011fitim Kurumlar\u0131 Genel M\u00fcd\u00fcrl\u00fc\u011f\u00fc\u2019nce haz\u0131rlanan y\u00f6netmelik tasla\u011f\u0131nda pek \u00e7ok tart\u0131\u015fmal\u0131 d\u00fczenleme yer al\u0131yor.\u00a0<!--more--><\/p>\n<p style=\"text-align: justify;\"><span style=\"text-decoration: underline;\">Bunlardan baz\u0131lar\u0131 \u015f\u00f6yle<\/span>:<\/p>\n<p style=\"text-align: justify;\">\u2022 <strong>\u00d6zel okullarda Atat\u00fcrk\u2019e t\u0131rpan:<\/strong> \u00d6zel okullar\u0131n ama\u00e7lar\u0131 aras\u0131nda yer alan \u201c\u00d6\u011frencileri Atat\u00fcrk ink\u0131l\u00e2p ve ilkelerine ve anayasada ifadesini bulan Atat\u00fcrk milliyet\u00e7ili\u011fine ba\u011fl\u0131; T\u00fcrk milletinin milli, ahlaki, insani, manevi ve k\u00fclt\u00fcrel de\u011ferlerini benimseyen, koruyan ve geli\u015ftiren; ailesini, vatan\u0131n\u0131, milletini seven ve daima y\u00fcceltmeye \u00e7al\u0131\u015fan; insan haklar\u0131na ve anayasan\u0131n ba\u015flang\u0131c\u0131ndaki temel ilkelere dayanan demokratik, laik ve sosyal bir hukuk devleti olan T\u00fcrkiye Cumhuriyeti\u2019ne kar\u015f\u0131 g\u00f6rev ve sorumluluklar\u0131n\u0131 bilen ve bunlar\u0131 davran\u0131\u015f haline getirmi\u015f yurtta\u015flar olarak yeti\u015ftirmektir\u201d ifadesi \u00e7\u0131kar\u0131ld\u0131.<\/p>\n<p style=\"text-align: justify;\">\u2022 <strong>Atat\u00fcrk k\u00f6\u015fesine by-pass:<\/strong> \u00d6zel okullardaki Atat\u00fcrk k\u00f6\u015fesinin ayr\u0131nt\u0131l\u0131 olararak d\u00fczenlenmesine ili\u015fkin h\u00fck\u00fcmlerin tamam\u0131 \u00e7\u0131kar\u0131l\u0131rken, Atat\u00fcrk k\u00f6\u015fesinin kurumlar\u0131n giri\u015finde temiz, d\u00fczenli ve kolayca g\u00f6r\u00fclebilecek en uygun yerde olu\u015fturulmas\u0131 \u00f6ng\u00f6r\u00fcld\u00fc. Mevcut y\u00f6netmelikte, \u00f6zel ilk\u00f6\u011fretim okullar\u0131nda Atat\u00fcrk k\u00f6\u015felerinin okul binas\u0131n\u0131n giri\u015finde uygun bir yerde, temiz, d\u00fczenli, Atat\u00fcrk\u2019\u00fcn hayat\u0131n\u0131, ink\u0131l\u00e2plar\u0131n\u0131 yans\u0131tacak ve anlaml\u0131 bir kompozisyon olu\u015fturacak \u015fekilde d\u00fczenlenmesi h\u00fckm\u00fc yer al\u0131yor.<\/p>\n<p style=\"text-align: justify;\">\u2022 <strong>Gen\u00e7li\u011fe Hitabe kalk\u0131yor:<\/strong> \u00d6zel orta\u00f6\u011fretim okullar\u0131ndaki Atat\u00fcrk k\u00f6\u015felerinden Atat\u00fcrk\u2019\u00fcn Gen\u00e7li\u011fe Hitabesi&#8217;nin kald\u0131r\u0131lmas\u0131n\u0131 \u00f6ng\u00f6r\u00fcyor. Mevcut y\u00f6netmelikte \u00f6zel orta\u00f6\u011fretim okullar\u0131nda Atat\u00fcrk k\u00f6\u015fesinin zeminden y\u00fcksekte olmas\u0131, Atat\u00fcrk b\u00fcst\u00fc veya mask\u0131n\u0131n konulmas\u0131, Atat\u00fcrk\u2019\u00fcn foto\u011fraf\u0131, T\u00fcrk bayra\u011f\u0131, \u0130stiklal Mar\u015f\u0131 ve Atat\u00fcrk\u2019\u00fcn Gen\u00e7li\u011fe Hitabesi&#8217;nin uygun bi\u00e7imde as\u0131lmas\u0131, madalyon, grav\u00fcr, Atat\u00fcrk\u2019\u00fcn e\u011fitimle ilgili s\u00f6zlerine yer verilmesine ili\u015fkin h\u00fck\u00fcmler bulunurken, taslakta bu h\u00fck\u00fcmlerin tamam\u0131 \u00e7\u0131kar\u0131lm\u0131\u015f durumda.<\/p>\n<p style=\"text-align: justify;\">\u2022 <strong>Yabanc\u0131 okul adlar\u0131na vize:<\/strong> \u00d6zel \u00f6\u011fretim kurumlar\u0131na verilecek adlar\u0131n \u201cT\u00fcrk\u00e7e olmas\u0131\u201d \u015fart\u0131 kald\u0131r\u0131ld\u0131.<\/p>\n<p style=\"text-align: justify;\"><a href=\"http:\/\/www.cumhuriyet.com.tr\/?hn=312284\" target=\"_blank\">Kaynak : Mahmut L\u0131cal\u0131 &#8211; Cumhuriyet Haber Portal\u0131<\/a><\/p>\n","protected":false},"excerpt":{"rendered":"<p style=\"text-align: center;\">\n<p style=\"text-align: justify;\">Milli E\u011fitim Bakanl\u0131\u011f\u0131\u2019n\u0131n (MEB), kanun h\u00fckm\u00fcnde kararnameyle (KHK) Te\u015fkilat Yasas\u0131\u2019ndan by-pass etti\u011fi \u201cAtat\u00fcrk ilke ve ilkelerine ba\u011fl\u0131 yurtta\u015f yeti\u015ftirme amac\u0131\u201d \u00f6zel okullara da yans\u0131d\u0131. MEB \u00d6zel E\u011fitim Kurumlar\u0131 Genel M\u00fcd\u00fcrl\u00fc\u011f\u00fc\u2019nce haz\u0131rlanan y\u00f6netmelik tasla\u011f\u0131nda pek \u00e7ok tart\u0131\u015fmal\u0131 d\u00fczenleme yer al\u0131yor. <\/p>\n","protected":false},"author":1,"featured_media":0,"comment_status":"open","ping_status":"open","sticky":false,"template":"","format":"standard","meta":{"footnotes":""},"categories":[105],"tags":[],"class_list":["post-48173","post","type-post","status-publish","format-standard","hentry","category-gundem","odd"],"_links":{"self":[{"href":"http:\/\/www.korhanyilmaz.com\/index.php?rest_route=\/wp\/v2\/posts\/48173","targetHints":{"allow":["GET"]}}],"collection":[{"href":"http:\/\/www.korhanyilmaz.com\/index.php?rest_route=\/wp\/v2\/posts"}],"about":[{"href":"http:\/\/www.korhanyilmaz.com\/index.php?rest_route=\/wp\/v2\/types\/post"}],"author":[{"embeddable":true,"href":"http:\/\/www.korhanyilmaz.com\/index.php?rest_route=\/wp\/v2\/users\/1"}],"replies":[{"embeddable":true,"href":"http:\/\/www.korhanyilmaz.com\/index.php?rest_route=%2Fwp%2Fv2%2Fcomments&post=48173"}],"version-history":[{"count":0,"href":"http:\/\/www.korhanyilmaz.com\/index.php?rest_route=\/wp\/v2\/posts\/48173\/revisions"}],"wp:attachment":[{"href":"http:\/\/www.korhanyilmaz.com\/index.php?rest_route=%2Fwp%2Fv2%2Fmedia&parent=48173"}],"wp:term":[{"taxonomy":"category","embeddable":true,"href":"http:\/\/www.korhanyilmaz.com\/index.php?rest_route=%2Fwp%2Fv2%2Fcategories&post=48173"},{"taxonomy":"post_tag","embeddable":true,"href":"http:\/\/www.korhanyilmaz.com\/index.php?rest_route=%2Fwp%2Fv2%2Ftags&post=48173"}],"curies":[{"name":"wp","href":"https:\/\/api.w.org\/{rel}","templated":true}]}}