{"id":48152,"date":"2012-01-30T12:52:56","date_gmt":"2012-01-30T10:52:56","guid":{"rendered":"http:\/\/www.korhanyilmaz.com\/?p=48152"},"modified":"2012-01-30T13:16:14","modified_gmt":"2012-01-30T11:16:14","slug":"milli-gazeteden-heykel-yikma-kampanyasi","status":"publish","type":"post","link":"http:\/\/www.korhanyilmaz.com\/?p=48152","title":{"rendered":"Milli Gazete&#8217;den heykel y\u0131kma kampanyas\u0131"},"content":{"rendered":"<p style=\"text-align: center;\"><a href=\"http:\/\/www.korhanyilmaz.com\/wp-content\/uploads\/2012\/01\/9557.jpg\"  class=\"lightview\"><img loading=\"lazy\" decoding=\"async\" class=\" wp-image-48154 aligncenter\" src=\"http:\/\/www.korhanyilmaz.com\/wp-content\/uploads\/2012\/01\/9557.jpg\" alt=\"\" width=\"396\" height=\"198\" \/><\/a><\/p>\n<p style=\"text-align: justify;\">Edirne\u2019de muhafazakar \u00e7evreler, T\u00fcrk Kad\u0131nlar Birli\u011fi Edirne \u015fubesi taraf\u0131ndan cumhuriyetin 80. y\u0131l\u0131 an\u0131s\u0131na Fatih mahallesine yap\u0131lan \u201c\u00d6zg\u00fcr ve \u00c7a\u011fda\u015f Kad\u0131n\u201d heykelinin kald\u0131r\u0131lmas\u0131 i\u00e7in \u00e7al\u0131\u015fma ba\u015flatt\u0131. Milli Gazete\u2019nin haberinde; \u201cba\u015f\u00f6rt\u00fcs\u00fcn\u00fc atan erotik\u201d kad\u0131n heykeliyle \u00e7a\u011fda\u015fl\u0131k kisvesi alt\u0131nda T\u00fcrk halk\u0131n\u0131n manevi de\u011ferleriyle alay edildi\u011fi savunularak heykelin bir an \u00f6nce kald\u0131r\u0131lmas\u0131 istendi. Ayr\u0131ca habere g\u00f6re istenmedi\u011fi i\u00e7in halk\u0131n defalarca k\u0131rd\u0131\u011f\u0131 ve y\u0131kt\u0131\u011f\u0131 heykel, birlik taraf\u0131ndan her seferinde yeniden yap\u0131lm\u0131\u015f.\u00a0<!--more--><\/p>\n<p style=\"text-align: justify;\"><a href=\"http:\/\/www.korhanyilmaz.com\/wp-content\/uploads\/2012\/01\/9556.jpg\"  class=\"lightview\"><img loading=\"lazy\" decoding=\"async\" class=\"alignleft  wp-image-48153\" style=\"margin-left: 10px; margin-right: 10px;\" src=\"http:\/\/www.korhanyilmaz.com\/wp-content\/uploads\/2012\/01\/9556.jpg\" alt=\"\" width=\"240\" height=\"187\" \/><\/a>Milli Gazete\u2019nin \u00fcst ba\u015fl\u0131\u011f\u0131nda \u201c\u00c7a\u011fda\u015f yobazl\u0131\u011f\u0131 yans\u0131tan bu heykel serhat \u015fehri Edirne\u2019ye yak\u0131\u015fm\u0131yor\u201d dedi\u011fi ve \u201cYobazl\u0131\u011f\u0131n Heykeli\u201d ba\u015fl\u0131kl\u0131 haber \u015f\u00f6yle:<\/p>\n<p style=\"text-align: justify;\">Osmanl\u0131&#8217;ya 92 y\u0131l ba\u015fkentlik yapm\u0131\u015f olan serhat \u015fehri Edirne&#8217;de milletimizin manevi de\u011ferleriyle alay edercesine T\u00fcrk Kad\u0131nlar Birli\u011fi taraf\u0131ndan \u00e7a\u011fda\u015fl\u0131k kisvesi alt\u0131nda &#8216;Ba\u015f\u00f6rt\u00fcs\u00fcn\u00fc atan erotik kad\u0131n heykeli&#8217; dikildi. Sivil toplum kurulu\u015flar\u0131 ve vatanda\u015flar, adeta \u00c7a\u011fda\u015f Yobazl\u0131\u011f\u0131n yans\u0131mas\u0131 olan bu heykelin Edirne&#8217;ye yak\u0131\u015fmad\u0131\u011f\u0131n\u0131 ve derhal kald\u0131r\u0131lmas\u0131n\u0131 istiyor.<\/p>\n<p style=\"text-align: justify;\">Osmanl\u0131&#8217;ya 92 y\u0131l Ba\u015fkentlik etmi\u015f serhat \u015fehir Edirne&#8217;nin Fatih Mahallesinde skandal yaratacak bir heykelin oldu\u011fu ortaya \u00e7\u0131kt\u0131. T\u00fcrk Kad\u0131nlar Birli\u011fi Edirne \u015eubesi taraf\u0131ndan 20 Ocak 2004 y\u0131l\u0131nda yapt\u0131r\u0131lan &#8220;ba\u015f\u00f6rt\u00fcs\u00fcn\u00fc ba\u015f\u0131ndan atan erotik&#8221; bir kad\u0131n heykelinin oldu\u011fu g\u00f6r\u00fcld\u00fc. \u0130lk g\u00f6r\u00fc\u015fte insanlar\u0131m\u0131z pek fark etmeseler de dikkatli bak\u0131nca insanlar\u0131 \u015foka sokan bu heykel inan\u00e7l\u0131 ya\u015fayan insanlar\u0131n tepkisini \u00e7ekti. Ba\u015f\u00f6rt\u00fcl\u00fc kad\u0131nlar\u0131 rencide etmek amac\u0131yla yap\u0131lan bu heykelin alt\u0131na &#8220;\u00d6zg\u00fcr ve \u00c7a\u011fda\u015f Kad\u0131n &#8221; yaz\u0131lm\u0131\u015ft\u0131. Ge\u00e7ti\u011fimiz y\u0131llarda kimli\u011fi belirsiz bir vatanda\u015f halat ba\u011flay\u0131p heykeli yerinden s\u00f6km\u00fc\u015ft\u00fc. Daha sonra T\u00fcrk Kad\u0131nlar birli\u011fi tekrar o heykeli yapt\u0131rd\u0131 fakat tepkilerden dolay\u0131 &#8220;\u00d6zg\u00fcr ve \u00c7a\u011fda\u015f Kad\u0131n&#8221; yaz\u0131s\u0131n\u0131 kald\u0131rd\u0131klar\u0131 \u00f6\u011frenildi. Edirne denilince akla Osmanl\u0131 ve Selimiye ba\u015fta olmak \u00fczere \u00f6nemli mimari \u00f6zelliklere sahip manevi mek\u00e2nlar gelirken yap\u0131lan bu sapk\u0131n ve ahlaks\u0131z erotik heykel insanlar\u0131 derinden yaral\u0131yor. Yap\u0131lan bu ahlaks\u0131z faaliyetler &#8220;Cumhuriyeti b\u00f6yle mi kurduk?&#8221; sorusunu akla getiriyor. S\u00f6zde \u00e7a\u011fda\u015fl\u0131k kisvesi alt\u0131nda yap\u0131lan bu ba\u011fnaz ve ahlaks\u0131z heykele inan\u00e7l\u0131 ya\u015fayan insanlar, &#8220;Edirne&#8217;yi d\u00fc\u015fmanlardan kurtaranlar, \u00e7a\u011fda\u015f ve \u00e7\u0131plak kad\u0131nlar de\u011fildi, Edirne&#8217;yi m\u00fcdafaa edenler imanl\u0131, inan\u00e7l\u0131 ve ahlakl\u0131 kad\u0131nlard\u0131&#8221; diyerek tepki g\u00f6sterdiler.<\/p>\n<p style=\"text-align: justify;\"><strong>Edirne&#8217;ye yak\u0131\u015fm\u0131yor\u00a0<\/strong><\/p>\n<p style=\"text-align: justify;\">Heykelin Osmanl\u0131&#8217;ya 92 y\u0131l ba\u015fkentlik yapm\u0131\u015f bir \u015fehre yak\u0131\u015fmad\u0131\u011f\u0131n\u0131 dile getiren Anadolu Gen\u00e7lik Derne\u011fi Ba\u015fkan\u0131 Abd\u00fclhamit \u0130ri\u015f: Anadolu Gen\u00e7lik Derne\u011fi Ba\u015fkan\u0131 Abd\u00fclhamit \u0130ri\u015f: &#8220;Osmanl\u0131ya 90 k\u00fcsur y\u0131l ba\u015fkentlik yapm\u0131\u015f bu \u015fehrimize b\u00f6yle \u015feyler yak\u0131\u015fm\u0131yor. Ecdad\u0131m\u0131z 600 y\u0131l hi\u00e7bir insan\u0131n\u0131n rencide edilmesine izin vermemi\u015f. Her kesime sonuna kadar ho\u015fg\u00f6r\u00fcl\u00fc davranm\u0131\u015ft\u0131r. Gelin g\u00f6r\u00fcn ki o ecdad\u0131n torunlar\u0131 kendi \u00fclkesine yabanc\u0131 kalm\u0131\u015f ve kendi insan\u0131n\u0131 yok sayarak rencide etmeye \u00e7al\u0131\u015f\u0131yor. Ba\u015f\u00f6rt\u00fcl\u00fc, inanc\u0131n\u0131n gere\u011fini yerine getirerek ya\u015famaya \u00e7al\u0131\u015fan insanlara psikolojik bir bask\u0131 uygulamak i\u00e7in yap\u0131lan bu sapk\u0131n \u00e7al\u0131\u015fmalar Edirne&#8217;ye hi\u00e7 yak\u0131\u015fm\u0131yor, yak\u0131\u015fmazda. Edirne&#8217;nin b\u00f6yle an\u0131lmas\u0131n\u0131 sebebiyet verenler, bu durumu derhal d\u00fczeltmeliler.&#8221; \u015feklinde konu\u015ftu.<\/p>\n<p style=\"text-align: justify;\"><strong>Dinsizle\u015ftirme politikas\u0131d\u0131r\u00a0<\/strong><\/p>\n<p style=\"text-align: justify;\">&#8220;Bir toplumu dininden uzakla\u015ft\u0131r\u0131rsan o toplumu yok edebilirsin&#8221; diyerek tepki g\u00f6steren Milli T\u00fcrk Talebe Birli\u011fi Ba\u015fkan Yard\u0131mc\u0131s\u0131 Yasin Sad\u0131ko\u011flu: &#8220;Sapk\u0131n zihniyetler bug\u00fcn de T\u00fcrk Kad\u0131n\u0131n\u0131n \u00e7a\u011fda\u015f olu\u015funu Edirne&#8217;de ba\u015f\u00f6rt\u00fcs\u00fcn\u00fc \u00e7\u0131karan bir kad\u0131n heykeli ile kar\u015f\u0131m\u0131za \u00e7\u0131kar\u0131yorlar. Amerika Afganistan&#8217;a girdikten sonra da bir kad\u0131n foto\u011fraf\u0131 yer almad\u0131 m\u0131 d\u00fcnya bas\u0131n\u0131nda? Bir kad\u0131n var eliyle ba\u015f\u00f6rt\u00fcs\u00fcn\u00fc \u00e7\u0131kar\u0131yor. Neymi\u015f efendim Afganistan kad\u0131n\u0131 \u00f6zg\u00fcrle\u015fti. Allah&#8217;tan o kad\u0131n\u0131n bir gazetenin muhabiri oldu\u011fu ortaya \u00e7\u0131kt\u0131 da susmak zorunda kald\u0131lar. T\u00fcrk bas\u0131n\u0131nda da man\u015fetten verilmedi mi bu haber? Hem de g\u00fcnlerce man\u015fetlerde yer almad\u0131 m\u0131? Bak\u0131ld\u0131\u011f\u0131 zaman Afganistan kad\u0131n\u0131 yiyecek ekme\u011fin s\u0131k\u0131nt\u0131s\u0131n\u0131n ya\u015farken ba\u015f\u00f6rt\u00fcs\u00fcn\u00fc \u00e7\u0131kararak rahat bir nefes al\u0131yor sanki. Bug\u00fcne kadar hep kad\u0131n\u0131n ba\u015f\u00f6rt\u00fcs\u00fcyle u\u011fra\u015f\u0131ld\u0131. Nereye \u00f6zg\u00fcrl\u00fck getirilecek dendiyse kad\u0131n\u0131n ba\u015f\u0131ndaki e\u015farb\u0131 \u00e7\u0131kart\u0131ld\u0131. Bunun bilerek ve isteyerek uygulanan bir politika oldu\u011fu a\u015fik\u00e2rd\u0131r. Dinsizle\u015ftirme politikas\u0131d\u0131r bu. \u00c7\u00fcnk\u00fc bir toplumu dininden uzakla\u015ft\u0131r\u0131rsan o toplumu yok edebilirsin&#8221; dedi.<\/p>\n<p style=\"text-align: justify;\"><strong>Milletimize hakarettir\u00a0<\/strong><\/p>\n<p style=\"text-align: justify;\">Bu ahlaks\u0131z heykel M\u00fcsl\u00fcman- T\u00fcrk Milletine hakarettir&#8221; diyerek tepki g\u00f6steren Alperen Ocaklar\u0131 Edirne \u0130l Ba\u015fkan\u0131 Alparslan Cankano\u011flu \u015funlar\u0131 s\u00f6yledi: &#8220;T\u00fcrk Kad\u0131nlar Birli\u011fi Edirne \u015eubesi taraf\u0131ndan 2004 y\u0131l\u0131nda T\u00fcrkiye Cumhuriyeti&#8217;nin 80&#8217;inci y\u0131ld\u00f6n\u00fcm\u00fc an\u0131s\u0131na Fatih Mahallesi&#8217;ne dikilen &#8220;\u00d6zg\u00fcr ve \u00c7a\u011fda\u015f Kad\u0131n&#8221; olarak isimlendirilen ba\u015f\u00f6rt\u00fcs\u00fcn\u00fc atan \u00e7\u0131plak kad\u0131n heykeli bizi ziyadesiyle \u00fczmektedir. Hele hele bu heykelin ba\u015f\u00f6rt\u00fcs\u00fcne hakaret edercesine ba\u015f\u00f6rt\u00fcs\u00fcn\u00fc \u00e7\u0131karm\u0131\u015f \u015fekilde ve \u00e7\u0131plak olarak g\u00f6sterilmesi M\u00fcsl\u00fcman -T\u00fcrk Milletine a\u011f\u0131r hakaret olarak g\u00f6r\u00fcyoruz&#8221;.<\/p>\n<p style=\"text-align: justify;\"><strong>Heykel derhal kald\u0131r\u0131lmal\u0131d\u0131r\u00a0<\/strong><\/p>\n<p style=\"text-align: justify;\">Cankano\u011flu, &#8220;Cumhuriyet demek \u00e7\u0131plakl\u0131k demek de\u011fildir, \u00e7\u0131plakl\u0131k hi\u00e7bir zaman medeniyet \u00f6l\u00e7\u00fcs\u00fc de\u011fildir. Bu durumu Milli \u015fairimiz Mehmet Akif Ersoy&#8217;un dedi\u011fi gibi &#8220;Medeniyet dedi\u011fin e\u011fer a\u00e7maksa bedeni hayvanlar sizden daha medeni&#8221; olarak \u00f6zetliyor. Manevi de\u011ferlerimize ayk\u0131r\u0131 olan milli de\u011ferlerimizle ba\u011fda\u015fmayan bu heykelin kald\u0131r\u0131lmas\u0131n\u0131 ba\u015fta Edirne Belediyesi olmak \u00fczere di\u011fer yetkililerden \u015fiddetle istiyoruz&#8221; dedi.<\/p>\n<p style=\"text-align: justify;\"><strong>Halk y\u0131kt\u0131 onlar tekrar yapt\u0131\u00a0<\/strong><\/p>\n<p style=\"text-align: justify;\">Halk\u0131n tepkisine neden olan Ba\u015f\u00f6rt\u00fcs\u00fcn\u00fc atan erotik heykel T\u00fcrk Kad\u0131nlar Birli\u011fi Edirne \u015eubesi taraf\u0131ndan T\u00fcrkiye Cumhuriyeti&#8217;nin kurulu\u015funun 80&#8217;nci y\u0131ld\u00f6n\u00fcm\u00fc an\u0131s\u0131na yapt\u0131r\u0131lm\u0131\u015ft\u0131. 400 kilograma\u011f\u0131rl\u0131\u011f\u0131ndaki bu bronz &#8216;\u00d6zg\u00fcr ve \u00c7a\u011fda\u015f Kad\u0131n Heykeli&#8217; halk\u0131n defalarca yerinden s\u00f6k\u00fcp k\u0131rmas\u0131na ra\u011fmen T\u00fcrk kad\u0131nlar Birli\u011fi taraf\u0131ndan inatla tekrar yap\u0131lm\u0131\u015ft\u0131.<\/p>\n<p style=\"text-align: justify;\"><a href=\"http:\/\/haber.gazetevatan.com\/milli-gazeteden-heykel-yikma-kampanyasi\/427884\/1\/Gundem\" target=\"_blank\">Kaynak : VATAN Gazetesi<\/a><\/p>\n","protected":false},"excerpt":{"rendered":"<p style=\"text-align: center;\">\n<p style=\"text-align: justify;\">Edirne\u2019de muhafazakar \u00e7evreler, T\u00fcrk Kad\u0131nlar Birli\u011fi Edirne \u015fubesi taraf\u0131ndan cumhuriyetin 80. y\u0131l\u0131 an\u0131s\u0131na Fatih mahallesine yap\u0131lan \u201c\u00d6zg\u00fcr ve \u00c7a\u011fda\u015f Kad\u0131n\u201d heykelinin kald\u0131r\u0131lmas\u0131 i\u00e7in \u00e7al\u0131\u015fma ba\u015flatt\u0131. Milli Gazete\u2019nin haberinde; \u201cba\u015f\u00f6rt\u00fcs\u00fcn\u00fc atan erotik\u201d kad\u0131n heykeliyle \u00e7a\u011fda\u015fl\u0131k kisvesi alt\u0131nda T\u00fcrk halk\u0131n\u0131n manevi de\u011ferleriyle alay edildi\u011fi savunularak heykelin bir an \u00f6nce kald\u0131r\u0131lmas\u0131 istendi. Ayr\u0131ca <\/p>\n","protected":false},"author":1,"featured_media":0,"comment_status":"open","ping_status":"open","sticky":false,"template":"","format":"standard","meta":{"footnotes":""},"categories":[105],"tags":[],"class_list":["post-48152","post","type-post","status-publish","format-standard","hentry","category-gundem","odd"],"_links":{"self":[{"href":"http:\/\/www.korhanyilmaz.com\/index.php?rest_route=\/wp\/v2\/posts\/48152","targetHints":{"allow":["GET"]}}],"collection":[{"href":"http:\/\/www.korhanyilmaz.com\/index.php?rest_route=\/wp\/v2\/posts"}],"about":[{"href":"http:\/\/www.korhanyilmaz.com\/index.php?rest_route=\/wp\/v2\/types\/post"}],"author":[{"embeddable":true,"href":"http:\/\/www.korhanyilmaz.com\/index.php?rest_route=\/wp\/v2\/users\/1"}],"replies":[{"embeddable":true,"href":"http:\/\/www.korhanyilmaz.com\/index.php?rest_route=%2Fwp%2Fv2%2Fcomments&post=48152"}],"version-history":[{"count":0,"href":"http:\/\/www.korhanyilmaz.com\/index.php?rest_route=\/wp\/v2\/posts\/48152\/revisions"}],"wp:attachment":[{"href":"http:\/\/www.korhanyilmaz.com\/index.php?rest_route=%2Fwp%2Fv2%2Fmedia&parent=48152"}],"wp:term":[{"taxonomy":"category","embeddable":true,"href":"http:\/\/www.korhanyilmaz.com\/index.php?rest_route=%2Fwp%2Fv2%2Fcategories&post=48152"},{"taxonomy":"post_tag","embeddable":true,"href":"http:\/\/www.korhanyilmaz.com\/index.php?rest_route=%2Fwp%2Fv2%2Ftags&post=48152"}],"curies":[{"name":"wp","href":"https:\/\/api.w.org\/{rel}","templated":true}]}}