{"id":48141,"date":"2012-01-30T08:21:36","date_gmt":"2012-01-30T06:21:36","guid":{"rendered":"http:\/\/www.korhanyilmaz.com\/?p=48141"},"modified":"2012-01-30T12:55:08","modified_gmt":"2012-01-30T10:55:08","slug":"metrobuste-dayak-yiyene-daha-fazla-ceza-istendi","status":"publish","type":"post","link":"http:\/\/www.korhanyilmaz.com\/?p=48141","title":{"rendered":"Metrob\u00fcste dayak yiyene daha fazla CEZA istendi!"},"content":{"rendered":"<p style=\"text-align: center;\"><a href=\"http:\/\/www.korhanyilmaz.com\/wp-content\/uploads\/2012\/01\/9554.jpg\"  class=\"lightview\"><img loading=\"lazy\" decoding=\"async\" class=\"aligncenter  wp-image-48142\" src=\"http:\/\/www.korhanyilmaz.com\/wp-content\/uploads\/2012\/01\/9554.jpg\" alt=\"\" width=\"364\" height=\"204\" \/><\/a><\/p>\n<p style=\"text-align: justify;\">\u0130stanbul\u2019da \u2018Metrob\u00fcste dayak\u2019ta kar\u0131-koca sivil polisleri d\u00f6vd\u00fckleri gerek\u00e7esiyle iki \u00f6\u011frenciye polislerden daha fazla ceza talep edildi Soru\u015fturma s\u0131ras\u0131nda polis ve \u0130ETT\u2019nin kamera g\u00f6r\u00fcnt\u00fclerini vermemek i\u00e7in yaz\u0131\u015fmalar\u0131 geciktirdi\u011fi, sonra da g\u00f6r\u00fcnt\u00fclerin silindi\u011fi ortaya \u00e7\u0131kt\u0131.<!--more--><\/p>\n<p style=\"text-align: justify;\">Ge\u00e7en y\u0131l 14 Ekim\u2019de Bak\u0131rk\u00f6y \u0130ncirli\u2019deki duraktan metrob\u00fcse binen \u00fcniversite \u00f6\u011frencileri \u00d6zg\u00fcr Benol ve arkada\u015f\u0131 Mine Sayar\u0131 T\u00fcrkiye\u2019nin adalet sistemini tart\u0131\u015fmaya ba\u015flad\u0131. \u0130ddiaya g\u00f6re, gen\u00e7ler tart\u0131\u015f\u0131rken, hemen arkalar\u0131nda bulunan \u00c7orlu Emniyet M\u00fcd\u00fcrl\u00fc\u011f\u00fc\u2019nde g\u00f6revli Alperay \u00c7ak\u0131r ile e\u015fi O\u011fuk Ka\u011fan \u00c7ak\u0131r, gen\u00e7lere \u00f6nce s\u00f6zle m\u00fcdahale etti, ard\u0131ndan tart\u0131\u015fman\u0131n b\u00fcy\u00fcmesi \u00fczerine tekme tokat sald\u0131rd\u0131. Benol\u2019un y\u00fcz\u00fcnde yaralar a\u00e7\u0131l\u0131rken, Sayar\u0131\u2019n\u0131n v\u00fccudunda ekimozlar olu\u015ftu.<\/p>\n<p style=\"text-align: justify;\"><strong>\u2018Burada sevi\u015fmeyin!\u2019<\/strong><\/p>\n<p style=\"text-align: justify;\">Olayla ilgili olarak Bak\u0131rk\u00f6y Cumhuriyet Ba\u015fsavc\u0131l\u0131\u011f\u0131\u2019nca haz\u0131rlanan iddianame Bak\u0131rk\u00f6y Asliye Ceza Mahkemesi\u2019nce kabul edildi. \u0130ddianamede, sivil kad\u0131n polis Alperay \u00c7ak\u0131r\u2019\u0131n \u00f6\u011frencilerin kendisine temas etti\u011fini ve bundan rahats\u0131z oldu\u011funu s\u00f6yledi\u011fi anlat\u0131ld\u0131. \u00c7ak\u0131r\u2019\u0131n, tart\u0131\u015fma \u00fczerine, Mine Sayar\u0131\u2019n\u0131n sa\u00e7\u0131ndan tutarak, gen\u00e7lere \u201cAhlaks\u0131zlar ben burada size sevi\u015fmeyin, yiyi\u015fmeyin demedim mi?, ben polisim\u201d \u015feklinde hakaret etmesiyle olaylar\u0131n ba\u015flad\u0131\u011f\u0131 belirtildi. \u00c7ak\u0131r\u2019\u0131n Sayar\u0131\u2019ya vurarak, basit t\u0131bbi m\u00fcdahale ile giderilebilecek derecede yaralanmas\u0131na neden oldu\u011fu ve iki genci tehdit etti\u011fi kaydedildi.<\/p>\n<p style=\"text-align: justify;\"><strong>Polisleri \u2018a\u011f\u0131r\u2019 d\u00f6vm\u00fc\u015f<\/strong><\/p>\n<p style=\"text-align: justify;\">\u0130ddianamede, buna kar\u015f\u0131l\u0131k, olaylar\u0131 ba\u015flatan kad\u0131n polisin \u00e7ok daha a\u011f\u0131r dayak yedi\u011fi iddias\u0131 yer ald\u0131. , Alperay \u00c7ak\u0131r\u2019\u0131n kendisi gibi polis olan e\u015fi O\u011fuz Ka\u011fan \u00c7ak\u0131r\u2019\u0131n da Mine Sayar\u0131 ve \u00d6zg\u00fcr Benol\u2019a vurup iki genci basit t\u0131bbi m\u00fcdahale ile giderilecek derecede yaralad\u0131\u011f\u0131 ve tehdit etti\u011fi anlat\u0131ld\u0131. Buna kar\u015f\u0131l\u0131k, Mine Sayar\u0131\u2019n\u0131n kad\u0131n polis Alperay \u00c7ak\u0131r\u2019a \u201cbasit t\u0131bbi m\u00fcdahale ile giderilemeyecek derecede 1. derecede k\u0131r\u0131k olu\u015fmas\u0131na neden olacak \u015fekilde vurdu\u011fu, e\u015fi O\u011fuz Ka\u011fan \u00c7ak\u0131r\u2019a da basit t\u0131bbi m\u00fcdahale ile giderilebilecek \u015fekilde vurup tehdit etti\u011fi belirtildi. Olay s\u0131ras\u0131nda y\u00fcz\u00fcnde yaralar olu\u015fan di\u011fer \u00f6\u011frenci \u00d6zg\u00fcr Benol\u2019un da polis Alperay \u00c7ak\u0131r\u2019\u0131 basit t\u0131bbi m\u00fcdahale ile giderilemeyecek ve 1. derecede k\u0131r\u0131k olu\u015facak \u015fekilde yaralad\u0131\u011f\u0131, e\u015fi O\u011fuz Ka\u011fan \u00c7ak\u0131r\u2019\u0131 ise basit t\u0131bbi m\u00fcdahale ile giderilecek bi\u00e7imde yaralad\u0131\u011f\u0131 iddia edildi.<\/p>\n<p style=\"text-align: justify;\"><strong>Polislere az ceza<\/strong><\/p>\n<p style=\"text-align: justify;\">\u0130ddianamede, \u00f6\u011frencilerden Mine Sayar\u0131 i\u00e7in 2 y\u0131l 1 aydan 7,5 y\u0131la kadar, \u00d6zg\u00fcr Benol i\u00e7in 1 y\u0131l 9 aydan 5,5 y\u0131la kadar hapis cezas\u0131 istendi. Kad\u0131n polis Alperay \u00c7ak\u0131r\u2019a 13 aydan 5 y\u0131la kadar, e\u015fi O\u011fuz Ka\u011fan \u00c7ak\u0131r\u2019a ise 10 aydan 3 y\u0131la kadar hapis cezas\u0131 talep edildi.<\/p>\n<p style=\"text-align: justify;\">Soru\u015fturma s\u00fcrecinde ilgin\u00e7 olaylar\u0131n ya\u015fand\u0131\u011f\u0131 anla\u015f\u0131ld\u0131. Benol\u2019un avukat annesi G\u00fclderen Erta\u015f, olayla ilgili kamera g\u00f6r\u00fcnt\u00fclerinin getirilmesi i\u00e7in savc\u0131l\u0131\u011fa ba\u015fvurdu. Erta\u015f, dilek\u00e7esinde, kay\u0131tlardan polislerin yaral\u0131 olup olmad\u0131klar\u0131n\u0131n anla\u015f\u0131laca\u011f\u0131n\u0131 ayr\u0131ca tan\u0131klar\u0131n ifadeleri al\u0131nmadan g\u00f6nderildiklerinin g\u00f6r\u00fclece\u011fini kaydetti. Bak\u0131rk\u00f6y Savc\u0131s\u0131 Nevin \u00d6zkan da olaydan 4 g\u00fcn sonra verilen dilek\u00e7e do\u011frultusunda, \u201cdeliller karart\u0131lacak\u201d uyar\u0131s\u0131n\u0131 da dikkate alarak, 18 Ekim\u2019de talep yaz\u0131s\u0131 haz\u0131rlad\u0131. Savc\u0131, zaman kaybetmemek i\u00e7in yaz\u0131y\u0131 \u00f6zel kurye ile Zeytinburnu \u0130l\u00e7e Emniyet M\u00fcd\u00fcrl\u00fc\u011f\u00fc\u2019ne g\u00f6nderdi. Yaz\u0131da, metrob\u00fcsteki kamera g\u00f6r\u00fcnt\u00fcleri, metrob\u00fcs\u00fcn bo\u015falt\u0131ld\u0131\u011f\u0131 dura\u011f\u0131 g\u00f6ren i\u015fyeri ve MOBESE g\u00f6r\u00fcnt\u00fcleri ve taraflar\u0131n olaydan sonra getirildikleri Merkezefendi Polis Merkezi\u2019nin kamera g\u00f6r\u00fcnt\u00fcleri talep edildi. \u0130ETT Genel M\u00fcd\u00fcrl\u00fc\u011f\u00fc, talebe olaydan 17 g\u00fcn, yaz\u0131dan 13 g\u00fcn sonra yan\u0131tlad\u0131. Otob\u00fcs \u0130\u015fletmesi Dairesi Ba\u015fkan\u0131 Hasan \u0130\u00e7en\u2019in imzas\u0131n\u0131 ta\u015f\u0131yan yaz\u0131da, H\u0131zl\u0131 Otob\u00fcs \u0130\u015fletme \u015eube M\u00fcd\u00fcrl\u00fc\u011f\u00fc\u2019n\u00fcn kamera g\u00f6r\u00fcnt\u00fclerini 10 g\u00fcn saklad\u0131\u011f\u0131 ve sonras\u0131nda otomatik olarak sildi\u011fi, bu nedenle bu g\u00f6r\u00fcnt\u00fclerin de bulunamad\u0131\u011f\u0131 bildirildi.<\/p>\n<p style=\"text-align: justify;\"><strong>7 g\u00fcn saklan\u0131yor<\/strong><\/p>\n<p style=\"text-align: justify;\">Zeytinburnu \u0130l\u00e7e Emniyet M\u00fcd\u00fcrl\u00fc\u011f\u00fc ise 18 Ekim tarihli yaz\u0131ya 28 Ekim\u2019de yan\u0131t verdi. Yaz\u0131da, Merkezefendi Polis Merkezi\u2019nde kurulu bulunan kamera kay\u0131t sistemindeki bilgisayar\u0131n ana belle\u011finin 500 GB oldu\u011fu, bu nedenle kay\u0131tlar\u0131n sadece 7 g\u00fcn sakland\u0131\u011f\u0131, daha eski g\u00f6r\u00fcnt\u00fclerin otomatik olarak silindi\u011fi belirtildi. Gecikmeli yan\u0131tlar, olay\u0131 ayd\u0131nlatacak g\u00f6r\u00fcnt\u00fclerin hi\u00e7birinin savc\u0131l\u0131\u011fa ula\u015fmamas\u0131na yol a\u00e7t\u0131.<\/p>\n<p style=\"text-align: justify;\"><strong>K\u0131nama istendi<\/strong><\/p>\n<p style=\"text-align: justify;\">Kar\u0131-koca polislerin kar\u0131\u015ft\u0131\u011f\u0131 kavgan\u0131n bas\u0131na yans\u0131mas\u0131n\u0131n ard\u0131ndan Emniyet Genel M\u00fcd\u00fcr\u00fc Mehmet K\u0131l\u0131\u00e7lar\u2019\u0131n onay\u0131 ile iddialarla ilgili soru\u015fturma ba\u015flat\u0131ld\u0131. Emniyet Genel M\u00fcd\u00fcrl\u00fc\u011f\u00fc Tefti\u015f Kurulu Ba\u015fkanl\u0131\u011f\u0131\u2019nca y\u00fcr\u00fct\u00fclen soru\u015fturma sonras\u0131nda haz\u0131rlanan raporda, kad\u0131n polis Alperay \u00c7ak\u0131r i\u00e7in Emniyet \u00d6rg\u00fct\u00fc Disiplin T\u00fcz\u00fc\u011f\u00fc\u2019ne g\u00f6re \u201ck\u0131nama\u201d cezas\u0131 talep edildi. Savunmas\u0131nda, gen\u00e7leri devlet aleyhine konu\u015ftuklar\u0131 i\u00e7in \u00f6nce ikaz etti\u011fini ard\u0131ndan tart\u0131\u015fman\u0131n kavgayla sonu\u00e7land\u0131\u011f\u0131n\u0131 anlatan \u00c7ak\u0131r\u2019\u0131n dosyas\u0131 cezan\u0131n kesinle\u015fmesi i\u00e7in EGM Disiplin Kurulu\u2019nda g\u00f6r\u00fc\u015f\u00fclecek.<\/p>\n<p style=\"text-align: justify;\"><a href=\"http:\/\/gundem.milliyet.com.tr\/metrobuste-dayak-yiyene-daha-fazla-ceza-istendi-\/gundem\/gundemdetay\/30.01.2012\/1495444\/default.htm\" target=\"_blank\">Kaynak : Milliyet.com.tr<\/a><\/p>\n","protected":false},"excerpt":{"rendered":"<p style=\"text-align: center;\">\n<p style=\"text-align: justify;\">\u0130stanbul\u2019da \u2018Metrob\u00fcste dayak\u2019ta kar\u0131-koca sivil polisleri d\u00f6vd\u00fckleri gerek\u00e7esiyle iki \u00f6\u011frenciye polislerden daha fazla ceza talep edildi Soru\u015fturma s\u0131ras\u0131nda polis ve \u0130ETT\u2019nin kamera g\u00f6r\u00fcnt\u00fclerini vermemek i\u00e7in yaz\u0131\u015fmalar\u0131 geciktirdi\u011fi, sonra da g\u00f6r\u00fcnt\u00fclerin silindi\u011fi ortaya \u00e7\u0131kt\u0131.<\/p>\n","protected":false},"author":1,"featured_media":0,"comment_status":"open","ping_status":"open","sticky":false,"template":"","format":"standard","meta":{"footnotes":""},"categories":[105],"tags":[],"class_list":["post-48141","post","type-post","status-publish","format-standard","hentry","category-gundem","odd"],"_links":{"self":[{"href":"http:\/\/www.korhanyilmaz.com\/index.php?rest_route=\/wp\/v2\/posts\/48141","targetHints":{"allow":["GET"]}}],"collection":[{"href":"http:\/\/www.korhanyilmaz.com\/index.php?rest_route=\/wp\/v2\/posts"}],"about":[{"href":"http:\/\/www.korhanyilmaz.com\/index.php?rest_route=\/wp\/v2\/types\/post"}],"author":[{"embeddable":true,"href":"http:\/\/www.korhanyilmaz.com\/index.php?rest_route=\/wp\/v2\/users\/1"}],"replies":[{"embeddable":true,"href":"http:\/\/www.korhanyilmaz.com\/index.php?rest_route=%2Fwp%2Fv2%2Fcomments&post=48141"}],"version-history":[{"count":0,"href":"http:\/\/www.korhanyilmaz.com\/index.php?rest_route=\/wp\/v2\/posts\/48141\/revisions"}],"wp:attachment":[{"href":"http:\/\/www.korhanyilmaz.com\/index.php?rest_route=%2Fwp%2Fv2%2Fmedia&parent=48141"}],"wp:term":[{"taxonomy":"category","embeddable":true,"href":"http:\/\/www.korhanyilmaz.com\/index.php?rest_route=%2Fwp%2Fv2%2Fcategories&post=48141"},{"taxonomy":"post_tag","embeddable":true,"href":"http:\/\/www.korhanyilmaz.com\/index.php?rest_route=%2Fwp%2Fv2%2Ftags&post=48141"}],"curies":[{"name":"wp","href":"https:\/\/api.w.org\/{rel}","templated":true}]}}