{"id":48136,"date":"2012-01-29T20:26:04","date_gmt":"2012-01-29T18:26:04","guid":{"rendered":"http:\/\/www.korhanyilmaz.com\/?p=48136"},"modified":"2012-01-30T11:31:09","modified_gmt":"2012-01-30T09:31:09","slug":"eczacilar-batiyoruz-diye-ayaklandi","status":"publish","type":"post","link":"http:\/\/www.korhanyilmaz.com\/?p=48136","title":{"rendered":"Eczac\u0131lar \u2018bat\u0131yoruz\u2019 diye ayakland\u0131"},"content":{"rendered":"<div id=\"attachment_48138\" style=\"width: 394px\" class=\"wp-caption aligncenter\"><a href=\"http:\/\/www.korhanyilmaz.com\/wp-content\/uploads\/2012\/01\/9553.jpg\"  class=\"lightview\"><img loading=\"lazy\" decoding=\"async\" aria-describedby=\"caption-attachment-48138\" class=\" wp-image-48138 \" src=\"http:\/\/www.korhanyilmaz.com\/wp-content\/uploads\/2012\/01\/9553.jpg\" alt=\"\" width=\"384\" height=\"202\" \/><\/a><p id=\"caption-attachment-48138\" class=\"wp-caption-text\">Ar\u015fiv<\/p><\/div>\n<p style=\"text-align: justify;\">T\u00fcrkiye genelindeki \u00e7e\u015fitli illerden gelen eczac\u0131 odalar\u0131 \u00fcyeleri, eczac\u0131l\u0131k fak\u00fcltesi \u00f6\u011frencileri ve eczac\u0131 teknisyenleri h\u00fck\u00fcmetin ila\u00e7 ve eczac\u0131l\u0131k alan\u0131ndaki politikalar\u0131n\u0131 protesto etmek i\u00e7in Kad\u0131k\u00f6y\u2019de \u201cY\u0131k\u0131ma Dur De\u201d ad\u0131yla miting d\u00fczenledi. \u0130stanbul Eczac\u0131 Odas\u0131 Ba\u015fkan\u0131 Semih G\u00fcng\u00f6r, ekonomik taleplerini kar\u015f\u0131layacak yeni s\u00f6zle\u015fme istediklerini belirterek \u201cBug\u00fcn Sosyal G\u00fcvenlik Kurumu ile T\u00fcrk Eczac\u0131lar Birli\u011fi bir ila\u00e7 al\u0131m s\u00f6zle\u015fmesi yap\u0131yor. Ama \u015fu ana kadar ekonomik taleplerimizin hi\u00e7biri olumlu kar\u015f\u0131lanmad\u0131. Eczaneler batma tehlikesiyle kar\u015f\u0131 kar\u015f\u0131ya. Ekonomik taleplerimizin bir an \u00f6nce kar\u015f\u0131lanaca\u011f\u0131 bir s\u00f6zle\u015fme istiyoruz. E\u011fer bir \u00e7\u00f6z\u00fcm olu\u015fmazsa, masada bir anla\u015fma olmazsa ne yaz\u0131k ki \u015eubat ay\u0131 i\u00e7erisinde ila\u00e7 hizmeti durabilir\u201d uyar\u0131s\u0131nda bulundu.\u00a0<!--more--><\/p>\n<p style=\"text-align: justify;\">Mitinge \u0130stanbul Tabip Odas\u0131 Ba\u015fkan\u0131 Prof. Dr. Taner G\u00f6ren, CHP \u0130stanbul Milletvekili Kadir G\u00f6kmen \u00d6\u011f\u00fct, CHP Manisa Milletvekili eczac\u0131 \u00d6zg\u00fcr \u00d6zel de kat\u0131larak destek verdi. Beyaz yelek giyerek mitinge kat\u0131lan eczac\u0131lar d\u00fcd\u00fckler \u00e7alarak, alk\u0131\u015flar e\u015fli\u011finde saat 12.00\u2019de Kad\u0131k\u00f6y \u0130skele Meydan\u0131\u2019na do\u011fru y\u00fcr\u00fcy\u00fc\u015fe ge\u00e7tiler.<\/p>\n<p style=\"text-align: justify;\">Oda ba\u015fkanlar\u0131 kortejin \u00f6n\u00fcnde kol kola girerek y\u00fcr\u00fcrken, motosiklet \u00fczerinde elinde \u201cMuayene \u00fccretinin eczanede i\u015fi ne?\u201d yaz\u0131l\u0131 d\u00f6viz ta\u015f\u0131yan iki kad\u0131n eczac\u0131, dikkat \u00e7ekti. Y\u00fcr\u00fcy\u00fc\u015f s\u0131ras\u0131nda \u201cSa\u011fl\u0131k hakt\u0131r, sat\u0131lamaz\u201d, \u201cSusma hayk\u0131r, y\u0131k\u0131ma hay\u0131r\u201d, \u201cSusma sustuk\u00e7a s\u0131ra sana gelecek\u201d sloganlar\u0131 atan eczac\u0131lar, \u201cSa\u011fl\u0131kta \u00f6zelle\u015ftirmeye hay\u0131r\u201d, \u201cSa\u011fl\u0131kta ya\u015fam hakk\u0131nda sahip \u00e7\u0131k\u201d, \u201cEnkaz alt\u0131nday\u0131m, orada kimse yok mu?\u201d, \u201c\u0130la\u00e7 fiyat\u0131 d\u00fc\u015f\u00fcr\u00fcl\u00fcyor, kat\u0131l\u0131m pay\u0131 artt\u0131r\u0131l\u0131yor\u201d yaz\u0131l\u0131 d\u00f6vizleri ta\u015f\u0131d\u0131.<\/p>\n<p style=\"text-align: justify;\"><a href=\"http:\/\/haber.gazetevatan.com\/eczacilar-batiyoruz-diye-ayaklandi\/427744\/1\/Gundem\" target=\"_blank\">Kaynak : VATAN Gazetesi<\/a><\/p>\n","protected":false},"excerpt":{"rendered":"<p id=\"caption-attachment-48138\" class=\"wp-caption-text\">Ar\u015fiv<\/p>\n<p style=\"text-align: justify;\">T\u00fcrkiye genelindeki \u00e7e\u015fitli illerden gelen eczac\u0131 odalar\u0131 \u00fcyeleri, eczac\u0131l\u0131k fak\u00fcltesi \u00f6\u011frencileri ve eczac\u0131 teknisyenleri h\u00fck\u00fcmetin ila\u00e7 ve eczac\u0131l\u0131k alan\u0131ndaki politikalar\u0131n\u0131 protesto etmek i\u00e7in Kad\u0131k\u00f6y\u2019de \u201cY\u0131k\u0131ma Dur De\u201d ad\u0131yla miting d\u00fczenledi. \u0130stanbul Eczac\u0131 Odas\u0131 Ba\u015fkan\u0131 Semih G\u00fcng\u00f6r, ekonomik taleplerini kar\u015f\u0131layacak yeni s\u00f6zle\u015fme istediklerini belirterek \u201cBug\u00fcn Sosyal G\u00fcvenlik Kurumu ile T\u00fcrk Eczac\u0131lar <\/p>\n","protected":false},"author":1,"featured_media":0,"comment_status":"open","ping_status":"open","sticky":false,"template":"","format":"standard","meta":{"footnotes":""},"categories":[7,105,5],"tags":[],"class_list":["post-48136","post","type-post","status-publish","format-standard","hentry","category-ekonomi","category-gundem","category-saglik","odd"],"_links":{"self":[{"href":"http:\/\/www.korhanyilmaz.com\/index.php?rest_route=\/wp\/v2\/posts\/48136","targetHints":{"allow":["GET"]}}],"collection":[{"href":"http:\/\/www.korhanyilmaz.com\/index.php?rest_route=\/wp\/v2\/posts"}],"about":[{"href":"http:\/\/www.korhanyilmaz.com\/index.php?rest_route=\/wp\/v2\/types\/post"}],"author":[{"embeddable":true,"href":"http:\/\/www.korhanyilmaz.com\/index.php?rest_route=\/wp\/v2\/users\/1"}],"replies":[{"embeddable":true,"href":"http:\/\/www.korhanyilmaz.com\/index.php?rest_route=%2Fwp%2Fv2%2Fcomments&post=48136"}],"version-history":[{"count":0,"href":"http:\/\/www.korhanyilmaz.com\/index.php?rest_route=\/wp\/v2\/posts\/48136\/revisions"}],"wp:attachment":[{"href":"http:\/\/www.korhanyilmaz.com\/index.php?rest_route=%2Fwp%2Fv2%2Fmedia&parent=48136"}],"wp:term":[{"taxonomy":"category","embeddable":true,"href":"http:\/\/www.korhanyilmaz.com\/index.php?rest_route=%2Fwp%2Fv2%2Fcategories&post=48136"},{"taxonomy":"post_tag","embeddable":true,"href":"http:\/\/www.korhanyilmaz.com\/index.php?rest_route=%2Fwp%2Fv2%2Ftags&post=48136"}],"curies":[{"name":"wp","href":"https:\/\/api.w.org\/{rel}","templated":true}]}}