{"id":48128,"date":"2012-01-30T08:08:32","date_gmt":"2012-01-30T06:08:32","guid":{"rendered":"http:\/\/www.korhanyilmaz.com\/?p=48128"},"modified":"2012-01-30T04:31:37","modified_gmt":"2012-01-30T02:31:37","slug":"3-alilere-karsi-rovans-mahkemeleri","status":"publish","type":"post","link":"http:\/\/www.korhanyilmaz.com\/?p=48128","title":{"rendered":"3 Ali\u2019lere kar\u015f\u0131 r\u00f6van\u015f mahkemeleri!"},"content":{"rendered":"<div id=\"attachment_47300\" style=\"width: 90px\" class=\"wp-caption alignright\"><img loading=\"lazy\" decoding=\"async\" aria-describedby=\"caption-attachment-47300\" class=\" wp-image-47300 \" title=\"Sabahattin \u00d6nkibar\" src=\"http:\/\/www.korhanyilmaz.com\/wp-content\/uploads\/2012\/01\/sabahattin-_onkibar.jpg\" alt=\"\" width=\"80\" height=\"110\" \/><p id=\"caption-attachment-47300\" class=\"wp-caption-text\">Sabahattin \u00d6nkibar<\/p><\/div>\n<p style=\"text-align: justify;\">3 Ali\u2019ler kim midir?<\/p>\n<p style=\"text-align: justify;\">\u0130stiklal Mahkemelerini sembolize eden \u00fcnl\u00fc 3 yarg\u0131\u00e7t\u0131r.<\/p>\n<p style=\"text-align: justify;\">Peki \u0130stiklal Mahkemeleri ne midir?<\/p>\n<p style=\"text-align: justify;\">1921\u2019deki ilk kurulu\u015fu asker ka\u00e7aklar\u0131 i\u00e7indi!<\/p>\n<p style=\"text-align: justify;\">Bilahare devrim kanunlar\u0131n\u0131n tepeden inme uygulanmas\u0131nda i\u015flev g\u00f6rd\u00fc!<\/p>\n<p style=\"text-align: justify;\">A\u00e7\u0131k s\u00f6yleyelim \u0130stiklal Mahkemeleri hukuk de\u011fil infaz kurumuydu!<\/p>\n<p style=\"text-align: justify;\">\u0130nk\u0131laplara hukuk ambalaj\u0131 ile zemin in\u015fa ediyordu!<\/p>\n<p style=\"text-align: justify;\">Ve gelelim bug\u00fcnk\u00fc \u0130stiklal pardon \u00d6zel Yetkili Mahkemelere!<!--more--><\/p>\n<p style=\"text-align: justify;\">\u00dcz\u00fclerek ifade etmeliyim ki, seyir itibar\u0131 ile bug\u00fcn bu mahkemeler pek \u00e7ok bak\u0131mdan \u0130stiklal Mahkemelerini \u00e7a\u011fr\u0131\u015ft\u0131r\u0131yor!<\/p>\n<p style=\"text-align: justify;\">Dahas\u0131, ondan r\u00f6van\u015f ald\u0131\u011f\u0131 iddialar\u0131 dillerde!<\/p>\n<p style=\"text-align: justify;\">\u0130stiklal Mahkemeleri ile ilgili bir anekdotu 3 Ali\u2019lerden birinin o\u011flu olan Altemur K\u0131l\u0131\u00e7 bana espriyle kar\u0131\u015f\u0131k \u015f\u00f6yle aktarm\u0131\u015ft\u0131: \u201cBabamlar \u00f6nce h\u00fck\u00fcm verir, sonra delil ve tan\u0131klara bakarlard\u0131.\u201d<\/p>\n<p style=\"text-align: justify;\">Ku\u015fkusuz durum belki tam olarak \u00f6yle de\u011fildi ama bu ifadeler \u0130stiklal Mahkemelerinin cebri de\u011fi\u015fimlerin tabancas\u0131 oldu\u011funu g\u00f6zler \u00f6n\u00fcne seriyor!<\/p>\n<p style=\"text-align: justify;\">Buradan hareketle bug\u00fcnk\u00fc \u00d6zel Yetkili Mahkemeler de adeta \u0130stiklal Mahkemelerinin g\u00fcn\u00fcm\u00fcze uyarlanm\u0131\u015f versiyonu.<\/p>\n<p style=\"text-align: justify;\">Hukuk bug\u00fcn de tabanca i\u015flevini g\u00f6r\u00fcyor ve adeta infaz yap\u0131yor!<\/p>\n<p style=\"text-align: justify;\">D\u00fcn \u015fapkay\u0131 zorla giydirmek bug\u00fcn de T\u00fcrk Silahl\u0131 Kuvvetlerinin ya da siyasi muhalefetin etkisini k\u0131rmak i\u00e7in mahkemeler ara\u00e7!<\/p>\n<p style=\"text-align: justify;\">Bi\u00e7imsellik ayn\u0131 ama\u00e7lar farkl\u0131!<\/p>\n<p style=\"text-align: justify;\">O zaman soral\u0131m hukuk ve adalet bunun neresinde?<\/p>\n<p style=\"text-align: justify;\">D\u00fcnden \u015fikayet\u00e7i olanlar bug\u00fcn ayn\u0131 metodu niye kullan\u0131yor!<\/p>\n<p style=\"text-align: justify;\">D\u00fcn yap\u0131lan zalimlik idi ise bug\u00fcn yap\u0131lan ne?<\/p>\n<p style=\"text-align: justify;\">\u00dcstelik d\u00fcn\u00fcn kendine \u00f6zg\u00fc \u00f6zel \u015fartlar\u0131 vard\u0131, mesela da\u011f\u0131lan bir imparatorluktan \u00fcniterli\u011fe ge\u00e7iliyor yani milli bir devlet kuruluyordu. Dolay\u0131s\u0131 ile milli devletin alt yap\u0131s\u0131 i\u00e7in zemin in\u015fas\u0131 gerekiyordu. Dahas\u0131, o d\u00f6nem neredeyse b\u00fct\u00fcn d\u00fcnyada totaliter anlay\u0131\u015f egemendi\u2026 Oysa bug\u00fcnk\u00fc \u015fartlar tam tersi ama metot ayn\u0131!<\/p>\n<p style=\"text-align: justify;\">H\u00fclasa bug\u00fcnk\u00fc \u00d6zel Yetkili Mahkemeler seyri ve metotlar\u0131 itibar\u0131 ile r\u00f6van\u015f almay\u0131 ve hukuk ambalaj\u0131 ile bask\u0131 rejimini kurmaya hizmet ediyor ya da o g\u00f6r\u00fcnt\u00fcy\u00fc veriyor!<\/p>\n<p style=\"text-align: justify;\">Ergenekon\u2019dan ODA TV ve Balyoz\u2019a kadar bug\u00fcnk\u00fc pek \u00e7ok dava d\u00fcnk\u00fc \u0130skilipli At\u0131f Hoca\u2019n\u0131n iddia olunan dram\u0131ndan bin kere daha b\u00fcy\u00fck ac\u0131lar\u0131 ve tezgahlar\u0131 i\u00e7eriyor ki, ilaveten d\u00fcn bu tezgahlar\u0131n ard\u0131nda Emperyalizm yok iken bug\u00fcn bu tezgahlar\u0131n merkezinde Emperyalizm var!<\/p>\n<p style=\"text-align: justify;\"><span style=\"font-size: small; color: #993300;\"><strong>Deh\u015fet rapor\u00a0<\/strong><\/span><\/p>\n<p style=\"text-align: justify;\">Ad\u0131: S\u0131n\u0131r Tan\u0131mayan Gazeteciler \u00d6rg\u00fct\u00fc.<\/p>\n<p style=\"text-align: justify;\">D\u00fcnyan\u0131n en sayg\u0131n medya ve ileti\u015fim kurumu.<\/p>\n<p style=\"text-align: justify;\">Bu kurum malum b\u00fct\u00fcn d\u00fcnya medyas\u0131n\u0131 bire bir izler ve her y\u0131l\u0131n sonunda bir rapor yay\u0131nlar.<\/p>\n<p style=\"text-align: justify;\">Son rapor yeni yay\u0131nland\u0131!<\/p>\n<p style=\"text-align: justify;\">Buna g\u00f6re 179 \u00fclke masaya yat\u0131r\u0131ld\u0131.<\/p>\n<p style=\"text-align: justify;\">Peki T\u00fcrkiye bu 179 \u00fclke i\u00e7inde ka\u00e7\u0131nc\u0131 m\u0131?<\/p>\n<p style=\"text-align: justify;\">S\u0131k\u0131 durum 148. s\u0131rada!<\/p>\n<p style=\"text-align: justify;\">Evet d\u00fcnyada var olan 147 \u00fclke bas\u0131n \u00f6zg\u00fcrl\u00fc\u011f\u00fcnde T\u00fcrkiye\u2019den iyi durumda:<\/p>\n<p style=\"text-align: justify;\">Mesela kimler mi?<\/p>\n<p style=\"text-align: justify;\">Angola, Papua Yeni Gine, Namibya, Mali, Tanzanya, Surinam, Zambiya, Kenya ve Burkina Faso gibi kabile Afrika \u00fclkeleri!<\/p>\n<p style=\"text-align: justify;\">Dahas\u0131\u2026<\/p>\n<p style=\"text-align: justify;\">Kuveyt, Katar, \u00dcrd\u00fcn ve Cezayir bile T\u00fcrkiye\u2019den \u00f6zg\u00fcr, iyi mi?<\/p>\n<p style=\"text-align: justify;\">Bu rapor AKP ile onun besleme liberallerinin boynuna yafta olarak as\u0131lmal\u0131d\u0131r!<\/p>\n<p style=\"text-align: justify;\"><span style=\"color: #993300; font-size: small;\"><strong>Ba\u015fbakan\u2019a Fransa\u2019dan u\u00e7an saray!\u00a0<\/strong><\/span><\/p>\n<p style=\"text-align: justify;\">Tabloya bakar m\u0131s\u0131n\u0131z!<\/p>\n<p style=\"text-align: justify;\">Bir-iki de\u011fil \u00e7ok say\u0131da \u00f6zel u\u00e7a\u011f\u0131 var!<\/p>\n<p style=\"text-align: justify;\">Son olarak hat\u0131rlay\u0131n Berlusconi\u2019nin bindi\u011fi \u00f6zel u\u00e7a\u011f\u0131 sat\u0131n ald\u0131rm\u0131\u015f ve milyon dolarlar harcatarak yeniletmi\u015fti.<\/p>\n<p style=\"text-align: justify;\">Derken yeni haber d\u00fcn duyuldu:<\/p>\n<p style=\"text-align: justify;\">Recep Tayyip Erdo\u011fan i\u00e7in sat\u0131n al\u0131nan u\u00e7an saray Fransa\u2019dan geliyormu\u015f!<\/p>\n<p style=\"text-align: justify;\">Tam\u0131 tam\u0131na 201 milyon dolar olan bu u\u00e7aktan d\u00fcnyada hi\u00e7 liderde yok zira d\u00f6\u015feme ve donan\u0131m\u0131ndaki ihti\u015fam dillere destan!<\/p>\n<p style=\"text-align: justify;\">Ve heyhat bu haber Tayyip Erdo\u011fan k\u0131zmas\u0131n diye ne gazetelerde ne de televizyonlarda yer bulabildi, iyi mi!<\/p>\n<p style=\"text-align: justify;\">Hat\u0131rlay\u0131n ge\u00e7mi\u015fte Ba\u015fbakanlar arabalar\u0131n\u0131 yeniletti\u011finde bile man\u015fetler at\u0131l\u0131rd\u0131!<\/p>\n<p style=\"text-align: justify;\">\u0130lgin\u00e7tir TBMM\u2019deki muhalefet de majesteleri zarar g\u00f6rmesin diye olacak bu rezilli\u011fi afi\u015fe etmiyor, yaz\u0131k!<\/p>\n<p style=\"text-align: justify;\"><span style=\"color: #993300; font-size: small;\"><strong>\u0130\u015fte \u0130srail ile Erdo\u011fan\u2019\u0131n gizli ili\u015fki belgesi!\u00a0<\/strong><\/span><\/p>\n<p style=\"text-align: justify;\">Uludere Facias\u0131nda Ba\u015fbakan ile h\u00fck\u00fcmeti haftalard\u0131r suskun!<\/p>\n<p style=\"text-align: justify;\">Genelkurmay bana emir verildi, vurdum diyor.<\/p>\n<p style=\"text-align: justify;\">Emri veren kim?<\/p>\n<p style=\"text-align: justify;\">TBMM ile Ba\u015fbakan!<\/p>\n<p style=\"text-align: justify;\">Meclis tezkereyi \u00e7\u0131kartarak, Ba\u015fbakan da vurun diyerek emir veriyor ki Uludere olay\u0131nda Tayyip beyin emir vermesi e\u015fyan\u0131n tabiat\u0131 gere\u011fidir ve \u00f6yle de oldu!<\/p>\n<p style=\"text-align: justify;\">Peki ama istihbarat kimden?<\/p>\n<p style=\"text-align: justify;\">TSK ile M\u0130T bizden de\u011fil diyorsa, belli ki bilgi d\u0131\u015far\u0131dan gelmi\u015f!<\/p>\n<p style=\"text-align: justify;\">Soruyorum kimdir o d\u0131\u015far\u0131s\u0131?<\/p>\n<p style=\"text-align: justify;\">ABD El\u00e7isi \u201cbiz de\u011filiz\u201d dedi ve adeta \u0130srail\u2019i i\u015faret etti!<\/p>\n<p style=\"text-align: justify;\">Sadece ABD El\u00e7isi de\u011fil Anamuhalefet Partisi CHP\u2019nin lideri de a\u00e7\u0131ktan \u0130srail diyor ama Ba\u015fbakan\u2019dan yine t\u0131k yok!<\/p>\n<p style=\"text-align: justify;\">Bu hal Tayyip bey\u2019in \u0130srail ile aras\u0131nda var olan gizli ve derin ili\u015fkisini do\u011frulam\u0131yor mu?<\/p>\n<p style=\"text-align: justify;\">De\u011filse cevap istiyorum Ba\u015fbakan niye susuyor ve istihbarat\u0131 vereni ni\u00e7in a\u00e7\u0131klam\u0131yor?<\/p>\n<p style=\"text-align: justify;\"><a href=\"http:\/\/www.yenimesaj.com.tr\/?artikel,12000375\/3-ali-lere-karsi-rovans-mahkemeleri\/sabahattin-onkibar\" target=\"_blank\">Kaynak : Yeni Mesaj<\/a><\/p>\n","protected":false},"excerpt":{"rendered":"<p id=\"caption-attachment-47300\" class=\"wp-caption-text\">Sabahattin \u00d6nkibar<\/p>\n<p style=\"text-align: justify;\">3 Ali\u2019ler kim midir?<\/p>\n<p style=\"text-align: justify;\">\u0130stiklal Mahkemelerini sembolize eden \u00fcnl\u00fc 3 yarg\u0131\u00e7t\u0131r.<\/p>\n<p style=\"text-align: justify;\">Peki \u0130stiklal Mahkemeleri ne midir?<\/p>\n<p style=\"text-align: justify;\">1921\u2019deki ilk kurulu\u015fu asker ka\u00e7aklar\u0131 i\u00e7indi!<\/p>\n<p style=\"text-align: justify;\">Bilahare devrim kanunlar\u0131n\u0131n tepeden inme uygulanmas\u0131nda i\u015flev g\u00f6rd\u00fc!<\/p>\n<p style=\"text-align: justify;\">A\u00e7\u0131k s\u00f6yleyelim \u0130stiklal Mahkemeleri hukuk de\u011fil infaz kurumuydu!<\/p>\n<p  \n\n","protected":false},"author":1,"featured_media":0,"comment_status":"open","ping_status":"open","sticky":false,"template":"","format":"standard","meta":{"footnotes":""},"categories":[16],"tags":[],"class_list":["post-48128","post","type-post","status-publish","format-standard","hentry","category-kose-yazilari","odd"],"_links":{"self":[{"href":"http:\/\/www.korhanyilmaz.com\/index.php?rest_route=\/wp\/v2\/posts\/48128","targetHints":{"allow":["GET"]}}],"collection":[{"href":"http:\/\/www.korhanyilmaz.com\/index.php?rest_route=\/wp\/v2\/posts"}],"about":[{"href":"http:\/\/www.korhanyilmaz.com\/index.php?rest_route=\/wp\/v2\/types\/post"}],"author":[{"embeddable":true,"href":"http:\/\/www.korhanyilmaz.com\/index.php?rest_route=\/wp\/v2\/users\/1"}],"replies":[{"embeddable":true,"href":"http:\/\/www.korhanyilmaz.com\/index.php?rest_route=%2Fwp%2Fv2%2Fcomments&post=48128"}],"version-history":[{"count":0,"href":"http:\/\/www.korhanyilmaz.com\/index.php?rest_route=\/wp\/v2\/posts\/48128\/revisions"}],"wp:attachment":[{"href":"http:\/\/www.korhanyilmaz.com\/index.php?rest_route=%2Fwp%2Fv2%2Fmedia&parent=48128"}],"wp:term":[{"taxonomy":"category","embeddable":true,"href":"http:\/\/www.korhanyilmaz.com\/index.php?rest_route=%2Fwp%2Fv2%2Fcategories&post=48128"},{"taxonomy":"post_tag","embeddable":true,"href":"http:\/\/www.korhanyilmaz.com\/index.php?rest_route=%2Fwp%2Fv2%2Ftags&post=48128"}],"curies":[{"name":"wp","href":"https:\/\/api.w.org\/{rel}","templated":true}]}}