{"id":48114,"date":"2012-01-29T23:52:54","date_gmt":"2012-01-29T21:52:54","guid":{"rendered":"http:\/\/www.korhanyilmaz.com\/?p=48114"},"modified":"2012-01-30T04:10:44","modified_gmt":"2012-01-30T02:10:44","slug":"hamas-turkiyeye-mi-geliyor","status":"publish","type":"post","link":"http:\/\/www.korhanyilmaz.com\/?p=48114","title":{"rendered":"Hamas T\u00fcrkiye&#8217;ye mi geliyor?"},"content":{"rendered":"<p style=\"text-align: center;\"><a href=\"http:\/\/www.korhanyilmaz.com\/wp-content\/uploads\/2012\/01\/9550.jpg\"  class=\"lightview\"><img loading=\"lazy\" decoding=\"async\" class=\"aligncenter  wp-image-48115\" title=\"Turkish President Abdullah Gul visits United Arab Emirates\" src=\"http:\/\/www.korhanyilmaz.com\/wp-content\/uploads\/2012\/01\/9550.jpg\" alt=\"\" width=\"307\" height=\"236\" \/><\/a><\/p>\n<p style=\"text-align: justify;\">Amerikan bas\u0131n\u0131nda yer alan haberlere g\u00f6re, isyan nedeniyle Hamas y\u00f6netimi Suriye&#8217;den ayr\u0131ld\u0131. Yeni adres i\u00e7in se\u00e7enekler aras\u0131nda T\u00fcrkiye var. D\u0131\u015fi\u015fleri Bakanl\u0131\u011f\u0131&#8217;ndan iddiaya net yalanlama gelmedi. Cumhurba\u015fkan\u0131 G\u00fcl konuyla ilgili bir soruya &#8220;Hamas ile T\u00fcrkiye i\u015fbirli\u011finin nereye varaca\u011f\u0131n\u0131n ileride g\u00f6r\u00fclecek bir \u015fey&#8221; yan\u0131t\u0131n\u0131 verdi.<!--more--><\/p>\n<p style=\"text-align: justify;\">Cumhurba\u015fkan\u0131 Abdullah G\u00fcl, Hamas&#8217;\u0131n T\u00fcrkiye&#8217;de siyasi b\u00fcro a\u00e7aca\u011f\u0131 iddialar\u0131n\u0131 de\u011ferlendirirken, T\u00fcrkiye&#8217;nin Filistin davas\u0131n\u0131n en g\u00fc\u00e7l\u00fc destek\u00e7ilerinden biri oldu\u011funu belirterek, &#8220;Hamas ile T\u00fcrkiye i\u015fbirli\u011finin nereye varaca\u011f\u0131n\u0131n ileride g\u00f6r\u00fclecek bir \u015fey&#8221; oldu\u011funu s\u00f6yledi.<\/p>\n<p style=\"text-align: justify;\">Cumhurba\u015fkan\u0131 Abdullah G\u00fcl, Birle\u015fik Arap Emirlikleri ziyareti \u00f6ncesi Esenbo\u011fa Havaliman\u0131\u2019nda d\u00fczenledi\u011fi bas\u0131n toplant\u0131s\u0131nda gazetecilerin sorular\u0131n\u0131 yan\u0131tlad\u0131.<\/p>\n<p style=\"text-align: justify;\">G\u00fcl, Hamas\u2019\u0131n T\u00fcrkiye\u2019de siyasi b\u00fcro a\u00e7aca\u011f\u0131na y\u00f6nelik bug\u00fcn gazetelerde yer alan haberlere ili\u015fkin de\u011ferlendirmelerde bulundu. G\u00fcl, T\u00fcrkiye\u2019nin Filistin davas\u0131n\u0131n en g\u00fc\u00e7l\u00fc destek\u00e7ilerinden biri oldu\u011funu hat\u0131rlatarak, \u201cHamas da Filistin\u2019de Gazze b\u00f6lgesinde se\u00e7imlere girmi\u015f se\u00e7imleri kazanm\u0131\u015f siyasi bir olu\u015fumdur. T\u00fcrkiye ile temaslar\u0131 eskiden beri devam etmekte. Bu \u00e7er\u00e7evede \u00e7e\u015fitli ziyaretle de olmakta. Ama bu ziyaretler neticesinde \u0130\u015fbirli\u011finin boyutlar\u0131 nereye var\u0131r bu ileride g\u00f6r\u00fclecek bir \u015fey\u201d dedi.<\/p>\n<p style=\"text-align: justify;\">G\u00fcl\u2019e Deniz Feneri davas\u0131 savc\u0131lar\u0131 Nadi T\u00fcrkaslan, Mehmet Tam\u00f6z ve Abdulvahap Yaren hakk\u0131nda Sincan Cumhuriyet Savc\u0131l\u0131\u011f\u0131 taraf\u0131ndan haz\u0131rlanan iddianame ve hapis istemi de soruldu. G\u00fcl, yarg\u0131 ile ilgili konu\u015fman\u0131n do\u011fru olmad\u0131\u011f\u0131na i\u015faret ederek, \u201cHer \u015fey \u015feffaf bir \u015fekilde olaca\u011f\u0131 i\u00e7in herhangi bir yanl\u0131\u015fl\u0131k s\u00f6z konusu oldu\u011funda zaten bunlar tart\u0131\u015f\u0131l\u0131r kamuoyunda. A\u00e7\u0131k\u00e7a g\u00f6r\u00fcl\u00fcr. Yarg\u0131 konusu herkesin en \u00e7ok dikkat etmesi gereken konudur\u201d diye konu\u015ftu.<\/p>\n<p style=\"text-align: justify;\"><a href=\"http:\/\/www.cnnturk.com\/2012\/dunya\/01\/29\/hamas.turkiyeye.mi.geliyor\/646946.0\/index.html\" target=\"_blank\">Kaynak : CNN T\u00dcRK<\/a><\/p>\n","protected":false},"excerpt":{"rendered":"<p style=\"text-align: center;\">\n<p style=\"text-align: justify;\">Amerikan bas\u0131n\u0131nda yer alan haberlere g\u00f6re, isyan nedeniyle Hamas y\u00f6netimi Suriye&#8217;den ayr\u0131ld\u0131. Yeni adres i\u00e7in se\u00e7enekler aras\u0131nda T\u00fcrkiye var. D\u0131\u015fi\u015fleri Bakanl\u0131\u011f\u0131&#8217;ndan iddiaya net yalanlama gelmedi. Cumhurba\u015fkan\u0131 G\u00fcl konuyla ilgili bir soruya &#8220;Hamas ile T\u00fcrkiye i\u015fbirli\u011finin nereye varaca\u011f\u0131n\u0131n ileride g\u00f6r\u00fclecek bir \u015fey&#8221; yan\u0131t\u0131n\u0131 verdi.<\/p>\n","protected":false},"author":1,"featured_media":0,"comment_status":"open","ping_status":"open","sticky":false,"template":"","format":"standard","meta":{"footnotes":""},"categories":[105],"tags":[],"class_list":["post-48114","post","type-post","status-publish","format-standard","hentry","category-gundem","odd"],"_links":{"self":[{"href":"http:\/\/www.korhanyilmaz.com\/index.php?rest_route=\/wp\/v2\/posts\/48114","targetHints":{"allow":["GET"]}}],"collection":[{"href":"http:\/\/www.korhanyilmaz.com\/index.php?rest_route=\/wp\/v2\/posts"}],"about":[{"href":"http:\/\/www.korhanyilmaz.com\/index.php?rest_route=\/wp\/v2\/types\/post"}],"author":[{"embeddable":true,"href":"http:\/\/www.korhanyilmaz.com\/index.php?rest_route=\/wp\/v2\/users\/1"}],"replies":[{"embeddable":true,"href":"http:\/\/www.korhanyilmaz.com\/index.php?rest_route=%2Fwp%2Fv2%2Fcomments&post=48114"}],"version-history":[{"count":0,"href":"http:\/\/www.korhanyilmaz.com\/index.php?rest_route=\/wp\/v2\/posts\/48114\/revisions"}],"wp:attachment":[{"href":"http:\/\/www.korhanyilmaz.com\/index.php?rest_route=%2Fwp%2Fv2%2Fmedia&parent=48114"}],"wp:term":[{"taxonomy":"category","embeddable":true,"href":"http:\/\/www.korhanyilmaz.com\/index.php?rest_route=%2Fwp%2Fv2%2Fcategories&post=48114"},{"taxonomy":"post_tag","embeddable":true,"href":"http:\/\/www.korhanyilmaz.com\/index.php?rest_route=%2Fwp%2Fv2%2Ftags&post=48114"}],"curies":[{"name":"wp","href":"https:\/\/api.w.org\/{rel}","templated":true}]}}