{"id":48103,"date":"2012-01-29T18:08:43","date_gmt":"2012-01-29T16:08:43","guid":{"rendered":"http:\/\/www.korhanyilmaz.com\/?p=48103"},"modified":"2012-01-29T23:37:53","modified_gmt":"2012-01-29T21:37:53","slug":"hursit-tolondan-cd-aciklamasi","status":"publish","type":"post","link":"http:\/\/www.korhanyilmaz.com\/?p=48103","title":{"rendered":"Hur\u015fit Tolon&#8217;dan CD a\u00e7\u0131klamas\u0131"},"content":{"rendered":"<p style=\"text-align: center;\"><a href=\"http:\/\/www.korhanyilmaz.com\/wp-content\/uploads\/2012\/01\/9546.jpg\"  class=\"lightview\"><img loading=\"lazy\" decoding=\"async\" class=\"aligncenter  wp-image-48104\" src=\"http:\/\/www.korhanyilmaz.com\/wp-content\/uploads\/2012\/01\/9546.jpg\" alt=\"\" width=\"420\" height=\"210\" \/><\/a><\/p>\n<p style=\"text-align: justify;\">\u0130K\u0130NC\u0130 Ergenekon Davas\u0131\u2019n\u0131n tutuklu san\u0131\u011f\u0131 emekli Orgeneral Ahmet Hur\u015fit Tolon\u2019un avukat\u0131 \u0130lkay Sezer, yapt\u0131\u011f\u0131 yaz\u0131l\u0131 a\u00e7\u0131klamada, &#8221;Kamuoyunda &#8221;Fikri Sa\u011flar &#8211; B\u00fcy\u00fckan\u0131t Davas\u0131&#8221; olarak an\u0131lan davada delil olarak sunulan CD\u2019nin, m\u00fcvekkili emekli Orgeneral Ahmet Hur\u015fit Tolon\u2019a ait konutlarda yap\u0131lan aramalar s\u0131ras\u0131nda elde edilmedi\u011fini belirtti.\u00a0<!--more--><\/p>\n<p style=\"text-align: justify;\">\u0130kinci Ergenekon Davas\u0131 kapsam\u0131nda tutuksuz yarg\u0131lan\u0131rken 10 Ocak 2012 tarihinde tutuklanan emekli Orgeneral Ahmet Hur\u015fit Tolon\u2019un avukat\u0131 \u0130lkay Sezer, yaz\u0131l\u0131 a\u00e7\u0131klamas\u0131nda \u015fu ifadelere yer verdi:<\/p>\n<p style=\"text-align: justify;\">&#8220;Daha \u00f6nce, ayn\u0131 konuda yapm\u0131\u015f oldu\u011fumuz bas\u0131n a\u00e7\u0131klamalar\u0131n\u0131n mevcudiyetine ra\u011fmen, 28 Ocak 2012 ve 29 Ocak 2012 tarihli baz\u0131 bas\u0131n yay\u0131n organlar\u0131nda yay\u0131nlanan \u00e7e\u015fitli haberlerde, kamuoyunda &#8220;Fikri Sa\u011flar &#8211; B\u00fcy\u00fckan\u0131t Davas\u0131&#8221; olarak an\u0131lan davada delil olarak sunulan bir CD\u2019nin &#8220;M\u00fcvekkilimiz Ahmet Hur\u015fit Tolon\u2019un evinde yap\u0131lan aramada bulundu\u011funa&#8221; y\u00f6nelik tamam\u0131yla ger\u00e7ekd\u0131\u015f\u0131 beyanlarda bulunulmas\u0131 kar\u015f\u0131s\u0131nda, kamuoyuna yeniden a\u00e7\u0131klamada bulunmak zorunlulu\u011fu has\u0131l olmu\u015ftur. \u00d6ncelikle, \u015fu hususu \u00f6nemle belirtmek isteriz ki; s\u00f6zkonusu haberlere konu CD, m\u00fcvekkilimiz emekli Orgeneral Ahmet Hur\u015fit Tolon\u2019a ait konutlarda yap\u0131lan aramalar s\u0131ras\u0131nda elde edilmemi\u015ftir.&#8221;<\/p>\n<p style=\"text-align: justify;\"><strong>&#8220;M\u00dcVEKK\u0130L\u0130M BU \u00c7\u0130RK\u0130N \u0130DD\u0130AYI \u015e\u0130DDETLE REDDETM\u0130\u015eT\u0130R&#8221;\u00a0<\/strong><\/p>\n<p style=\"text-align: justify;\">&#8220;M\u00fcvekkilimiz Ahmet Hur\u015fit Tolon\u2019da bulundu\u011fu ileri s\u00fcr\u00fclen CD, daha \u00f6nce \u00e7e\u015fitli bas\u0131n organlar\u0131nda da yer ald\u0131\u011f\u0131 \u00fczere, m\u00fcvekkilimizin o\u011flunun \u015fahsi konutunda, yoklu\u011funda, kap\u0131s\u0131n\u0131n kilidi \u00e7ilingir marifetiyle a\u00e7t\u0131r\u0131larak yap\u0131lan hukuka ayk\u0131r\u0131 arama neticesinde elde edildi\u011fi ileri s\u00fcr\u00fclen, ancak arama tutanaklar\u0131nda yer almayan d\u00fczmece elba marka bir CD\u2019dir. Nitekim, s\u00f6zkonusu d\u00fczmece CD\u2019nin imaj\u0131, 3,5 y\u0131ldan beri devam eden soru\u015fturma ve yarg\u0131lama s\u00fcrecinde taraf\u0131m\u0131zca defalarca talep edilmi\u015f olmas\u0131na ra\u011fmen, dosyaya halen daha ibraz edilememi\u015ftir. M\u00fcvekkilimiz Ahmet Hur\u015fit Tolon, halen yarg\u0131land\u0131\u011f\u0131 \u0130stanbul 13.A\u011f\u0131r Ceza Mahkemesi\u2019ndeki davan\u0131n t\u00fcm a\u015famalar\u0131nda vermi\u015f oldu\u011fu samimi ifadelerinde &#8220;Habere konu bu CD\u2019nin ve i\u00e7erisinde yer alan bilgilerin, kesinlikle kendisine ait olmad\u0131\u011f\u0131n\u0131&#8221; a\u00e7\u0131k\u00e7a beyan ederek, iftira niteli\u011findeki, bu \u00e7irkin iddiay\u0131 \u015fiddetle reddetmi\u015ftir. Buna ilaveten, m\u00fcvekkilimiz Ahmet Hur\u015fit Tolon, t\u00fcm ifadelerinde de a\u00e7\u0131k\u00e7a belirtti\u011fi \u00fczere, yakla\u015f\u0131k 50 y\u0131ld\u0131r yak\u0131nen tan\u0131d\u0131\u011f\u0131 Emekli Orgeneral Ya\u015far B\u00fcy\u00fckan\u0131t ve aile bireyleri ile ilgili hi\u00e7bir zaman ve hi\u00e7bir \u015fekilde kay\u0131t yapmam\u0131\u015f, herhangi bir bilgi-belge de toplamam\u0131\u015ft\u0131r. M\u00fcvekkilimiz Ahmet Hur\u015fit Tolon ile ilgili halen g\u00f6r\u00fclmekte olan davada, delillerin hen\u00fcz de\u011ferlendirilmedi\u011fi g\u00f6z \u00f6n\u00fcnde bulunduruldu\u011funda, hukuka ayk\u0131r\u0131 olarak elde edilen d\u00fczmece deliller ile m\u00fcvekkilimiz aras\u0131nda sun\u2019i irtibat kurulmaya \u00e7al\u0131\u015f\u0131lmas\u0131, Anayasa ve Avrupa \u0130nsan Haklar\u0131 S\u00f6zle\u015fmesi ile g\u00fcvence alt\u0131na al\u0131nan &#8220;Masumiyet \u0130lkesine&#8221; ve &#8220;Adil Yarg\u0131lanma Hakk\u0131na&#8221; a\u00e7\u0131k\u00e7a ayk\u0131r\u0131l\u0131k te\u015fkil etmektedir. Kamuoyunun bilgisine sayg\u0131lar\u0131m\u0131zla sunar\u0131z&#8221;<\/p>\n<p style=\"text-align: justify;\"><a href=\"http:\/\/haber.gazetevatan.com\/hursit-tolondan-cd-aciklamasi\/427720\/1\/Gundem\" target=\"_blank\">Kaynak : VATAN Gazetesi<\/a><\/p>\n","protected":false},"excerpt":{"rendered":"<p style=\"text-align: center;\">\n<p style=\"text-align: justify;\">\u0130K\u0130NC\u0130 Ergenekon Davas\u0131\u2019n\u0131n tutuklu san\u0131\u011f\u0131 emekli Orgeneral Ahmet Hur\u015fit Tolon\u2019un avukat\u0131 \u0130lkay Sezer, yapt\u0131\u011f\u0131 yaz\u0131l\u0131 a\u00e7\u0131klamada, &#8221;Kamuoyunda &#8221;Fikri Sa\u011flar &#8211; B\u00fcy\u00fckan\u0131t Davas\u0131&#8221; olarak an\u0131lan davada delil olarak sunulan CD\u2019nin, m\u00fcvekkili emekli Orgeneral Ahmet Hur\u015fit Tolon\u2019a ait konutlarda yap\u0131lan aramalar s\u0131ras\u0131nda elde edilmedi\u011fini belirtti. <\/p>\n","protected":false},"author":1,"featured_media":0,"comment_status":"open","ping_status":"open","sticky":false,"template":"","format":"standard","meta":{"footnotes":""},"categories":[105],"tags":[],"class_list":["post-48103","post","type-post","status-publish","format-standard","hentry","category-gundem","odd"],"_links":{"self":[{"href":"http:\/\/www.korhanyilmaz.com\/index.php?rest_route=\/wp\/v2\/posts\/48103","targetHints":{"allow":["GET"]}}],"collection":[{"href":"http:\/\/www.korhanyilmaz.com\/index.php?rest_route=\/wp\/v2\/posts"}],"about":[{"href":"http:\/\/www.korhanyilmaz.com\/index.php?rest_route=\/wp\/v2\/types\/post"}],"author":[{"embeddable":true,"href":"http:\/\/www.korhanyilmaz.com\/index.php?rest_route=\/wp\/v2\/users\/1"}],"replies":[{"embeddable":true,"href":"http:\/\/www.korhanyilmaz.com\/index.php?rest_route=%2Fwp%2Fv2%2Fcomments&post=48103"}],"version-history":[{"count":0,"href":"http:\/\/www.korhanyilmaz.com\/index.php?rest_route=\/wp\/v2\/posts\/48103\/revisions"}],"wp:attachment":[{"href":"http:\/\/www.korhanyilmaz.com\/index.php?rest_route=%2Fwp%2Fv2%2Fmedia&parent=48103"}],"wp:term":[{"taxonomy":"category","embeddable":true,"href":"http:\/\/www.korhanyilmaz.com\/index.php?rest_route=%2Fwp%2Fv2%2Fcategories&post=48103"},{"taxonomy":"post_tag","embeddable":true,"href":"http:\/\/www.korhanyilmaz.com\/index.php?rest_route=%2Fwp%2Fv2%2Ftags&post=48103"}],"curies":[{"name":"wp","href":"https:\/\/api.w.org\/{rel}","templated":true}]}}