{"id":48099,"date":"2012-01-29T19:12:38","date_gmt":"2012-01-29T17:12:38","guid":{"rendered":"http:\/\/www.korhanyilmaz.com\/?p=48099"},"modified":"2012-01-29T23:33:10","modified_gmt":"2012-01-29T21:33:10","slug":"ulusal-kurtulus-hareketi-baslatilmali","status":"publish","type":"post","link":"http:\/\/www.korhanyilmaz.com\/?p=48099","title":{"rendered":"&#8220;Ulusal kurtulu\u015f hareketi ba\u015flat\u0131lmal\u0131&#8221;"},"content":{"rendered":"<p style=\"text-align: center;\"><a href=\"http:\/\/www.korhanyilmaz.com\/wp-content\/uploads\/2012\/01\/9545.jpg\"  class=\"lightview\"><img loading=\"lazy\" decoding=\"async\" class=\"aligncenter  wp-image-48100\" src=\"http:\/\/www.korhanyilmaz.com\/wp-content\/uploads\/2012\/01\/9545.jpg\" alt=\"\" width=\"319\" height=\"239\" \/><\/a><\/p>\n<p style=\"text-align: justify;\">CHP Genel Ba\u015fkan\u0131 Kemal K\u0131l\u0131\u00e7daro\u011flu, AKP iktidar\u0131n\u0131n post modern diktat\u00f6rl\u00fck anlay\u0131\u015f\u0131 ile hareket etti\u011fini, yarg\u0131\u00e7lar\u0131n yarg\u0131\u00e7l\u0131k yapmaktan, gazetecilerin yazmaktan korktu\u011funu ifade etti. K\u0131l\u0131\u00e7daro\u011flu, &#8220;Yarg\u0131\u00e7larla tavla pulu gibi T\u00fcrkiye genelinde oynayabilirler. Sa\u011fa sola s\u00fcrebilirler&#8221; derken, yeniden ulusal bir kurtulu\u015f hareketi ba\u015flat\u0131lmas\u0131 gerekti\u011fini s\u00f6yledi.\u00a0<!--more--><\/p>\n<p style=\"text-align: justify;\">Ankara- K\u0131l\u0131\u00e7daro\u011flu, CHP Etimesgut \u0130l\u00e7e Ba\u015fkanl\u0131\u011f\u0131 Eryaman \u0130rtibat B\u00fcrosu&#8217;nun a\u00e7\u0131l\u0131\u015f\u0131n\u0131 ger\u00e7ekle\u015ftirdi.<\/p>\n<p style=\"text-align: justify;\">\u0130rtibat b\u00fcrosunun \u00f6n\u00fcnde toplanan CHP&#8217;lilere seslenen K\u0131l\u0131\u00e7daro\u011flu, &#8220;\u00c7al\u0131\u015fmalara ara vermeyece\u011fiz. Ba\u015f\u0131m\u0131zda 1980&#8217;de askeri y\u00f6netim vard\u0131. \u015eimdilerde post modern darbe y\u00f6netimi var&#8221; dedi.<\/p>\n<p style=\"text-align: justify;\"><strong>&#8220;Yarg\u0131\u00e7lar yarg\u0131\u00e7l\u0131k yapmaktan korkuyor&#8221;\u00a0<\/strong><\/p>\n<p style=\"text-align: justify;\">Konu\u015fmas\u0131nda AKP iktidar\u0131na y\u00fcklenen K\u0131l\u0131\u00e7daro\u011flu, &#8220;Bu nas\u0131l bir \u00f6zg\u00fcrl\u00fck anlay\u0131\u015f\u0131? Bu nas\u0131l bir demokrasi anla\u015f\u0131\u015f\u0131d\u0131r? Gazeteciler yazmaktan kokuyor. Hapisteki gazeteci say\u0131s\u0131nda \u00c7in&#8217;den sonra ikinci s\u0131raday\u0131z. Yarg\u0131\u00e7lar yarg\u0131\u00e7l\u0131k yapmaktan korkuyor. Yarg\u0131\u00e7larla tavla pulu gibi T\u00fcrkiye genelinde oynayabilirler. Sa\u011fa sola s\u00fcrebilirler. Valiler ise tek pati iktidar\u0131 valisi durumunda&#8221; diye konu\u015ftu.<\/p>\n<p style=\"text-align: justify;\"><strong>&#8220;Direndik, yine direnece\u011fiz&#8221;\u00a0<\/strong><\/p>\n<p style=\"text-align: justify;\">K\u0131l\u0131\u00e7daro\u011flu postmodern diktat\u00f6rl\u00fck anlay\u0131\u015f\u0131na kar\u015f\u0131 kararl\u0131l\u0131kla m\u00fccadele edeceklerini s\u00f6yleyerek, \u00f6zg\u00fcrl\u00fck ve demokrasi m\u00fccadelesinin CHP&#8217;nin \u00f6teden beri en k\u00f6kl\u00fc m\u00fccadelesi oldu\u011funu ifade etti. 1980&#8217;lerde en a\u011f\u0131r bedeli CHP&#8217;nin \u00f6dedi\u011fini kaydeden K\u0131l\u0131\u00e7daro\u011flu \u015f\u00f6yle devam etti:<\/p>\n<p style=\"text-align: justify;\">&#8220;Direndik, yine direnece\u011fiz. San\u0131yorlar ki CHP susacak. Genel ba\u015fkan\u0131 hakk\u0131nda fezleke d\u00fczenlenecek biz susaca\u011f\u0131z. Televizyonlar\u0131 i\u015fgal ettiler susaca\u011f\u0131z. Hay\u0131r susmayaca\u011f\u0131z. Sokak sokak, semt semt, k\u00f6y k\u00f6y, tarla tarla m\u00fccadele edece\u011fiz. Bizim m\u00fccadelemiz insan haklar\u0131 m\u00fccadelesi. Kad\u0131n erkek e\u015fitli\u011fi, sendikalar\u0131n \u00f6zg\u00fcr oldu\u011fu, ta\u015feronlu\u011fun, kul hakk\u0131n\u0131n yenmesinin bitti\u011fi bir d\u00fczenin m\u00fccadelesidir. Memurlar\u0131n sa\u011fa sola s\u00fcr\u00fcld\u00fc\u011f\u00fc d\u00fczeni y\u0131kma m\u00fccadelesidir.&#8221;<\/p>\n<p style=\"text-align: justify;\"><strong>&#8220;AKP&#8217;nin yalakal\u0131\u011f\u0131n\u0131 yapan medyaya hepimiz tan\u0131\u011f\u0131z&#8221;\u00a0<\/strong><\/p>\n<p style=\"text-align: justify;\">Konu\u015fmas\u0131nda medyay\u0131 da ele\u015ftiren K\u0131l\u0131\u00e7daro\u011flu, &#8220;Biz medyam\u0131z\u0131 \u00f6zg\u00fcr isteriz. Sabah ak\u015fam AKP&#8217;nin yalakal\u0131\u011f\u0131n\u0131 yapan medyaya hepimiz tan\u0131\u011f\u0131z&#8221; dedi.<\/p>\n<p style=\"text-align: justify;\">Art\u0131k T\u00fcrkiye&#8217;de ger\u00e7ek anlamda de\u011fi\u015fimci \u00f6zg\u00fcrl\u00fck\u00e7\u00fc demokratik bir partinin oldu\u011funu ve bunun da CHP oldu\u011fun s\u00f6yleyen K\u0131l\u0131\u00e7daro\u011flu, kendilerine bat\u0131l\u0131lar taraf\u0131ndan &#8216;CHP stat\u00fckocu bir partidir&#8217;, &#8216;T\u00fcrkiye de\u011fi\u015fmek istiyor devrimler yap\u0131lacak. CHP engelliyor&#8217; dendi\u011fini belirterek, &#8220;CHP oraya da gitti. Onlara demokrasi, \u00f6zg\u00fcrl\u00fck dersi verdi&#8221; dedi. &#8216;Bizim medyam\u0131z yok&#8217; diyen K\u0131l\u0131\u00e7daro\u011flu, &#8220;Bizim medyam\u0131z ayaklar\u0131m\u0131z ve akl\u0131m\u0131z. Biz her yere gidece\u011fiz. Eskiden &#8216;Sivas&#8217;\u0131 ge\u00e7emezsiniz&#8217; diyorlard\u0131. \u015eimdi her yere gidiyoruz&#8221; dedi.<\/p>\n<p style=\"text-align: justify;\">CHP Lideri&#8217;nin kalabal\u0131\u011fa, &#8220;Gidemeyen kim&#8221; sorusuna hep bir a\u011f\u0131zdan &#8220;AKP&#8221; yan\u0131t\u0131 verilirken, K\u0131l\u0131\u00e7daro\u011flu, &#8220;Onlar ordu ile polisle giderler ama bu karde\u015finiz tek ba\u015f\u0131na gider&#8221; dedi. K\u0131l\u0131\u00e7daro\u011flu, Uludere&#8217;ye de T\u00fcrkiye&#8217;nin birli\u011fi b\u00fct\u00fcnl\u00fc\u011f\u00fc i\u00e7in gitti\u011fini ifade ederek, Ba\u015fbakan&#8217;a &#8220;Utan\u0131yorsun s\u00f6ylemeye ama ben s\u00f6yleyeyim. Sen gidemedin ben gittim&#8221; s\u00f6zleriyle seslendi.<\/p>\n<p style=\"text-align: justify;\"><strong>&#8220;Bat\u0131ya ger\u00e7ek y\u00fczlerini g\u00f6sterdik&#8221;\u00a0<\/strong><\/p>\n<p style=\"text-align: justify;\">Ba\u015fbakan Recep Tayyip Erdo\u011fan&#8217;\u0131n &#8220;CHP bat\u0131ya bizi \u015fikayet ediyor&#8221; s\u00f6zlerini de hat\u0131rlatan K\u0131l\u0131\u00e7daro\u011flu, &#8220;Ben sa\u011fda solda farkl\u0131 \u015fey mi s\u00f6yleyece\u011fim? Bizim i\u00e7imiz d\u0131\u015f\u0131m\u0131z bir. Senin gibi i\u00e7ten pazarl\u0131kl\u0131 de\u011filiz. Onlar d\u0131\u015far\u0131da ba\u015fka i\u00e7eride ba\u015fka. Biz ger\u00e7ek y\u00fczlerini g\u00f6sterdik&#8221; diye konu\u015ftu.<\/p>\n<p style=\"text-align: justify;\">1940&#8217;larda Hitler Almanya&#8217;s\u0131nda toplama kamp\u0131 oldu\u011funu s\u00f6yleyen K\u0131l\u0131\u00e7daro\u011flu, kendisini dinleyen partililere &#8220;\u015eimdi toplama kamp\u0131 nerede&#8221; diye sordu. Partililer hep bir a\u011f\u0131zdan, &#8220;Silivri&#8221; cevab\u0131n\u0131 verdi. K\u0131l\u0131\u00e7daro\u011flu bunun \u00fczerine, &#8220;Siz hangi demokraside iktidara kar\u015f\u0131 olanlar\u0131n toplama kamp\u0131nda oldu\u011funu duydunuz? O toplama kamp\u0131n\u0131 d\u00fcnyan\u0131n her taraf\u0131nda anlataca\u011f\u0131z. Herkes yarg\u0131lanabilir ama biz hukukun \u00fcst\u00fcnl\u00fc\u011f\u00fc kurallar\u0131 i\u00e7inde yarg\u0131lanmalar\u0131n\u0131 istiyoruz&#8221; dedi.<\/p>\n<p style=\"text-align: justify;\"><strong>19 May\u0131s&#8217;ta inad\u0131na sokaklara \u00e7\u0131kaca\u011f\u0131z\u00a0<\/strong><\/p>\n<p style=\"text-align: justify;\">Konu\u015fmas\u0131 s\u0131ras\u0131nda ezan okununca CHP Lideri de konu\u015fmas\u0131na ara verdi. Ezan\u0131n bitmesinin ard\u0131ndan konu\u015fmas\u0131na devam eden K\u0131l\u0131\u00e7daro\u011flu t\u00fcm bunlara ra\u011fmen kendilerini ayakta tutan\u0131n, g\u00fc\u00e7l\u00fc tutan\u0131n &#8216;umut&#8217; oldu\u011funu s\u00f6yleyerek kalabal\u0131\u011fa, &#8220;Umudumuzu yitirmeyece\u011fiz. Kurtulu\u015f m\u00fccadelesi veren Mustafa Kemal ve arkada\u015flar\u0131 umutlar\u0131n\u0131 yitirmediler. 19 May\u0131s 1919&#8217;da Samsun&#8217;a ayak bast\u0131lar. \u015eimdi diyorlar ki &#8217;19 May\u0131s t\u00f6renleri yap\u0131lmayacak.&#8217; 19 May\u0131s&#8217;ta b\u00fct\u00fcn statlar halk\u0131n olacakt\u0131r. Biz b\u00fct\u00fcn meydanlarda olaca\u011f\u0131z. \u0130nad\u0131na inad\u0131na sokaklara \u00e7\u0131kaca\u011f\u0131z. \u00c7\u00fcnk\u00fc biz g\u00fcc\u00fcm\u00fcz\u00fc Kuvay-\u0131 Milliye&#8217;den ald\u0131k. Recep Tayyip Erdo\u011fan&#8217;dan de\u011fil. Umudumuz s\u00f6nmeyecek, y\u00fcrekli g\u00fc\u00e7l\u00fc olaca\u011f\u0131z. \u00c7\u00fcnk\u00fc biz hakl\u0131y\u0131z. Hakl\u0131 olan her yerde g\u00fc\u00e7l\u00fcd\u00fcr. \u00c7\u00fcnk\u00fc biz demokrasi \u00f6zg\u00fcrl\u00fck uygarl\u0131\u011f\u0131n oldu\u011fu, \u00e7ocuklar\u0131n \u00f6zg\u00fcrce okullara gidip d\u00fc\u015f\u00fcncelerini ifade etti\u011fi bir T\u00fcrkiye istiyoruz. \u00c7ok mu \u015fey istiyoruz&#8221; diye konu\u015ftu.<\/p>\n<p style=\"text-align: justify;\"><strong>&#8220;Yeniden bir ulusal kurtulu\u015f hareketi ba\u015flatmak zorunday\u0131z&#8221;\u00a0<\/strong><\/p>\n<p style=\"text-align: justify;\">Kendisini dinlemeye gelen toplulu\u011fun neredeyse yar\u0131s\u0131ndan fazlas\u0131n\u0131 kad\u0131nlar\u0131n olu\u015fturdu\u011funun alt\u0131n\u0131 \u00e7izen K\u0131l\u0131\u00e7daro\u011flu kendisini umutland\u0131ran en g\u00fczel \u015feyin m\u00fccadelenin kad\u0131n erkek birlikte verilmesi oldu\u011funu ifade eti. K\u0131l\u0131\u00e7daro\u011flu, &#8220;Kad\u0131nlar evde oturmayacak. \u00c7ocuklar\u0131n\u0131n gelece\u011fi i\u00e7in sokaklara inecek. M\u00fccadelemiz hay\u0131rl\u0131 olsun. Yeniden bir ulusal kurtulu\u015f hareketi ba\u015flatmak zorunday\u0131z. Rahats\u0131z olacaklar, olsunlar. \u0130sterlerse yarg\u0131y\u0131, vilayetleri, tersaneleri ele ge\u00e7irsinler. Bizi y\u00fcre\u011fimizi ele ge\u00e7iremeyecekler. Se\u00e7im yok ama biz buraday\u0131z. Sebebi yurt sevgisi, insan sevgisidir. Bizi burada bulu\u015fturan Mustafa Kemal sevgisidir. M\u00fccadelemiz durmayacak. Herkesin elini s\u0131kaca\u011f\u0131m ama bir ki\u015fi ile olmaz. Bir \u00e7i\u00e7ekle yaz gelmez. M\u00fccadelemizi hep birlikte yapaca\u011f\u0131z&#8221; diye konu\u015ftu.<\/p>\n<p style=\"text-align: justify;\">Kalabal\u0131\u011fa &#8220;AKP medyas\u0131n\u0131n yazd\u0131\u011f\u0131na inanmay\u0131n&#8221; diye seslenen K\u0131l\u0131\u00e7daro\u011flu, &#8220;Onlar\u0131n tek g\u00f6revi CHP&#8217;yi itibars\u0131zla\u015ft\u0131rmak. Bizim bir tek inanc\u0131m\u0131z var. O da insan sevgisi. \u0130nsan\u0131m\u0131z\u0131n inanc\u0131na kimli\u011fine say\u0131 g\u00f6sterece\u011fiz. \u00c7\u00fcnk\u00fc biz CHP&#8217;yiz&#8221; diye konu\u015ftu.<\/p>\n<p style=\"text-align: justify;\"><strong>&#8220;Kurultay\u0131m\u0131z\u0131 bayram havas\u0131nda yapaca\u011f\u0131z&#8221;\u00a0<\/strong><\/p>\n<p style=\"text-align: justify;\">26 \u015fubatta yap\u0131lacak Ola\u011fan\u00fcst\u00fc T\u00fcz\u00fck Kurultay\u0131&#8217;na da i\u015faret eden CHP Lideri, &#8220;\u00d6n\u00fcm\u00fczdeki g\u00fcnlerde t\u00fcz\u00fck Kurultay\u0131m\u0131z olacak. Hay\u0131rl\u0131 olacak. Kurultay\u0131m\u0131z\u0131 bayram havas\u0131nda yapaca\u011f\u0131z. Y\u00fcre\u011fimizde dilimizde demokrasi varsa t\u00fcz\u00fc\u011f\u00fcm\u00fczde de demokrasi olacak. Kimse herhangi bir endi\u015fe duymas\u0131n&#8221; diye konu\u015ftu. K\u0131l\u0131\u00e7daro\u011flu konu\u015fmas\u0131n\u0131n ard\u0131ndan CP Eryaman \u0130rtibat b\u00fcrosunun a\u00e7\u0131l\u0131\u015f\u0131n\u0131 yapt\u0131. K\u0131l\u0131\u00e7daro\u011flu&#8217;na vatanda\u015flar\u0131n yan\u0131 s\u0131ra CHP Genel Ba\u015fkan Yard\u0131mc\u0131lar\u0131 ve Ankara miletvekilleri de e\u015flik etti.<\/p>\n<p style=\"text-align: justify;\"><a href=\"http:\/\/www.cumhuriyet.com.tr\/?hn=311624\" target=\"_blank\">Kaynak : Cumhuriyet Haber Portal\u0131<\/a><\/p>\n","protected":false},"excerpt":{"rendered":"<p style=\"text-align: center;\">\n<p style=\"text-align: justify;\">CHP Genel Ba\u015fkan\u0131 Kemal K\u0131l\u0131\u00e7daro\u011flu, AKP iktidar\u0131n\u0131n post modern diktat\u00f6rl\u00fck anlay\u0131\u015f\u0131 ile hareket etti\u011fini, yarg\u0131\u00e7lar\u0131n yarg\u0131\u00e7l\u0131k yapmaktan, gazetecilerin yazmaktan korktu\u011funu ifade etti. K\u0131l\u0131\u00e7daro\u011flu, &#8220;Yarg\u0131\u00e7larla tavla pulu gibi T\u00fcrkiye genelinde oynayabilirler. Sa\u011fa sola s\u00fcrebilirler&#8221; derken, yeniden ulusal bir kurtulu\u015f hareketi ba\u015flat\u0131lmas\u0131 gerekti\u011fini s\u00f6yledi. <\/p>\n","protected":false},"author":1,"featured_media":0,"comment_status":"open","ping_status":"open","sticky":false,"template":"","format":"standard","meta":{"footnotes":""},"categories":[105],"tags":[],"class_list":["post-48099","post","type-post","status-publish","format-standard","hentry","category-gundem","odd"],"_links":{"self":[{"href":"http:\/\/www.korhanyilmaz.com\/index.php?rest_route=\/wp\/v2\/posts\/48099","targetHints":{"allow":["GET"]}}],"collection":[{"href":"http:\/\/www.korhanyilmaz.com\/index.php?rest_route=\/wp\/v2\/posts"}],"about":[{"href":"http:\/\/www.korhanyilmaz.com\/index.php?rest_route=\/wp\/v2\/types\/post"}],"author":[{"embeddable":true,"href":"http:\/\/www.korhanyilmaz.com\/index.php?rest_route=\/wp\/v2\/users\/1"}],"replies":[{"embeddable":true,"href":"http:\/\/www.korhanyilmaz.com\/index.php?rest_route=%2Fwp%2Fv2%2Fcomments&post=48099"}],"version-history":[{"count":0,"href":"http:\/\/www.korhanyilmaz.com\/index.php?rest_route=\/wp\/v2\/posts\/48099\/revisions"}],"wp:attachment":[{"href":"http:\/\/www.korhanyilmaz.com\/index.php?rest_route=%2Fwp%2Fv2%2Fmedia&parent=48099"}],"wp:term":[{"taxonomy":"category","embeddable":true,"href":"http:\/\/www.korhanyilmaz.com\/index.php?rest_route=%2Fwp%2Fv2%2Fcategories&post=48099"},{"taxonomy":"post_tag","embeddable":true,"href":"http:\/\/www.korhanyilmaz.com\/index.php?rest_route=%2Fwp%2Fv2%2Ftags&post=48099"}],"curies":[{"name":"wp","href":"https:\/\/api.w.org\/{rel}","templated":true}]}}