{"id":48095,"date":"2012-01-29T15:08:10","date_gmt":"2012-01-29T13:08:10","guid":{"rendered":"http:\/\/www.korhanyilmaz.com\/?p=48095"},"modified":"2012-01-29T17:07:54","modified_gmt":"2012-01-29T15:07:54","slug":"hepimiz-ermeni-degiliz-dedi-ve-ekledi","status":"publish","type":"post","link":"http:\/\/www.korhanyilmaz.com\/?p=48095","title":{"rendered":"&#8220;Hepimiz Ermeni de\u011filiz&#8221; dedi ve ekledi&#8230;"},"content":{"rendered":"<p style=\"text-align: center;\"><a href=\"http:\/\/www.korhanyilmaz.com\/wp-content\/uploads\/2012\/01\/9544.jpg\"  class=\"lightview\"><img loading=\"lazy\" decoding=\"async\" class=\"aligncenter  wp-image-48096\" src=\"http:\/\/www.korhanyilmaz.com\/wp-content\/uploads\/2012\/01\/9544.jpg\" alt=\"\" width=\"234\" height=\"202\" \/><\/a><\/p>\n<p style=\"text-align: justify;\">HAS Parti Genel Ba\u015fkan\u0131 Numan Kurtulmu\u015f, Hrant Dink davas\u0131nda geni\u015f dindar kitlelerin &#8220;Hepimiz Ermeniyiz&#8221; sloganlar\u0131 at\u0131ld\u0131\u011f\u0131 i\u00e7in meseleden uzakla\u015ft\u0131r\u0131lmaya \u00e7al\u0131\u015f\u0131ld\u0131\u011f\u0131n\u0131 savunarak, &#8220;Hepimiz Ermeni falan de\u011filiz. \u00c7ok \u015f\u00fck\u00fcr hepimiz M\u00fcsl\u00fcman\u0131z. Hrant Dink meselesine tam da bunun i\u00e7in sahip \u00e7\u0131kmal\u0131y\u0131z&#8221; dedi.\u00a0<!--more--><\/p>\n<p style=\"text-align: justify;\">HAS Parti Ankara \u0130l Te\u015fkilat\u0131&#8217;n\u0131n Ocak Ay\u0131 \u0130l Divan Toplant\u0131s\u0131, Tes-\u0130\u015f Sendikas\u0131 Konferans Salonu&#8217;nda yap\u0131ld\u0131. HAS Parti Ankara \u0130l Ba\u015fkan\u0131 Abd\u00fclhamit G\u00fcl, partilerinin siyasetinin ahlak ve maneviyat eksenli bir siyaset oldu\u011funu vurgulad\u0131. Askeri vesayetten nas\u0131l kurtulmak gerekiyorsa sivil vesayetten de kurtulmak gerekti\u011fini savunan G\u00fcl, &#8220;Futbolun \u015fikesini biliyoruz. Siyasetin \u015fikesi de y\u00fczde 10 baraj\u0131d\u0131r&#8221; dedi.<\/p>\n<p style=\"text-align: justify;\">G\u00fcl&#8217;\u00fcn ard\u0131ndan k\u00fcrs\u00fcye \u00e7\u0131kan Numan Kurtulmu\u015f, HAS Parti&#8217;nin d\u00fcnyan\u0131n neresinde mazlum varsa onun yan\u0131nda, ne kadar zalim varsa onun kar\u015f\u0131s\u0131nda oldu\u011funu dile getirdi. Partilerinin durdu\u011fu yerin do\u011fru oldu\u011funun alt\u0131n\u0131 \u00e7izen Kurtulmu\u015f, bu duru\u015fun b\u00fct\u00fcn g\u00f6r\u00fc\u015flerini \u00f6z\u00fcmsemi\u015f ve uygulayan \u00e7ok de\u011ferli te\u015fkilatlar\u0131n\u0131n oldu\u011funu belirtti.<\/p>\n<p style=\"text-align: justify;\">T\u00fcrkiye&#8217;deki 1946 se\u00e7imleri d\u0131\u015far\u0131da b\u0131rak\u0131l\u0131rsa \u00e7ok partili hayat\u0131n 62 y\u0131ll\u0131k s\u00fcresinin, stat\u00fckoyla sistemin de\u011fi\u015fmesi aras\u0131nda bir m\u00fccadele olarak \u00f6zetlenebilece\u011fini anlatan Kurtulmu\u015f, milletin hep stat\u00fckonun kar\u015f\u0131s\u0131nda oldu\u011funu d\u00fc\u015f\u00fcnd\u00fc\u011f\u00fc partiye oy verdi\u011fini s\u00f6yledi. Esas sorunun, \u00f6yle g\u00f6r\u00fcnen partiler oldu\u011funa de\u011finen Kurtulmu\u015f, &#8220;Stat\u00fcko hep mazeret \u00fcretir. &#8216;Devletin bekas\u0131 i\u00e7in, \u00fclkenin gelece\u011fi i\u00e7in&#8217; der&#8221; dedi.<\/p>\n<p style=\"text-align: justify;\">\u0130ktidara &#8220;10 y\u0131ld\u0131r yapman gereken \u015feyleri ni\u00e7in yapm\u0131yorsun? Bizim k\u0131sa s\u00fcre i\u00e7inde dile getirdi\u011fimiz konulara bak\u0131n&#8221; diye seslenen Kurtulmu\u015f, muhalefet veya iktidar polemi\u011fine girmeksizin \u00f6nerdikleri \u00e7\u00f6z\u00fcm \u00f6nerilerinin dikkate al\u0131nmas\u0131 gerekti\u011fini s\u00f6yledi.<\/p>\n<p style=\"text-align: justify;\">T\u00fcrkiye&#8217;de say\u0131s\u0131 200 bini bulan \u00f6\u011fretmen aday\u0131yla ilgili sorunlar\u0131 her platforma ta\u015f\u0131d\u0131klar\u0131n\u0131, 17 bin ataman\u0131n yetmeyece\u011fini anlatt\u0131klar\u0131n\u0131 dile getiren Kurtulmu\u015f, 130 bin \u00f6\u011fretmen a\u00e7\u0131\u011f\u0131 olmas\u0131na ra\u011fmen Milli E\u011fitim Bakan\u0131 \u00d6mer Din\u00e7er&#8217;in 44 bin \u00f6\u011fretmen atama s\u00f6z\u00fc verdi\u011fini an\u0131msatt\u0131.<\/p>\n<p style=\"text-align: justify;\"><strong>-&#8220;Kayseri&#8217;de b\u00fcy\u00fck bir ay\u0131p \u00f6nlenmi\u015f oldu&#8221;-\u00a0<\/strong><\/p>\n<p style=\"text-align: justify;\">Ge\u00e7en cuma Kayseri&#8217;de yap\u0131lan duru\u015fmada, &#8220;Kahrolsun \u0130srail&#8221; slogan\u0131 att\u0131\u011f\u0131 i\u00e7in g\u00f6zalt\u0131na al\u0131nan gen\u00e7lerin HAS Parti&#8217;nin avukatlar\u0131n\u0131n m\u00fcdahil olmak i\u00e7in dilek\u00e7e verdi\u011fini ve yap\u0131lan savunmayla gen\u00e7lerin serbest kald\u0131\u011f\u0131n\u0131 anlatan Kurtulmu\u015f, &#8220;Furkan Do\u011fan 19 ya\u015f\u0131nda Mavi Marmara olay\u0131nda \u015fehit oldu. Kayseri&#8217;deki olay, onun \u015fahadetine hakarettir. B\u00fcy\u00fck bir ay\u0131p \u00f6nlenmi\u015f oldu&#8221; g\u00f6r\u00fc\u015flerini dile getirdi.<\/p>\n<p style=\"text-align: justify;\">Bundan sonraki s\u00fcre\u00e7te T\u00fcrkiye&#8217;nin ger\u00e7ek meseleleri oldu\u011funa inand\u0131klar\u0131 2 olay\u0131n takip\u00e7isi olacaklar\u0131na dikkati \u00e7eken Kurtulmu\u015f, \u015funlar\u0131 s\u00f6yledi:<\/p>\n<p style=\"text-align: justify;\">&#8220;\u0130lk olarak, T\u00fcrkiye&#8217;nin karanl\u0131k d\u00f6neminin \u00fczerindeki \u00f6rt\u00fclerin kald\u0131r\u0131lmas\u0131 \u015fartt\u0131r. Biz bu d\u00f6nemdeki hesapla\u015fman\u0131n 28 \u015eubat&#8217;ta ba\u015flamas\u0131n\u0131 gerekli g\u00f6r\u00fcyoruz. Ayr\u0131ca \u00f6n\u00fcm\u00fczdeki d\u00f6nemde 27 Nisan&#8217;la ilgili su\u00e7 duyurusunda bulunaca\u011f\u0131z ve &#8217;27 Nisan&#8217;\u0131 ben yazd\u0131m&#8217; diyenler ba\u015fta olmak \u00fczere b\u00fct\u00fcn ilgililerden hesap soraca\u011f\u0131z.<\/p>\n<p style=\"text-align: justify;\">12 Eyl\u00fcl&#8217;le hesapla\u015fmak sadece 90 ya\u015f\u0131ndaki generalleri mahkemeye \u00e7\u0131karmaktan ibaret olmamal\u0131d\u0131r. Tabi ki Kenan Evren ve Tahsin \u015eahinkaya&#8217;dan hesap sorun ama 12 Eyl\u00fcl&#8217;le hesapla\u015fmak i\u00e7in \u00f6nce 12 Eyl\u00fcl&#8217;\u00fcn kay\u0131\u011f\u0131ndan inin. 12 Eyl\u00fcl kay\u0131\u011f\u0131na binerek 12 Eyl\u00fcl&#8217;le hesapla\u015famazs\u0131n\u0131z. \u0130kinci olarak da T\u00fcrkiye&#8217;de kay\u0131ts\u0131z \u015farts\u0131z halk egemenli\u011finin sa\u011flanmas\u0131 i\u00e7in yeni anayasan\u0131n yap\u0131lmas\u0131 gerekir. Yeni Anayasa ile millet demokratik bir sistemin kurulmas\u0131n\u0131 bekliyor. Ama b\u00f6yle giderse da\u011f fare do\u011furacakt\u0131r.&#8221;<\/p>\n<p style=\"text-align: justify;\"><strong>-Hrant Dink davas\u0131-\u00a0<\/strong><\/p>\n<p style=\"text-align: justify;\">Hrant Dink davas\u0131nda mahkeme ba\u015fkan\u0131n\u0131n &#8220;ben bu karar\u0131 verdim ama bu do\u011fru bir karar de\u011fil&#8221; \u015feklinde s\u00f6zler kulland\u0131\u011f\u0131n\u0131 belirten Kurtulmu\u015f, kimin \u00f6ld\u00fcrd\u00fc\u011f\u00fc isim isim bilinmese de Dink&#8217;i kimin \u00f6ld\u00fcrtt\u00fc\u011f\u00fcn\u00fc g\u00f6rd\u00fcklerini ifade etti.<\/p>\n<p style=\"text-align: justify;\">Kurtulmu\u015f, \u015funlar\u0131 anlatt\u0131:<\/p>\n<p style=\"text-align: justify;\">&#8220;Dink&#8217;i bu \u00fclkenin insanlar\u0131n\u0131n \u00f6zg\u00fcrce ya\u015famas\u0131n\u0131 istemeyen karanl\u0131k bir odak \u00f6ld\u00fcrtt\u00fc. Bu karanl\u0131k olay\u0131 te\u015fhis etmek i\u00e7in mazlumun yan\u0131nda durmak zorunday\u0131z ama o kadar haince bir \u015fey geli\u015ftiriliyor ki; sanki &#8216;Hepimiz Ermeniyiz&#8217; sloganlar\u0131 at\u0131ld\u0131 diye, geni\u015f dindar kitlelerin bu meseleye sahip \u00e7\u0131kmamas\u0131 i\u00e7in, meseleden uzakla\u015ft\u0131r\u0131lmaya \u00e7al\u0131\u015f\u0131l\u0131yor kitleler. Hepimiz Ermeni falan de\u011filiz, \u00e7ok \u015f\u00fck\u00fcr hepimiz M\u00fcsl\u00fcman\u0131z. Hrant Dink meselesine tam da bunun i\u00e7in sahip \u00e7\u0131kmal\u0131y\u0131z. Biz as\u0131rlard\u0131r bar\u0131\u015f i\u00e7inde ya\u015f\u0131yoruz. Peygamberimizin bize zimmet olarak verdi\u011fi gayrim\u00fcslim vatanda\u015f\u0131m\u0131z\u0131 bu topraklarda koruyamad\u0131\u011f\u0131m\u0131z i\u00e7in \u00fcz\u00fclmemiz gerekmez mi? Peygamberimizin s\u00fcnnetine sahip \u00e7\u0131kamad\u0131k.&#8221;<\/p>\n<p style=\"text-align: justify;\">Muhsin Yaz\u0131c\u0131o\u011flu, Turgut \u00d6zal, Adnan Kahveci, Bedri \u0130ncetahtac\u0131 \u00f6l\u00fcmlerinin ayd\u0131nlat\u0131lmas\u0131 gerekti\u011fini belirten HAS Parti Genel Ba\u015fkan\u0131 Kurtulmu\u015f, &#8220;T\u00fcrkiye bu karanl\u0131k \u00f6l\u00fcmleri ayd\u0131nlatmazsa sand\u0131ktan hangi sonu\u00e7 \u00e7\u0131karsa \u00e7\u0131ks\u0131n, bu sonuca T\u00fcrkiye&#8217;nin karanl\u0131k odalar\u0131 hakim olur&#8221; dedi.<\/p>\n<p style=\"text-align: justify;\">Kurtulmu\u015f&#8217;a konu\u015fmas\u0131n\u0131n ard\u0131ndan, parti te\u015fkilat\u0131 taraf\u0131ndan Ankarag\u00fcc\u00fc atk\u0131s\u0131, Pursaklar \u0130l\u00e7e Te\u015fkilat\u0131 taraf\u0131ndan portresinin oldu\u011fu kilim, Kad\u0131n Kollar\u0131 taraf\u0131ndan \u00e7i\u00e7ek ve Gen\u00e7lik Kollar\u0131nca da T\u00fcrk Bayra\u011f\u0131 desenli tablo hediye edildi.<\/p>\n<p style=\"text-align: justify;\">Kurtulmu\u015f, kad\u0131n kollar\u0131n\u0131n hediye etti\u011fi \u00e7i\u00e7e\u011fi, e\u015fi Sevgi Kurtulmu\u015f&#8217;a verdi.<\/p>\n<p style=\"text-align: justify;\"><a href=\"http:\/\/www.cnnturk.com\/2012\/turkiye\/01\/29\/hepimiz.ermeni.degiliz.dedi.ve.ekledi\/646915.0\/index.html\" target=\"_blank\">Kaynak : CNN T\u00dcRK\u00a0<\/a><\/p>\n","protected":false},"excerpt":{"rendered":"<p style=\"text-align: center;\">\n<p style=\"text-align: justify;\">HAS Parti Genel Ba\u015fkan\u0131 Numan Kurtulmu\u015f, Hrant Dink davas\u0131nda geni\u015f dindar kitlelerin &#8220;Hepimiz Ermeniyiz&#8221; sloganlar\u0131 at\u0131ld\u0131\u011f\u0131 i\u00e7in meseleden uzakla\u015ft\u0131r\u0131lmaya \u00e7al\u0131\u015f\u0131ld\u0131\u011f\u0131n\u0131 savunarak, &#8220;Hepimiz Ermeni falan de\u011filiz. \u00c7ok \u015f\u00fck\u00fcr hepimiz M\u00fcsl\u00fcman\u0131z. Hrant Dink meselesine tam da bunun i\u00e7in sahip \u00e7\u0131kmal\u0131y\u0131z&#8221; dedi. <\/p>\n","protected":false},"author":1,"featured_media":0,"comment_status":"open","ping_status":"open","sticky":false,"template":"","format":"standard","meta":{"footnotes":""},"categories":[105],"tags":[849,558],"class_list":["post-48095","post","type-post","status-publish","format-standard","hentry","category-gundem","tag-has-parti","tag-numan-kurtulmus","odd"],"_links":{"self":[{"href":"http:\/\/www.korhanyilmaz.com\/index.php?rest_route=\/wp\/v2\/posts\/48095","targetHints":{"allow":["GET"]}}],"collection":[{"href":"http:\/\/www.korhanyilmaz.com\/index.php?rest_route=\/wp\/v2\/posts"}],"about":[{"href":"http:\/\/www.korhanyilmaz.com\/index.php?rest_route=\/wp\/v2\/types\/post"}],"author":[{"embeddable":true,"href":"http:\/\/www.korhanyilmaz.com\/index.php?rest_route=\/wp\/v2\/users\/1"}],"replies":[{"embeddable":true,"href":"http:\/\/www.korhanyilmaz.com\/index.php?rest_route=%2Fwp%2Fv2%2Fcomments&post=48095"}],"version-history":[{"count":0,"href":"http:\/\/www.korhanyilmaz.com\/index.php?rest_route=\/wp\/v2\/posts\/48095\/revisions"}],"wp:attachment":[{"href":"http:\/\/www.korhanyilmaz.com\/index.php?rest_route=%2Fwp%2Fv2%2Fmedia&parent=48095"}],"wp:term":[{"taxonomy":"category","embeddable":true,"href":"http:\/\/www.korhanyilmaz.com\/index.php?rest_route=%2Fwp%2Fv2%2Fcategories&post=48095"},{"taxonomy":"post_tag","embeddable":true,"href":"http:\/\/www.korhanyilmaz.com\/index.php?rest_route=%2Fwp%2Fv2%2Ftags&post=48095"}],"curies":[{"name":"wp","href":"https:\/\/api.w.org\/{rel}","templated":true}]}}