{"id":48087,"date":"2012-01-28T14:22:25","date_gmt":"2012-01-28T12:22:25","guid":{"rendered":"http:\/\/www.korhanyilmaz.com\/?p=48087"},"modified":"2012-01-29T03:14:45","modified_gmt":"2012-01-29T01:14:45","slug":"hukumetin-sinsi-plani","status":"publish","type":"post","link":"http:\/\/www.korhanyilmaz.com\/?p=48087","title":{"rendered":"&#8220;H\u00fck\u00fcmetin sinsi plan\u0131&#8221;"},"content":{"rendered":"<p style=\"text-align: center;\"><a href=\"http:\/\/www.korhanyilmaz.com\/wp-content\/uploads\/2012\/01\/9542.jpg\"  class=\"lightview\"><img loading=\"lazy\" decoding=\"async\" class=\"aligncenter  wp-image-48088\" src=\"http:\/\/www.korhanyilmaz.com\/wp-content\/uploads\/2012\/01\/9542.jpg\" alt=\"\" width=\"396\" height=\"180\" \/><\/a><\/p>\n<p style=\"text-align: justify;\">MHP Genel Ba\u015fkan\u0131 Devlet Bah\u00e7eli son siyasi geli\u015fmeler hakk\u0131nda yaz\u0131l\u0131 bir a\u00e7\u0131klama yapt\u0131.<\/p>\n<p style=\"text-align: justify;\">ANKARA &#8211; Bah\u00e7eli, &#8220;Dersim ayaklanmas\u0131n\u0131 g\u00fcndeme ta\u015f\u0131yan sorumsuzlukla b\u00fcy\u00fcyen gedik; Menemen tart\u0131\u015fmas\u0131yla a\u00e7\u0131lm\u0131\u015f, Uludere meselesiyle derinle\u015fmi\u015f, Y\u00fcksekova davas\u0131yla boyut de\u011fi\u015ftirmi\u015f, &#8216;Hepimiz Ermeniyiz&#8217; hezeyanlar\u0131yla \u00e7\u0131tas\u0131n\u0131 y\u00fckseltmi\u015ftir. H\u00fck\u00fcmet, g\u00fcndemi i\u015fgal eden her konuyu f\u0131rsat bilerek, sinsi ve gizli planlar\u0131n\u0131 bug\u00fcne kadar an\u0131nda devreye sokmu\u015ftur&#8221; dedi.\u00a0<!--more--><\/p>\n<p style=\"text-align: justify;\">T\u00fcrkiye&#8217;nin hem i\u00e7ten hem de d\u0131\u015ftan, etkinlik d\u00fczeyi ileri a\u015famaya ula\u015fm\u0131\u015f bir husumet ku\u015fatmas\u0131 taraf\u0131ndan \u00e7evrelendi\u011fini ve bask\u0131 alt\u0131na al\u0131nd\u0131\u011f\u0131n\u0131 belirten Bah\u00e7eli, &#8220;Fransa&#8217;n\u0131n, s\u00f6zde Ermeni soyk\u0131r\u0131m iddialar\u0131n\u0131 kabul etmeyenlere ceza verilmesini \u00f6ng\u00f6ren ve nihayetinde bu \u00fclkenin Senatosu taraf\u0131ndan kabul edilen karar\u0131 bunlardan birisi olmu\u015ftur. D\u00fc\u015f\u00fcnceye, ifade ve fikir \u00f6zg\u00fcrl\u00fc\u011f\u00fcne pranga vuran bu otoriter ve tahamm\u00fcls\u00fcz zihniyet, Bat\u0131&#8217;n\u0131n \u00e7ifte standarttan beslenen ve keyfili\u011fi atlama tahtas\u0131 olarak kullanan kurnazl\u0131\u011f\u0131na a\u00e7\u0131k bir delildir. \u0130nsan olmaktan kaynaklanan s\u00f6z s\u00f6yleme ve ileri s\u00fcrme hakk\u0131n\u0131n bu \u00fclke taraf\u0131ndan gasp edilmesi ve yapt\u0131r\u0131ma ba\u011flanmas\u0131 y\u00fczs\u00fczl\u00fckten de \u00f6te, jakoben zorbal\u0131\u011f\u0131n yeni bir oyunu olarak g\u00f6r\u00fclmelidir&#8221; dedi.<\/p>\n<p style=\"text-align: justify;\"><strong>&#8220;AKP&#8217;N\u0130N EKT\u0130\u011e\u0130 AYRILIK TOHUMLARININ BOY ATMAYA BA\u015eLADI&#8221;<\/strong><\/p>\n<p style=\"text-align: justify;\">Bah\u00e7eli, &#8220;AKP h\u00fck\u00fcmetinin \u00f6zg\u00fcrle\u015fme ve demokratikle\u015fme olarak \u00f6vd\u00fc\u011f\u00fc Arap Bahar\u0131 dalgas\u0131, g\u00f6r\u00fcld\u00fc\u011f\u00fc kadar\u0131yla otoriter hevesleri beslemi\u015f, de\u011fi\u015fim dinamiklerinin do\u011fal mecras\u0131n\u0131 t\u0131kam\u0131\u015f ve daraltm\u0131\u015ft\u0131r. M\u0131s\u0131r ve Libya \u00f6rnekleri bunun i\u00e7in iyi bir misal te\u015fkil etmi\u015ftir. D\u0131\u015far\u0131da \u00f6zet olarak bunlar olurken, \u00fclkemizde ta\u015flar yerinden oynamakta, AKP&#8217;nin yayd\u0131\u011f\u0131 fitnenin ve ekti\u011fi ayr\u0131l\u0131k tohumlar\u0131n\u0131n boy atmaya ba\u015flad\u0131\u011f\u0131 g\u00f6r\u00fclmektedir. Bu kapsamda birbirine eklemlenerek g\u00fc\u00e7lenen ve s\u00fcrd\u00fcr\u00fclebilir bir i\u00e7erik kazanan vahamet halkalar\u0131, aziz milletimizin \u00f6n\u00fcn\u00fc kesmekte, ge\u00e7i\u015f ve ilerleyi\u015f g\u00fczerg\u00e2h\u0131n\u0131 tuzaklamaktad\u0131r&#8221; dedi.<\/p>\n<p style=\"text-align: justify;\"><strong>&#8220;B\u00d6L\u00dcC\u00dc \u00d6RG\u00dcT\u00dcN DEVLETLE \u0130RT\u0130BATLANDIRMA \u00c7ABASI&#8221;<\/strong><\/p>\n<p style=\"text-align: justify;\">Bah\u00e7eli, &#8220;KCK operasyonlar\u0131 sayesinde b\u00f6l\u00fcc\u00fcl\u00fckle m\u00fccadele edildi\u011fi izlenimi veren, fakat el alt\u0131ndan PKK&#8217;yla g\u00f6r\u00fc\u015fmek i\u00e7in d\u00fc\u011fmeye basan h\u00fck\u00fcmetin, \u015fehitlerimizin ve gazilerimizin t\u00fcm vebalini \u00fcst\u00fcne ald\u0131\u011f\u0131 ve milletimizin bedduas\u0131yla sars\u0131laca\u011f\u0131 iyi bilinmelidir. Daha tehlikelisi ise, PKK&#8217;n\u0131n devlet projesi oldu\u011fu tezinin malum mihraklar ve s\u00f6zc\u00fcleri taraf\u0131ndan dillendirilmesi ve servis edilmesi meselesidir. \u0130mral\u0131 canisinin avukatlar\u0131yla ve yak\u0131nlar\u0131yla g\u00f6r\u00fc\u015fmemesinin, bu minvalde s\u00fcrd\u00fcr\u00fclen propagandan\u0131n ara bir a\u015famas\u0131 olarak tayin edildi\u011fi izlenimi gittik\u00e7e g\u00fc\u00e7lenmektedir. Bu geli\u015fmelerin vatan\u0131m\u0131z\u0131n bir y\u00f6resindeki kaz\u0131larla birlikte ayn\u0131 paralelde y\u00fcr\u00fcmesi de elbette d\u00fc\u015f\u00fcnd\u00fcr\u00fcc\u00fc ve son derece uyar\u0131c\u0131 niteliktedir. Kald\u0131 ki b\u00f6l\u00fcc\u00fc \u00f6rg\u00fct\u00fcn devletle irtibatland\u0131rma \u00e7abas\u0131n\u0131n yenilir, yutulur ve kabul edilebilir hi\u00e7bir taraf\u0131 yoktur&#8221; dedi.<\/p>\n<p style=\"text-align: justify;\"><strong>&#8220;H\u00dcK\u00dcMET S\u0130NS\u0130 VE G\u0130ZL\u0130 PLANLARINI BUG\u00dcNE KADAR ANINDA DEVREYE SOKMU\u015eTUR&#8221;<\/strong><\/p>\n<p style=\"text-align: justify;\">Bah\u00e7eli, &#8220;Dersim ayaklanmas\u0131n\u0131 g\u00fcndeme ta\u015f\u0131yan sorumsuzlukla b\u00fcy\u00fcyen gedik; Menemen tart\u0131\u015fmas\u0131yla a\u00e7\u0131lm\u0131\u015f, Uludere meselesiyle derinle\u015fmi\u015f, Y\u00fcksekova davas\u0131yla boyut de\u011fi\u015ftirmi\u015f, &#8220;Hepimiz Ermeniyiz&#8221; hezeyanlar\u0131yla \u00e7\u0131tas\u0131n\u0131 y\u00fckseltmi\u015ftir. H\u00fck\u00fcmet, g\u00fcndemi i\u015fgal eden her konuyu f\u0131rsat bilerek, sinsi ve gizli planlar\u0131n\u0131 bug\u00fcne kadar an\u0131nda devreye sokmu\u015ftur. Bu kapsamda olmak \u00fczere; Ba\u015fbakan&#8217;\u0131n rahats\u0131zl\u0131\u011f\u0131; timsah g\u00f6zya\u015flar\u0131n\u0131 d\u00f6ken i\u00e7ten pazarl\u0131k\u00e7\u0131 h\u00fck\u00fcmet \u00fcyesine, herkesin kimli\u011fini tan\u0131ma \u00e7\u0131k\u0131\u015f\u0131n\u0131 yapma konusunda uygun zemin te\u015fkil etmi\u015f, S\u00fcrekli g\u00fcndemde bulunan ve her meselenin do\u011frudan taraf\u0131 haline gelen bir grubun, yine bu d\u00f6nemde \u015fike konusu etraf\u0131nda AKP&#8217;ye meydan okumas\u0131 i\u015fitilmi\u015f, Uludere tart\u0131\u015fmalar\u0131 s\u00fcrerken 19 May\u0131s t\u00f6renleriyle ilgili \u00e7arp\u0131k ve art niyetli giri\u015fimlerin a\u00e7\u0131\u011fa \u00e7\u0131kmas\u0131na \u015fahitlik edilmi\u015ftir. Bundan sonra An\u0131tkabir&#8217;in botanik park\u0131na \u00e7evrilmesi, \u0130stiklal Mar\u015f\u0131&#8217;n\u0131n susturulmas\u0131, b\u00f6l\u00fcc\u00fcl\u00fc\u011f\u00fcn tetik\u00e7isi olanlar taraf\u0131ndan \u00f6nerilen okullardan &#8220;And\u0131m\u0131z\u0131n&#8221;kald\u0131r\u0131lmas\u0131 da etaplar halinde uygulamaya ge\u00e7ilebilecektir&#8221; dedi.<\/p>\n<p style=\"text-align: justify;\"><strong>&#8220;MHP, YAPILAN T\u00dcM HESAPLARIN FARKINDA VE B\u0130L\u0130NC\u0130NDED\u0130R&#8221;<\/strong><\/p>\n<p style=\"text-align: justify;\">Bah\u00e7eli, &#8220;Milliyet\u00e7i Hareket Partisi, yap\u0131lan t\u00fcm hesaplar\u0131n fark\u0131nda ve bilincindedir. Bu y\u00fczden \u00fczerinde oynanan oyunlar\u0131n, pi\u015firilen yeni komplolar\u0131n da takip\u00e7isidir. Ve Allah&#8217;\u0131n izniyle hepsiyle ba\u015fa \u00e7\u0131kabilecek inanca, heyecana ve dayan\u0131kl\u0131l\u0131\u011fa haizdir. Vatan\u0131m\u0131z, milletimiz, devletimiz ve insan\u0131m\u0131z \u00fczerinde tezg\u00e2h tertip edenler, Milliyet\u00e7i Hareket Partisi&#8217;nin ne yapabilece\u011fini ve kutsallar\u0131 u\u011fruna neleri g\u00f6ze alabilece\u011fini daha idrak edememi\u015flerdir. T\u00fcrk milletinin karde\u015fli\u011fini \u00e7\u00f6zmeyi, k\u00fcresel projelerle aya\u011f\u0131na \u00e7elme takmay\u0131 ve h\u0131yanetleriyle Anadolu co\u011frafyas\u0131na ilmek atmay\u0131 akl\u0131ndan ge\u00e7irenler ama\u00e7lar\u0131na asla ula\u015famayacaklar ve d\u00fcnya g\u00f6z\u00fcyle sevinemeyeceklerdir. Bunun teminat\u0131 ise aziz milletimizin deste\u011fini alm\u0131\u015f ve itimad\u0131n\u0131 kazanm\u0131\u015f Milliyet\u00e7i Hareket Partisi&#8217;nden ba\u015fkas\u0131 de\u011fildir ve olmayacakt\u0131r&#8221; dedi.<\/p>\n<p style=\"text-align: justify;\"><a href=\"http:\/\/www.gazeteport.com.tr\/haber\/76145\/quothukumetin_sinsi_planiquot\" target=\"_blank\">Kaynak : GAZETEPORT<\/a><\/p>\n","protected":false},"excerpt":{"rendered":"<p style=\"text-align: center;\">\n<p style=\"text-align: justify;\">MHP Genel Ba\u015fkan\u0131 Devlet Bah\u00e7eli son siyasi geli\u015fmeler hakk\u0131nda yaz\u0131l\u0131 bir a\u00e7\u0131klama yapt\u0131.<\/p>\n<p style=\"text-align: justify;\">ANKARA &#8211; Bah\u00e7eli, &#8220;Dersim ayaklanmas\u0131n\u0131 g\u00fcndeme ta\u015f\u0131yan sorumsuzlukla b\u00fcy\u00fcyen gedik; Menemen tart\u0131\u015fmas\u0131yla a\u00e7\u0131lm\u0131\u015f, Uludere meselesiyle derinle\u015fmi\u015f, Y\u00fcksekova davas\u0131yla boyut de\u011fi\u015ftirmi\u015f, &#8216;Hepimiz Ermeniyiz&#8217; hezeyanlar\u0131yla \u00e7\u0131tas\u0131n\u0131 y\u00fckseltmi\u015ftir. H\u00fck\u00fcmet, g\u00fcndemi i\u015fgal eden her konuyu f\u0131rsat bilerek, sinsi ve <\/p>\n","protected":false},"author":1,"featured_media":0,"comment_status":"open","ping_status":"open","sticky":false,"template":"","format":"standard","meta":{"footnotes":""},"categories":[105],"tags":[168,138],"class_list":["post-48087","post","type-post","status-publish","format-standard","hentry","category-gundem","tag-devlet-bahceli","tag-mhp","odd"],"_links":{"self":[{"href":"http:\/\/www.korhanyilmaz.com\/index.php?rest_route=\/wp\/v2\/posts\/48087","targetHints":{"allow":["GET"]}}],"collection":[{"href":"http:\/\/www.korhanyilmaz.com\/index.php?rest_route=\/wp\/v2\/posts"}],"about":[{"href":"http:\/\/www.korhanyilmaz.com\/index.php?rest_route=\/wp\/v2\/types\/post"}],"author":[{"embeddable":true,"href":"http:\/\/www.korhanyilmaz.com\/index.php?rest_route=\/wp\/v2\/users\/1"}],"replies":[{"embeddable":true,"href":"http:\/\/www.korhanyilmaz.com\/index.php?rest_route=%2Fwp%2Fv2%2Fcomments&post=48087"}],"version-history":[{"count":0,"href":"http:\/\/www.korhanyilmaz.com\/index.php?rest_route=\/wp\/v2\/posts\/48087\/revisions"}],"wp:attachment":[{"href":"http:\/\/www.korhanyilmaz.com\/index.php?rest_route=%2Fwp%2Fv2%2Fmedia&parent=48087"}],"wp:term":[{"taxonomy":"category","embeddable":true,"href":"http:\/\/www.korhanyilmaz.com\/index.php?rest_route=%2Fwp%2Fv2%2Fcategories&post=48087"},{"taxonomy":"post_tag","embeddable":true,"href":"http:\/\/www.korhanyilmaz.com\/index.php?rest_route=%2Fwp%2Fv2%2Ftags&post=48087"}],"curies":[{"name":"wp","href":"https:\/\/api.w.org\/{rel}","templated":true}]}}