{"id":48083,"date":"2012-01-28T22:47:46","date_gmt":"2012-01-28T20:47:46","guid":{"rendered":"http:\/\/www.korhanyilmaz.com\/?p=48083"},"modified":"2012-01-29T03:07:51","modified_gmt":"2012-01-29T01:07:51","slug":"meclis-insan-haklari-komisyonu-uludereye-gidecek","status":"publish","type":"post","link":"http:\/\/www.korhanyilmaz.com\/?p=48083","title":{"rendered":"Meclis \u0130nsan Haklar\u0131 Komisyonu Uludere&#8217;ye gidecek"},"content":{"rendered":"<p style=\"text-align: justify;\"><a href=\"http:\/\/www.korhanyilmaz.com\/wp-content\/uploads\/2012\/01\/9540.jpg\"  class=\"lightview\"><img loading=\"lazy\" decoding=\"async\" class=\"aligncenter size-full wp-image-48084\" title=\"\" src=\"http:\/\/www.korhanyilmaz.com\/wp-content\/uploads\/2012\/01\/9540.jpg\" alt=\"\" width=\"292\" height=\"195\" \/><\/a><\/p>\n<p style=\"text-align: justify;\">TBMM Meclis \u0130nsan Haklar\u0131n\u0131 \u0130nceleme Komisyonu, Uludere&#8217;de 34 ki\u015finin \u00f6ld\u00fc\u011f\u00fc hava sald\u0131r\u0131s\u0131yla ilgili b\u00f6lgede incelemelerde bulunacak.<\/p>\n<p style=\"text-align: justify;\">TBMM \u0130nsan Haklar\u0131n\u0131 \u0130nceleme Komisyonu Ba\u015fkan\u0131 ve AK Parti Sakarya Milletvekili Ayhan Sefer \u00dcst\u00fcn&#8217;\u00fcn ba\u015fkanl\u0131\u011f\u0131nda b\u00f6lgeye gidecek olan komisyon \u00fcyeleri, olayda hayat\u0131n\u0131 kaybedenlerin aileleriyle g\u00f6r\u00fc\u015fecek. Komisyon \u00fcyeleri daha sonra b\u00f6lgede g\u00f6revli kamu personeliyle bir araya gelerek, olay hakk\u0131nda bilgi alacak.\u00a0<!--more--><\/p>\n<p style=\"text-align: justify;\">Komisyon Ba\u015fkan\u0131 \u00dcst\u00fcn, AA muhabirine yapt\u0131\u011f\u0131 a\u00e7\u0131klamada, Uludere&#8217;de 34 ki\u015finin \u00f6ld\u00fc\u011f\u00fc hava sald\u0131r\u0131s\u0131n\u0131n T\u00fcrkiye&#8217;de b\u00fcy\u00fck \u00fcz\u00fcnt\u00fcyle kar\u015f\u0131land\u0131\u011f\u0131n\u0131 s\u00f6yledi. Hava sald\u0131r\u0131s\u0131n\u0131n ard\u0131ndan ilgili kurumlar\u0131n soru\u015fturma ba\u015flatt\u0131\u011f\u0131n\u0131 hat\u0131rlatan \u00dcst\u00fcn, &#8220;Bu soru\u015fturmalar s\u00fcr\u00fcyor. T\u00fcm kurumlar\u0131m\u0131z d\u00f6rt koldan bu konuyu ayd\u0131nlatmak i\u00e7in \u00e7al\u0131\u015f\u0131yor. Ancak b\u00fct\u00fcn bu soru\u015fturmalar\u0131n yan\u0131nda olay\u0131n b\u00fcy\u00fckl\u00fc\u011f\u00fc, vahameti ve 34 vatanda\u015f\u0131m\u0131z\u0131n hayat\u0131n\u0131 kaybetmesi TBMM&#8217;nin de bu olayda inisiyatif almas\u0131n\u0131 gerektirdi&#8221; dedi.<\/p>\n<p style=\"text-align: justify;\">\u00dcst\u00fcn, olayla ilgili olarak bir alt komisyon kurduklar\u0131n\u0131 ve komisyonun karar\u0131 do\u011frultusunda b\u00f6lgeye gideceklerini ifade etti.<\/p>\n<p style=\"text-align: justify;\">Hava \u015fartlar\u0131n\u0131n m\u00fcsait olmas\u0131 halinde 2-3 \u015eubat tarihlerinde b\u00f6lgede inceleme yapacaklar\u0131n\u0131 aktaran \u00dcst\u00fcn, &#8220;\u00d6ncelikle vatanda\u015flar\u0131m\u0131zla g\u00f6r\u00fc\u015ferek taziyelerimizi iletece\u011fiz. Daha sonra b\u00f6lgede ya\u015fayan vatanda\u015flar\u0131m\u0131zla tek tek g\u00f6r\u00fc\u015fece\u011fiz. Olay\u0131 ilk a\u011f\u0131zlardan dinleyece\u011fiz. Bu \u015fekilde ac\u0131l\u0131 vatanda\u015flar\u0131m\u0131z\u0131n yaralar\u0131na ortak olaca\u011f\u0131z. Ard\u0131ndan b\u00f6lgede g\u00f6revli kamu personeliyle toplant\u0131 yap\u0131lacak. Onlar\u0131 hem makamlar\u0131nda ziyaret edece\u011fiz hem de ifadelerine ba\u015fvuraca\u011f\u0131z ve g\u00f6r\u00fc\u015flerini alaca\u011f\u0131z&#8221; diye konu\u015ftu.<\/p>\n<p style=\"text-align: justify;\">\u00dcst\u00fcn, hava sald\u0131r\u0131s\u0131na ili\u015fkin olarak herkesin bilgisine ba\u015fvurulmas\u0131n\u0131 gerekti\u011fini vurgulayarak, ilk incelemenin tamamlanmas\u0131n\u0131n ard\u0131ndan di\u011fer a\u015famalarda yap\u0131lmas\u0131 gerekenlere karar vereceklerini anlatt\u0131.<\/p>\n<p style=\"text-align: justify;\"><strong>&#8220;Bu olay\u0131n ayd\u0131nlat\u0131lmas\u0131 \u00e7ok \u00f6nemli&#8221;\u00a0<\/strong><\/p>\n<p style=\"text-align: justify;\">Bu t\u00fcr olaylar\u0131n \u00fcst\u00fcne gidilmesinin herkesin yarar\u0131na olaca\u011f\u0131na i\u015faret eden \u00dcst\u00fcn, incelemelerin ard\u0131ndan gerekenlerin yap\u0131laca\u011f\u0131na vurgu yapt\u0131. \u00dcst\u00fcn, olayla ilgili olarak her \u015feyin ortaya \u00e7\u0131kar\u0131laca\u011f\u0131n\u0131 dile getirerek, &#8220;T\u00fcrkiye art\u0131k eski T\u00fcrkiye de\u011fil. Hi\u00e7bir \u015fey karanl\u0131kta kalmas\u0131n istiyoruz. Vatanda\u015flar\u0131m\u0131z\u0131n ak\u0131llar\u0131nda hi\u00e7bir soru i\u015fareti kalmamal\u0131d\u0131r. Burada bir hata varsa e\u011fer ortaya \u00e7\u0131kar\u0131lmal\u0131d\u0131r. Burada ba\u015fka bir \u015fey varsa o da ortaya \u00e7\u0131ks\u0131n ki bir daha b\u00f6yle ac\u0131lar ya\u015fanmas\u0131n T\u00fcrkiye&#8217;de. Bu \u00e7al\u0131\u015fmay\u0131 bu t\u00fcr olaylar\u0131n son bulmas\u0131 i\u00e7in yap\u0131yoruz yani. Ama bunun ayd\u0131nlat\u0131lmas\u0131 \u00e7ok \u00f6nemlidir&#8221; diye konu\u015ftu.<\/p>\n<p style=\"text-align: justify;\">Olay\u0131n ard\u0131ndan b\u00f6lge insan\u0131n\u0131n yaralar\u0131n\u0131 sarmak amac\u0131yla \u00e7e\u015fitli ad\u0131mlar at\u0131ld\u0131\u011f\u0131n\u0131 hat\u0131rlatan \u00dcst\u00fcn, bu ad\u0131mlar\u0131n \u00e7ok \u00f6nemli oldu\u011funu ifade etti.<\/p>\n<p style=\"text-align: justify;\">\u00dcst\u00fcn, b\u00f6lgedeki ya\u015fam kalitesinin y\u00fckseltilmesi amac\u0131yla \u00e7al\u0131\u015fmalar yap\u0131ld\u0131\u011f\u0131n\u0131 belirterek, h\u00fck\u00fcmetin s\u00f6z konusu b\u00f6lgelerde g\u00fcmr\u00fck noktalar\u0131 olu\u015fturmak i\u00e7in hareket ge\u00e7ti\u011fini dile getirdi.<\/p>\n<p style=\"text-align: justify;\">Olayda hayat\u0131n\u0131 kaybedenlerin yak\u0131nlar\u0131na verilen tazminat\u0131n makul bir tutarda oldu\u011funa dikkat \u00e7eken \u00dcst\u00fcn, bunun b\u00fcy\u00fck devletin g\u00f6stergesi oldu\u011funu s\u00f6yledi.<\/p>\n<p style=\"text-align: justify;\"><strong>Diyarbak\u0131r&#8217;daki kaz\u0131lar\u00a0<\/strong><\/p>\n<p style=\"text-align: justify;\">\u00dcst\u00fcn, Diyarbak\u0131r \u0130\u00e7kale&#8217;de yap\u0131lan kaz\u0131larda bulunan kemik par\u00e7alar\u0131yla ilgili olarak da T\u00fcrkiye&#8217;de \u00f6nceki y\u0131llarda karanl\u0131k bir d\u00f6nem ya\u015fand\u0131\u011f\u0131n\u0131 aktard\u0131.<\/p>\n<p style=\"text-align: justify;\">2002&#8217;den \u00f6nce T\u00fcrkiye&#8217;de baz\u0131 faili me\u00e7hul cinayetler i\u015flendi\u011fini savunan \u00dcst\u00fcn, &#8220;Bunun bir k\u0131sm\u0131n\u0131 devlet kimli\u011fini ta\u015f\u0131d\u0131\u011f\u0131n\u0131 s\u00f6yleyen ki\u015filer, bir k\u0131sm\u0131n\u0131 da ter\u00f6r \u00f6rg\u00fct\u00fc ger\u00e7ekle\u015ftirdi. Art\u0131k bunu herkes biliyor. Biz komisyonumuzda Kemal Burkay&#8217;\u0131 da dinledik. O, bunlar\u0131 tek tek anlatt\u0131. Sadece T\u00fcrkiye&#8217;de de\u011fil Avrupa&#8217;da ka\u00e7 tane arkada\u015f\u0131n\u0131n PKK taraf\u0131ndan katledildi\u011fini anlatt\u0131 bize&#8221; dedi.<\/p>\n<p style=\"text-align: justify;\">Ter\u00f6r \u00f6rg\u00fct\u00fcn\u00fcn yan\u0131 s\u0131ra kendini devlet adam\u0131 olarak tan\u0131tan baz\u0131 ki\u015filerin de hukuk d\u0131\u015f\u0131 i\u015fler yapt\u0131\u011f\u0131n\u0131 aktaran \u00dcst\u00fcn, \u015f\u00f6yle devam etti:<\/p>\n<p style=\"text-align: justify;\">&#8220;B\u00f6lge biraz \u015fehir i\u00e7inde. Eskiden cezaevi olarak daha sonra da J\u0130TEM taraf\u0131ndan kullan\u0131lm\u0131\u015f bir yer buras\u0131. Tabii teknik art\u0131k \u00e7ok geli\u015fti. Bu insanlar\u0131n ne zaman \u00f6ld\u00fc\u011f\u00fc art\u0131k ortaya \u00e7\u0131kabilir. Cezaevi oldu\u011fu zaman m\u0131 bu insanlar \u00f6lm\u00fc\u015f yoksa J\u0130TEM taraf\u0131ndan m\u0131 olmu\u015f ortaya \u00e7\u0131kacakt\u0131r.&#8221;<\/p>\n<p style=\"text-align: justify;\">\u00dcst\u00fcn, ya\u015fanan bu olaylar\u0131n birer insan hakk\u0131 ihlali oldu\u011funu vurgulayarak, bu do\u011frultuda yarg\u0131ya g\u00fcvendiklerini s\u00f6yledi. Savc\u0131l\u0131k taraf\u0131ndan ba\u015flat\u0131lan s\u00fcrecin i\u015flendi\u011fini kaydeden \u00dcst\u00fcn, &#8220;Tabii insan haklar\u0131n\u0131 kim ihlal ederse etsin buna kar\u015f\u0131 s\u0131f\u0131r tolerans g\u00f6steririz. \u0130ster devlet yetkisini kulland\u0131\u011f\u0131n\u0131 iddia eden ki\u015fi olsun isterse \u00f6rg\u00fct olsun buna kar\u015f\u0131 tolerans\u0131m\u0131z yok. \u015eu anda y\u00fcr\u00fcyen bir s\u00fcre\u00e7 var. Asl\u0131nda s\u00fcre\u00e7 i\u015flerken buna m\u00fcdahil olmay\u0131 pek arzu etmiyoruz. Sistem t\u0131kan\u0131rsa ya da aksama olursa o zaman biz m\u00fcdahale ediyoruz. Ama \u015fu anda bu olaylar\u0131n \u00fczerine gidiliyor&#8221; diye konu\u015ftu.<\/p>\n<p style=\"text-align: justify;\">\u00dcst\u00fcn, olay\u0131 inceleyen yarg\u0131 mensuplar\u0131na herkesin destek verdi\u011fini vurgulayarak, \u015funlar\u0131 kaydetti:<\/p>\n<p style=\"text-align: justify;\">&#8220;Buradaki i\u015fleri ayd\u0131nlatma yetkisi yarg\u0131dad\u0131r. Savc\u0131lar \u015fu anda tam yetkili olarak donat\u0131lm\u0131\u015f ve destek sahibidir. Bug\u00fcn yarg\u0131n\u0131n arkas\u0131nda herkesin deste\u011fi var. Dolay\u0131s\u0131yla yarg\u0131n\u0131n bu konuyu ortayla \u00e7\u0131karmas\u0131 laz\u0131md\u0131r. \u00d6nceki<\/p>\n<p style=\"text-align: justify;\">y\u0131llarda bu destek yoktu. Aksine ola\u011fan \u00fcst\u00fc hal ilan edilerek k\u0131s\u0131tlanm\u0131\u015ft\u0131. Biz yarg\u0131ya cesaret vermeye devam ediyoruz. Bu destek sayesinde bir\u00e7ok dosya raftan a\u015fa\u011f\u0131 indi. Bu olayda h\u00fck\u00fcmetin de yasaman\u0131n da milletin de yarg\u0131ya deste\u011fi tamd\u0131r.&#8221;<\/p>\n<p style=\"text-align: justify;\"><a href=\"http:\/\/www.cnnturk.com\/2012\/turkiye\/01\/28\/meclis.insan.haklari.komisyonu.uludereye.gidecek\/646845.0\/index.html\" target=\"_blank\">Kaynak : CNN T\u00dcRK<\/a><\/p>\n","protected":false},"excerpt":{"rendered":"<p style=\"text-align: justify;\">\n<p style=\"text-align: justify;\">TBMM Meclis \u0130nsan Haklar\u0131n\u0131 \u0130nceleme Komisyonu, Uludere&#8217;de 34 ki\u015finin \u00f6ld\u00fc\u011f\u00fc hava sald\u0131r\u0131s\u0131yla ilgili b\u00f6lgede incelemelerde bulunacak.<\/p>\n<p style=\"text-align: justify;\">TBMM \u0130nsan Haklar\u0131n\u0131 \u0130nceleme Komisyonu Ba\u015fkan\u0131 ve AK Parti Sakarya Milletvekili Ayhan Sefer \u00dcst\u00fcn&#8217;\u00fcn ba\u015fkanl\u0131\u011f\u0131nda b\u00f6lgeye gidecek olan komisyon \u00fcyeleri, olayda hayat\u0131n\u0131 kaybedenlerin aileleriyle g\u00f6r\u00fc\u015fecek. Komisyon \u00fcyeleri daha sonra b\u00f6lgede g\u00f6revli kamu <\/p>\n","protected":false},"author":1,"featured_media":0,"comment_status":"open","ping_status":"open","sticky":false,"template":"","format":"standard","meta":{"footnotes":""},"categories":[105],"tags":[],"class_list":["post-48083","post","type-post","status-publish","format-standard","hentry","category-gundem","odd"],"_links":{"self":[{"href":"http:\/\/www.korhanyilmaz.com\/index.php?rest_route=\/wp\/v2\/posts\/48083","targetHints":{"allow":["GET"]}}],"collection":[{"href":"http:\/\/www.korhanyilmaz.com\/index.php?rest_route=\/wp\/v2\/posts"}],"about":[{"href":"http:\/\/www.korhanyilmaz.com\/index.php?rest_route=\/wp\/v2\/types\/post"}],"author":[{"embeddable":true,"href":"http:\/\/www.korhanyilmaz.com\/index.php?rest_route=\/wp\/v2\/users\/1"}],"replies":[{"embeddable":true,"href":"http:\/\/www.korhanyilmaz.com\/index.php?rest_route=%2Fwp%2Fv2%2Fcomments&post=48083"}],"version-history":[{"count":0,"href":"http:\/\/www.korhanyilmaz.com\/index.php?rest_route=\/wp\/v2\/posts\/48083\/revisions"}],"wp:attachment":[{"href":"http:\/\/www.korhanyilmaz.com\/index.php?rest_route=%2Fwp%2Fv2%2Fmedia&parent=48083"}],"wp:term":[{"taxonomy":"category","embeddable":true,"href":"http:\/\/www.korhanyilmaz.com\/index.php?rest_route=%2Fwp%2Fv2%2Fcategories&post=48083"},{"taxonomy":"post_tag","embeddable":true,"href":"http:\/\/www.korhanyilmaz.com\/index.php?rest_route=%2Fwp%2Fv2%2Ftags&post=48083"}],"curies":[{"name":"wp","href":"https:\/\/api.w.org\/{rel}","templated":true}]}}