{"id":48079,"date":"2012-01-28T19:35:29","date_gmt":"2012-01-28T17:35:29","guid":{"rendered":"http:\/\/www.korhanyilmaz.com\/?p=48079"},"modified":"2012-01-29T03:03:10","modified_gmt":"2012-01-29T01:03:10","slug":"turkiye-ilk-dunya-guzelini-kaybetti","status":"publish","type":"post","link":"http:\/\/www.korhanyilmaz.com\/?p=48079","title":{"rendered":"T\u00fcrkiye ilk &#8216;D\u00fcnya G\u00fczeli&#8217;ni kaybetti"},"content":{"rendered":"<div id=\"attachment_48080\" style=\"width: 343px\" class=\"wp-caption aligncenter\"><a title=\"Keriman Halis\" href=\"http:\/\/www.korhanyilmaz.com\/wp-content\/uploads\/2012\/01\/9539.jpg\"  class=\"lightview\"><img loading=\"lazy\" decoding=\"async\" aria-describedby=\"caption-attachment-48080\" class=\" wp-image-48080\" title=\"Keriman Halis\" src=\"http:\/\/www.korhanyilmaz.com\/wp-content\/uploads\/2012\/01\/9539.jpg\" alt=\"\" width=\"333\" height=\"191\" \/><\/a><p id=\"caption-attachment-48080\" class=\"wp-caption-text\">Keriman Halis<\/p><\/div>\n<p style=\"text-align: justify;\">T\u00fcrkiye&#8217;nin ilk &#8216;D\u00fcnya G\u00fczeli&#8217; Keriman Halis Ece Tamer, 99 ya\u015f\u0131nda \u0130stanbul&#8217;da hayat\u0131n\u0131 kaybetti.<\/p>\n<p style=\"text-align: justify;\">\u0130STANBUL &#8211; Bebek&#8217;te k\u0131z\u0131n\u0131n evinde ya\u015fayan Keriman Halis Ece Tamer, kalp yetmezli\u011fi nedeniyle ak\u015fam saatlerinde ya\u015fam\u0131n\u0131 yitirdi.<\/p>\n<p style=\"text-align: justify;\">Keriman Halis Ece Tamer&#8217;in cenazesinin, 30 Ocak Pazartesi g\u00fcn\u00fc \u0130stanbul&#8217;da topra\u011fa verilece\u011fi \u00f6\u011frenildi.\u00a0<!--more--><\/p>\n<p style=\"text-align: justify;\">\u0130stanbul&#8217;da 1913 y\u0131l\u0131nda do\u011fan Keriman Halis, 3 Temmuz 1932&#8217;de T\u00fcrkiye&#8217;de yap\u0131lan g\u00fczellik yar\u0131\u015fmas\u0131nda &#8221;T\u00fcrkiye G\u00fczeli&#8221;, 31 Temmuz 1932&#8217;de yap\u0131lan ve 28 \u00fclkenin kat\u0131ld\u0131\u011f\u0131 yar\u0131\u015fmada da &#8221;D\u00fcnya G\u00fczellik Krali\u00e7esi&#8221; se\u00e7ilmi\u015fti.<\/p>\n<p style=\"text-align: justify;\">Keriman Halis&#8217;e, 1934&#8217;te \u00e7\u0131kan Soyad\u0131 Kanunu ve yar\u0131\u015fmadaki ba\u015far\u0131s\u0131ndan sonra bizzat Atat\u00fcrk taraf\u0131ndan krali\u00e7e anlam\u0131na gelen &#8221;Ece&#8221; soyad\u0131 resmi olarak verilmi\u015fti.<\/p>\n<p style=\"text-align: justify;\"><a href=\"http:\/\/www.ntvmsnbc.com\/id\/25317702\" target=\"_blank\">Kaynak : NTVMSNBC<\/a><\/p>\n","protected":false},"excerpt":{"rendered":"<p id=\"caption-attachment-48080\" class=\"wp-caption-text\">Keriman Halis<\/p>\n<p style=\"text-align: justify;\">T\u00fcrkiye&#8217;nin ilk &#8216;D\u00fcnya G\u00fczeli&#8217; Keriman Halis Ece Tamer, 99 ya\u015f\u0131nda \u0130stanbul&#8217;da hayat\u0131n\u0131 kaybetti.<\/p>\n<p style=\"text-align: justify;\">\u0130STANBUL &#8211; Bebek&#8217;te k\u0131z\u0131n\u0131n evinde ya\u015fayan Keriman Halis Ece Tamer, kalp yetmezli\u011fi nedeniyle ak\u015fam saatlerinde ya\u015fam\u0131n\u0131 yitirdi.<\/p>\n<p style=\"text-align: justify;\">Keriman Halis Ece Tamer&#8217;in cenazesinin, 30 Ocak Pazartesi g\u00fcn\u00fc \u0130stanbul&#8217;da topra\u011fa verilece\u011fi \u00f6\u011frenildi. <\/p>\n","protected":false},"author":1,"featured_media":0,"comment_status":"open","ping_status":"open","sticky":false,"template":"","format":"standard","meta":{"footnotes":""},"categories":[105],"tags":[847,844,845,846],"class_list":["post-48079","post","type-post","status-publish","format-standard","hentry","category-gundem","tag-ataturk","tag-keriman-halis","tag-keriman-halis-ece-tamer","tag-turkiye-guzeli","odd"],"_links":{"self":[{"href":"http:\/\/www.korhanyilmaz.com\/index.php?rest_route=\/wp\/v2\/posts\/48079","targetHints":{"allow":["GET"]}}],"collection":[{"href":"http:\/\/www.korhanyilmaz.com\/index.php?rest_route=\/wp\/v2\/posts"}],"about":[{"href":"http:\/\/www.korhanyilmaz.com\/index.php?rest_route=\/wp\/v2\/types\/post"}],"author":[{"embeddable":true,"href":"http:\/\/www.korhanyilmaz.com\/index.php?rest_route=\/wp\/v2\/users\/1"}],"replies":[{"embeddable":true,"href":"http:\/\/www.korhanyilmaz.com\/index.php?rest_route=%2Fwp%2Fv2%2Fcomments&post=48079"}],"version-history":[{"count":0,"href":"http:\/\/www.korhanyilmaz.com\/index.php?rest_route=\/wp\/v2\/posts\/48079\/revisions"}],"wp:attachment":[{"href":"http:\/\/www.korhanyilmaz.com\/index.php?rest_route=%2Fwp%2Fv2%2Fmedia&parent=48079"}],"wp:term":[{"taxonomy":"category","embeddable":true,"href":"http:\/\/www.korhanyilmaz.com\/index.php?rest_route=%2Fwp%2Fv2%2Fcategories&post=48079"},{"taxonomy":"post_tag","embeddable":true,"href":"http:\/\/www.korhanyilmaz.com\/index.php?rest_route=%2Fwp%2Fv2%2Ftags&post=48079"}],"curies":[{"name":"wp","href":"https:\/\/api.w.org\/{rel}","templated":true}]}}