{"id":4803,"date":"2009-03-11T11:45:56","date_gmt":"2009-03-11T09:45:56","guid":{"rendered":"http:\/\/www.korhanyilmaz.com\/?p=4803"},"modified":"2009-03-11T11:45:56","modified_gmt":"2009-03-11T09:45:56","slug":"almanya-sokta","status":"publish","type":"post","link":"http:\/\/www.korhanyilmaz.com\/?p=4803","title":{"rendered":"Almanya \u015fokta! &#8211; Video"},"content":{"rendered":"<p style=\"text-align: center;\"><img loading=\"lazy\" decoding=\"async\" class=\"aligncenter size-full wp-image-4804\" title=\"Almanya \u015fokta! \" src=\"http:\/\/www.korhanyilmaz.com\/wp-content\/uploads\/2009\/03\/120320090442190087920.jpg\" alt=\"Almanya \u015fokta! \" width=\"376\" height=\"240\" \/><\/p>\n<p style=\"text-align: justify;\"><strong>Almanya&#8217;n\u0131n g\u00fcneybat\u0131s\u0131nda bir okulda d\u00fczenlenen silahl\u0131 sald\u0131r\u0131da ilk belirlemelere g\u00f6re 9&#8217;u \u00f6\u011frenci 17 ki\u015fi \u00f6ld\u00fc<\/strong>.<\/p>\n<p style=\"text-align: justify;\">17 ya\u015f\u0131ndaki Kretschmer, babas\u0131n\u0131n silah\u0131yla girdi\u011fi okulda 14 ya\u015f\u0131ndaki \u00f6\u011frencilerin bulundu\u011fu iki s\u0131n\u0131fa en az 90 kur\u015fun ya\u011fd\u0131rd\u0131. \u015earj\u00f6r\u00fcn\u00fc de\u011fi\u015ftirirken &#8220;Daha hepiniz \u00f6lmediniz mi&#8221; diye ba\u011f\u0131ran sald\u0131rgan, olaydan d\u00f6rt saat sonra ba\u015fka bir \u015fehirde polisle girdi\u011fi \u00e7at\u0131\u015fmada \u00f6ld\u00fcr\u00fcld\u00fc.<\/p>\n<p style=\"text-align: justify;\">Son y\u0131llarda ba\u015fta ABD olmak \u00fczere bir\u00e7ok \u00fclkede ya\u015fanan okul bask\u0131nlar\u0131n\u0131n en kanl\u0131lar\u0131ndan biri d\u00fcn sabah Stuttgart yak\u0131nlar\u0131nda meydana geldi. \u00dclkenin g\u00fcneybat\u0131s\u0131nda T\u00fcrklerin yo\u011fun olarak ya\u015fad\u0131\u011f\u0131 Winnenden kentindeki Albertville Lisesi&#8217;nin eski \u00f6\u011frencisi olan Tim Kretschmer (17), sabah okula siyah askeri k\u0131yafetler giymi\u015f halde girdi. <!--more-->\u00d6\u011frencilerin derste oldu\u011fu s\u0131rada bir s\u0131n\u0131fa dalan Tim g\u00f6mle\u011finin i\u00e7inden \u00e7\u0131kard\u0131\u011f\u0131 makineli t\u00fcfek ve tabancayla rastgele ate\u015f etmeye ba\u015flad\u0131. Ard\u0131ndan ikinci bir s\u0131n\u0131fa girerek i\u00e7eriyi kur\u015fun ya\u011fmuruna tuttu. Yeniden ilk s\u0131n\u0131fa d\u00f6nerek &#8220;Daha hepiniz \u00f6lmediniz mi&#8221; diye ba\u011f\u0131r\u0131p yeniden ate\u015f a\u00e7t\u0131. Bir k\u0131z \u00f6\u011frenciyi korumak i\u00e7in \u00fczerine atlayan \u00f6\u011fretmeni de vurdu. 10 dakika s\u00fcren sald\u0131r\u0131da Kretschmer silah\u0131n\u0131 tekrar tekrar doldurarak en az 90 el ate\u015f etti. Sald\u0131r\u0131da 14-15 ya\u015flar\u0131nda 10 \u00f6\u011frenci ile 3 \u00f6\u011fretmen hayat\u0131n\u0131 kaybetti.<\/p>\n<p style=\"text-align: justify;\"><strong>\u0130ki T\u00fcrk \u00f6\u011frenci de yaral\u0131<\/strong><\/p>\n<p style=\"text-align: justify;\">\u00d6lenler aras\u0131nda \u0130brahim isimli 15 ya\u015f\u0131nda bir T\u00fcrk \u00f6\u011frenci de var. \u0130ki T\u00fcrk \u00f6\u011frenci de yaraland\u0131. Camdan atlayarak okuldan ka\u00e7an Kretschmer, daha sonra yak\u0131nlardaki psikiyatri klini\u011fine giderek buradaki bir hem\u015fireyi \u00f6ld\u00fcrd\u00fc. Ard\u0131ndan yoldan ge\u00e7en bir arac\u0131n \u015fof\u00f6r\u00fcn\u00fc de rehin alarak ka\u00e7maya ba\u015flad\u0131. Alarma ge\u00e7en polisin kent \u00e7\u0131k\u0131\u015flar\u0131na kurdu\u011fu barikat\u0131 yararak otobana \u00e7\u0131kan sald\u0131rgan 40 km uzaktaki Windlenger kentine ula\u015fmay\u0131 ba\u015fard\u0131. Ancak burada polis taraf\u0131ndan s\u0131k\u0131\u015ft\u0131r\u0131l\u0131nca \u015fof\u00f6r\u00fc serbest b\u0131rak\u0131p yaya olarak ka\u00e7maya ba\u015flad\u0131. Sald\u0131rgan bir al\u0131\u015fveri\u015f merkezinin park\u0131nda polisle girdi\u011fi \u00e7at\u0131\u015fmada \u00f6ld\u00fcr\u00fcld\u00fc. \u00c7at\u0131\u015fma s\u0131ras\u0131nda \u00e7evreden ge\u00e7en iki ki\u015fi daha hayat\u0131n\u0131 kaybetti, iki polis de a\u011f\u0131r yaraland\u0131.<\/p>\n<p style=\"text-align: justify;\"><strong>T\u00fcrk kasiyer yakalatt\u0131<\/strong><\/p>\n<p style=\"text-align: justify;\">\u00d6\u011frenciler &#8220;Ba\u015fta \u015faka oldu\u011funu zannettik. Sonra &#8216;ka\u00e7\u0131n&#8217; diye ba\u011f\u0131rd\u0131lar. Ko\u015farak binadan \u00e7\u0131kt\u0131k&#8221; diye olay\u0131 anlat\u0131rken, polis \u015fefi Erwin Hetger ise &#8220;19 y\u0131ld\u0131r b\u00f6yle korkun\u00e7 olay g\u00f6rmedim. Hi\u00e7bir ama\u00e7, neden yok. Sald\u0131rgan\u0131n ge\u00e7mi\u015fine bakt\u0131\u011f\u0131n\u0131zda b\u00f6yle bir \u015fey yapabilece\u011fine dair bir ipucu g\u00f6remiyorsunuz&#8221; dedi. Alman DPA ajans\u0131na g\u00f6re katili ka\u00e7arken g\u00f6ren T\u00fcrk kasiyer Sema Yan\u0131k hemen polisi uyararak yakalanmas\u0131n\u0131 sa\u011flad\u0131. Yan\u0131k&#8217;\u0131n \u00e7al\u0131\u015ft\u0131\u011f\u0131 i\u015fyerinin yak\u0131n\u0131nda ya\u015fanan \u00e7at\u0131\u015fmada katil hayat\u0131n\u0131 kaybetti.<\/p>\n<p style=\"text-align: justify;\"><strong>Katilin evinde cephane<\/strong><\/p>\n<p style=\"text-align: justify;\">Sald\u0131rgan\u0131n ayn\u0131 okuldan ge\u00e7en y\u0131l mezun oldu\u011fu a\u00e7\u0131klan\u0131rken, ailesinin evine yap\u0131lan bask\u0131nda aralar\u0131nda sald\u0131r\u0131da kullan\u0131lan tabanca da dahil 16 ruhsatl\u0131 silah bulundu. Okulda e\u011fitim g\u00f6ren 10-16 ya\u015f aras\u0131ndaki yakla\u015f\u0131k 600 \u00f6\u011frenci psikolojik destek ald\u0131ktan sonra ailelerine teslim edildi. T\u00fcrk yetkililer de bilgi almak \u00fczere olay yerine gitti. Almanya Ba\u015fbakan\u0131 Angela Merkel ise &#8220;\u015eok i\u00e7indeyim. Bug\u00fcn yas g\u00fcn\u00fcd\u00fcr&#8221; dedi.<\/p>\n<p style=\"text-align: justify;\"><strong>Notlar\u0131 iyiydi ama hi\u00e7 konu\u015fmazd\u0131 <\/strong><\/p>\n<p style=\"text-align: justify;\">ALMANYA&#8217;NIN Winnenden kentindeki okul bask\u0131n\u0131nda b\u00f6lgede ya\u015fayan T\u00fcrkler de hedef oldu. Sald\u0131r\u0131y\u0131 ya\u015fayan T\u00fcrk \u00f6\u011frenciler haber kanal\u0131 NTV&#8217;ye olay\u0131 dakika dakika anlatt\u0131.<\/p>\n<p style=\"text-align: justify;\"><strong>&#8220;SADECE \u0130K\u0130 ARKADA\u015eI VARDI&#8221; <\/strong><\/p>\n<p style=\"text-align: justify;\">Tim Kretschmer&#8217;i tan\u0131yan T\u00fcrk \u00f6\u011frenci Mehmet: &#8220;Okulu birlikte bitirdik. Notlar\u0131 iyiyidi. Suskun biriydi, hi\u00e7 konu\u015fmazd\u0131. Sadece iki arkada\u015f\u0131 vard\u0131. Anormal bir davran\u0131\u015f\u0131 yoktu. Bazen konu\u015furduk. Futbolu severdi. Ailesinin durumu iyiydi. Okula yak\u0131n bir yerde oturuyordu.&#8221;<\/p>\n<p style=\"text-align: justify;\"><strong>\u00c7\u0130FT KARAKTERL\u0130YD\u0130<\/strong><\/p>\n<p style=\"text-align: justify;\">Tim Kretschmer&#8217;in \u00e7ocukluk arkada\u015f\u0131 Thomas: &#8220;Zaten hep garip bir \u00e7ocuktu. Ama son birka\u00e7 y\u0131ld\u0131r iyice konu\u015famaz hale gelmi\u015ftik. Evlerinde bir\u00e7ok silah vard\u0131. Odas\u0131 da korku filmleriyle doluydu. Bir g\u00fcn birlikte masa tenisi oynar, ertesi g\u00fcn hi\u00e7 konu\u015fmazd\u0131k. \u00c7ift karakterli gibiydi.&#8221;<\/p>\n<p style=\"text-align: justify;\"><strong>B\u00dc\u015eRA DA YARALANDI<\/strong><\/p>\n<p style=\"text-align: justify;\">T\u00fcrk \u00f6\u011frenci \u00c7a\u011flayan: &#8220;Sald\u0131r\u0131da \u00f6len \u0130brahim&#8217;i okuldan tan\u0131yordum. Ben yedi, o ise onuncu s\u0131n\u0131ftayd\u0131. Silah seslerini duyunca \u00f6\u011fretmene s\u00f6yledik, o bize bu seslerin normal oldu\u011funu s\u00f6yledi. Daha sonra bir \u00f6\u011fretmen s\u0131nfa geldi ve &#8220;\u00dc\u00e7 \u00f6l\u00fcm\u00fcz var &#8221; dedi. Daha sonra kap\u0131lar\u0131 kitledik. \u0130brahim&#8217;le ayn\u0131 s\u0131n\u0131fta bulunan B\u00fc\u015fra da yaraland\u0131.&#8221;<\/p>\n<p style=\"text-align: justify;\"><strong>MASALARA SAKLANDIK<\/strong><\/p>\n<p style=\"text-align: justify;\">T\u00fcrk \u00f6\u011frenci Muammer G\u00f6z\u00fctok: &#8220;Ben dersteydim. Birtak\u0131m sesler geldi, tamirat s\u0131ras\u0131nda \u00e7\u0131kan sesler gibi. Biz ne oldu\u011funu anlamaya \u00e7al\u0131\u015f\u0131rken, kar\u015f\u0131 s\u0131n\u0131flardan bir \u00e7ocuk geldi, &#8216;Bir adam silahlarla bizi vuruyor&#8217; dedi. Kap\u0131lar\u0131 kitledik ve bekledik. Yar\u0131m saat s\u0131n\u0131f\u0131n i\u00e7inde bekledik. Masalar\u0131n alt\u0131na sakland\u0131k. \u00c7ok korktuk, arkada\u015flar\u0131m\u0131z a\u011flad\u0131. Daha sonra polis bizi y\u00fczme salonuna ko\u015farak g\u00f6t\u00fcrd\u00fc. Sonra ailelerimiz bizi almaya geldi.&#8221;<\/p>\n<p style=\"text-align: justify;\"><strong>NEDEN?<\/strong><\/p>\n<p style=\"text-align: justify;\"><strong>Alabama&#8217;daki sald\u0131r\u0131 m\u0131 tetikledi? <\/strong><\/p>\n<p style=\"text-align: justify;\">OKUL katliamlar\u0131 d\u00fcnya genelinde ya\u015fanan bir olay. Uzmanlara g\u00f6re bu tip sald\u0131rganlar\u0131n ortak bir profili \u00e7\u0131kar\u0131labiliyor. D\u00fcn Alman polisi, Tim Kretschmer&#8217;in Alabama eyaletinde ya\u015fanan katliamdan (sa\u011fda) etkilenmi\u015f olabilece\u011fini s\u00f6yledi.<\/p>\n<p style=\"text-align: justify;\">&#8211; Sald\u0131rganlar, genellikle i\u00e7e kapan\u0131k, \u00e7ok az ya da hi\u00e7 arkada\u015f\u0131 olmayan ve okulda di\u011fer \u00f6\u011frenciler taraf\u0131ndan hor g\u00f6r\u00fclen gen\u00e7ler aras\u0131ndan \u00e7\u0131k\u0131yor.<\/p>\n<p style=\"text-align: justify;\">&#8211; Bu gen\u00e7ler, psikolojik sorunlar\u0131n\u0131 ailelerine veya \u00f6\u011fretmenlerine anlatmak yerine, ya kapal\u0131 ve ayn\u0131 \u015feyleri ya\u015fayan arkada\u015flar\u0131yla payla\u015f\u0131yor ya da i\u00e7ine at\u0131yor. Bir\u00e7o\u011fu silahlara kolay ula\u015fabiliyor.<\/p>\n<p style=\"text-align: justify;\">&#8211; Grand Theft Auto (GTA) gibi gen\u00e7ler aras\u0131nda pop\u00fcler olan ve sald\u0131rganl\u0131k i\u00e7eren video oyunlar\u0131 da \u00f6\u011frencilerin sald\u0131rganl\u0131\u011f\u0131n\u0131 art\u0131rabiliyor. Almanya&#8217;daki son olayda, katilin \u00e7evresine kur\u015fun ya\u011fd\u0131rd\u0131ktan bir ara\u00e7la ka\u00e7maya \u00e7al\u0131\u015fmas\u0131, GTA senaryosu ile benzerlik ta\u015f\u0131yor.<\/p>\n<p style=\"text-align: justify;\"><strong>En kanl\u0131 sald\u0131r\u0131lar<\/strong><\/p>\n<p style=\"text-align: justify;\">Bu sald\u0131r\u0131, Almanya&#8217;da son 6 y\u0131lda ger\u00e7ekle\u015fen 3&#8217;\u00fcnc\u00fc okul katliam\u0131 oldu. D\u00fcnyadaki en kanl\u0131 okul katliamlar\u0131ndan baz\u0131lar\u0131 \u015f\u00f6yle:<\/p>\n<p style=\"text-align: justify;\">&#8211; Columbine Lisesi (ABD,1999): 17 \u00f6\u011frenci ve 1 \u00f6\u011fretmen<\/p>\n<p style=\"text-align: justify;\">&#8211; Erfurt, (Almanya, 2002): 17 \u00f6\u011frenci<\/p>\n<p style=\"text-align: justify;\">&#8211; Jokela Lisesi, (Finlandiya, 2007): 7 \u00f6\u011frenci, 1 \u00f6\u011fretmen<\/p>\n<p style=\"text-align: justify;\">&#8211; Virginia Tech, (ABD, 2007): 33 \u00f6\u011frenci<\/p>\n<p style=\"text-align: justify;\">&#8211; Kauhajoki Lisesi (Finlandiya, 2008) 9 \u00f6\u011frenci<\/p>\n<p><a title=\"Almanyada okula kanl\u0131 bask\u0131n!\" rel=\"vidbox 500 395\" href=\"http:\/\/video.gazetevatan.com\/video\/file\/110320091259076495896.flv \"><img loading=\"lazy\" decoding=\"async\" class=\"aligncenter\" src=\"wp-data\/images\/video_izle_tikla.png\" alt=\"Almanyada okula kanl\u0131 bask\u0131n!\" width=\"140\" height=\"28\" \/><\/a><\/p>\n<p style=\"text-align: justify;\"><span style=\"color: #888888;\">Kaynak : Vatan Gazetesi<\/span><\/p>\n","protected":false},"excerpt":{"rendered":"<p style=\"text-align: center;\">\n<p style=\"text-align: justify;\">Almanya&#8217;n\u0131n g\u00fcneybat\u0131s\u0131nda bir okulda d\u00fczenlenen silahl\u0131 sald\u0131r\u0131da ilk belirlemelere g\u00f6re 9&#8217;u \u00f6\u011frenci 17 ki\u015fi \u00f6ld\u00fc.<\/p>\n<p style=\"text-align: justify;\">17 ya\u015f\u0131ndaki Kretschmer, babas\u0131n\u0131n silah\u0131yla girdi\u011fi okulda 14 ya\u015f\u0131ndaki \u00f6\u011frencilerin bulundu\u011fu iki s\u0131n\u0131fa en az 90 kur\u015fun ya\u011fd\u0131rd\u0131. \u015earj\u00f6r\u00fcn\u00fc de\u011fi\u015ftirirken &#8220;Daha hepiniz \u00f6lmediniz mi&#8221; diye ba\u011f\u0131ran sald\u0131rgan, olaydan d\u00f6rt saat sonra ba\u015fka bir <\/p>\n","protected":false},"author":1,"featured_media":0,"comment_status":"open","ping_status":"closed","sticky":false,"template":"","format":"standard","meta":{"footnotes":""},"categories":[3],"tags":[],"class_list":["post-4803","post","type-post","status-publish","format-standard","hentry","category-dunya","odd"],"_links":{"self":[{"href":"http:\/\/www.korhanyilmaz.com\/index.php?rest_route=\/wp\/v2\/posts\/4803","targetHints":{"allow":["GET"]}}],"collection":[{"href":"http:\/\/www.korhanyilmaz.com\/index.php?rest_route=\/wp\/v2\/posts"}],"about":[{"href":"http:\/\/www.korhanyilmaz.com\/index.php?rest_route=\/wp\/v2\/types\/post"}],"author":[{"embeddable":true,"href":"http:\/\/www.korhanyilmaz.com\/index.php?rest_route=\/wp\/v2\/users\/1"}],"replies":[{"embeddable":true,"href":"http:\/\/www.korhanyilmaz.com\/index.php?rest_route=%2Fwp%2Fv2%2Fcomments&post=4803"}],"version-history":[{"count":0,"href":"http:\/\/www.korhanyilmaz.com\/index.php?rest_route=\/wp\/v2\/posts\/4803\/revisions"}],"wp:attachment":[{"href":"http:\/\/www.korhanyilmaz.com\/index.php?rest_route=%2Fwp%2Fv2%2Fmedia&parent=4803"}],"wp:term":[{"taxonomy":"category","embeddable":true,"href":"http:\/\/www.korhanyilmaz.com\/index.php?rest_route=%2Fwp%2Fv2%2Fcategories&post=4803"},{"taxonomy":"post_tag","embeddable":true,"href":"http:\/\/www.korhanyilmaz.com\/index.php?rest_route=%2Fwp%2Fv2%2Ftags&post=4803"}],"curies":[{"name":"wp","href":"https:\/\/api.w.org\/{rel}","templated":true}]}}