{"id":48016,"date":"2012-01-28T12:01:07","date_gmt":"2012-01-28T10:01:07","guid":{"rendered":"http:\/\/www.korhanyilmaz.com\/?p=48016"},"modified":"2012-01-28T12:29:59","modified_gmt":"2012-01-28T10:29:59","slug":"dolmabahce-icin-gizli-oturum","status":"publish","type":"post","link":"http:\/\/www.korhanyilmaz.com\/?p=48016","title":{"rendered":"Dolmabah\u00e7e i\u00e7in gizli oturum"},"content":{"rendered":"<p style=\"text-align: center;\"><a href=\"http:\/\/www.korhanyilmaz.com\/wp-content\/uploads\/2012\/01\/9527.jpg\"  class=\"lightview\"><img loading=\"lazy\" decoding=\"async\" class=\"aligncenter  wp-image-48017\" src=\"http:\/\/www.korhanyilmaz.com\/wp-content\/uploads\/2012\/01\/9527.jpg\" alt=\"\" width=\"304\" height=\"228\" \/><\/a><\/p>\n<p style=\"text-align: justify;\">Ya\u015far B\u00fcy\u00fckan\u0131t&#8217;\u0131n Dolmabah\u00e7e g\u00f6r\u00fc\u015fmesiyle ilgili iddialar\u0131 nedeniyle Fikri Sa\u011flar aleyhine a\u00e7t\u0131\u011f\u0131 davaya devam edildi. Filiz B\u00fcy\u00fckan\u0131t&#8217;a ait harcamalar\u0131n bulundu\u011fu iddia edilen CD&#8217;nin izlendi\u011fi duru\u015fma bas\u0131na kapat\u0131ld\u0131. Yarg\u0131\u00e7, taraflar\u0131 CD&#8217;nin i\u00e7eri\u011fini a\u00e7\u0131klamamalar\u0131 konusunda uyard\u0131.\u00a0<!--more--><\/p>\n<p style=\"text-align: justify;\">Cumhuriyet Ankara- Eski Genelkurmay Ba\u015fkan\u0131 Orgeneral Ya\u015far B\u00fcy\u00fckan\u0131t ile Birg\u00fcn gazetesi yazar\u0131 Fikri Sa\u011flar aras\u0131nda g\u00f6r\u00fclen davan\u0131n d\u00fcnk\u00fc duru\u015fmas\u0131nda, B\u00fcy\u00fckan\u0131t\u2019\u0131n e\u015fi Filiz B\u00fcy\u00fckan\u0131t\u2019a ait oldu\u011fu iddia edilen harcamalar\u0131n\u0131n bulundu\u011fu CD izlendi. \u0130zleme \u00f6ncesinde h\u00e2kim gizlilik karar\u0131 alarak gazetecileri d\u0131\u015far\u0131 \u00e7\u0131kard\u0131.<\/p>\n<p style=\"text-align: justify;\">Ba\u015fbakan Tayyip\u2008Erdo\u011fan ile d\u00f6nemin Genelkurmay Ba\u015fkan\u0131 B\u00fcy\u00fckan\u0131t aras\u0131nda 4 May\u0131s 2007\u2019de Dolmabah\u00e7e\u2019de ger\u00e7ekle\u015fen g\u00f6r\u00fc\u015fmeye ili\u015fkin kamuoyunda \u00e7e\u015fitli iddialar ortaya at\u0131lm\u0131\u015ft\u0131. Erdo\u011fan, g\u00f6r\u00fc\u015fmeye ili\u015fkin \u201cBu benimle mezara gider. \u0130nan\u0131yorum ki Say\u0131n B\u00fcy\u00fckan\u0131t da b\u00f6yle d\u00fc\u015f\u00fcn\u00fcyor. Say\u0131n B\u00fcy\u00fckan\u0131t a\u00e7\u0131klamaya kalkarsa o zaman ben de yapt\u0131\u011f\u0131m\u0131z g\u00f6r\u00fc\u015fmeyle ilgili \u015feyleri a\u00e7\u0131klar\u0131m\u201d demi\u015fti.<\/p>\n<p style=\"text-align: justify;\">Fikri Sa\u011flar ise bir yaz\u0131s\u0131nda \u201cB\u00fcy\u00fckan\u0131t\u2019a Ba\u015fbakan taraf\u0131ndan, Dolmabah\u00e7e Saray\u0131\u2019nda yap\u0131lan g\u00f6r\u00fc\u015fmede Filiz B\u00fcy\u00fckan\u0131t\u2019\u0131n yapt\u0131\u011f\u0131 harcamalar\u0131 g\u00f6steren bir dosya verildi\u011fi, dosyan\u0131n i\u00e7eri\u011finin \u00fcrk\u00fct\u00fcc\u00fc oldu\u011fu\u201d \u015feklinde iddialar dile getirdi. B\u00fcy\u00fckan\u0131t, Sa\u011flar aleyhine tazminat davas\u0131 a\u00e7t\u0131. Mahkeme, Sa\u011flar\u2019\u0131 tazminata mahk\u00fbm etti. Ancak Yarg\u0131tay karar\u0131 bozdu. Yarg\u0131tay ayr\u0131ca \u201cHur\u015fit Tolon\u2019un evinden ele ge\u00e7irilen belgelerde Filiz B\u00fcy\u00fckan\u0131t\u2019\u0131n harcamalar\u0131yla ilgili belgeler var\u201d iddias\u0131n\u0131n da ara\u015ft\u0131r\u0131lmas\u0131n\u0131 istedi. Bozma karar\u0131ndan sonra Ankara 1. Asliye Hukuk Mahkemesi, Ergenekon davas\u0131 kapsam\u0131nda tutuklanan Tolon\u2019nda \u00e7\u0131kan belgelerin g\u00f6nderilmesini istedi. \u0130stanbul\u2019dan g\u00f6nderilen kay\u0131tlar\u0131n i\u00e7inde bulundu\u011fu CD, d\u00fcn mahkemede izlendi. H\u00e2kim, gizlilik karar\u0131 alarak duru\u015fmay\u0131 bas\u0131n mensuplar\u0131na ve izleyecilere kapatt\u0131. Duru\u015fma s\u0131ras\u0131nda h\u00e2kim, s\u00f6z konusu CD hakk\u0131nda yay\u0131n yasa\u011f\u0131 bulundu\u011funu belirterek CD\u2019nin i\u00e7eri\u011fine ili\u015fkin \u00fc\u00e7\u00fcnc\u00fc ki\u015filere a\u00e7\u0131klama yapmamas\u0131 konusunda taraflar\u0131 uyard\u0131. Mahkeme, CD\u2019nin bilirki\u015fiye verilmesine karar verdi.<\/p>\n<p style=\"text-align: justify;\"><a href=\"http:\/\/www.cumhuriyet.com.tr\/?hn=311386\" target=\"_blank\">Kaynak : Alican Uluda\u011f &#8211; Cumhuriyet Haber Portal\u0131<\/a><\/p>\n","protected":false},"excerpt":{"rendered":"<p style=\"text-align: center;\">\n<p style=\"text-align: justify;\">Ya\u015far B\u00fcy\u00fckan\u0131t&#8217;\u0131n Dolmabah\u00e7e g\u00f6r\u00fc\u015fmesiyle ilgili iddialar\u0131 nedeniyle Fikri Sa\u011flar aleyhine a\u00e7t\u0131\u011f\u0131 davaya devam edildi. Filiz B\u00fcy\u00fckan\u0131t&#8217;a ait harcamalar\u0131n bulundu\u011fu iddia edilen CD&#8217;nin izlendi\u011fi duru\u015fma bas\u0131na kapat\u0131ld\u0131. Yarg\u0131\u00e7, taraflar\u0131 CD&#8217;nin i\u00e7eri\u011fini a\u00e7\u0131klamamalar\u0131 konusunda uyard\u0131. <\/p>\n","protected":false},"author":1,"featured_media":0,"comment_status":"open","ping_status":"open","sticky":false,"template":"","format":"standard","meta":{"footnotes":""},"categories":[105],"tags":[],"class_list":["post-48016","post","type-post","status-publish","format-standard","hentry","category-gundem","odd"],"_links":{"self":[{"href":"http:\/\/www.korhanyilmaz.com\/index.php?rest_route=\/wp\/v2\/posts\/48016","targetHints":{"allow":["GET"]}}],"collection":[{"href":"http:\/\/www.korhanyilmaz.com\/index.php?rest_route=\/wp\/v2\/posts"}],"about":[{"href":"http:\/\/www.korhanyilmaz.com\/index.php?rest_route=\/wp\/v2\/types\/post"}],"author":[{"embeddable":true,"href":"http:\/\/www.korhanyilmaz.com\/index.php?rest_route=\/wp\/v2\/users\/1"}],"replies":[{"embeddable":true,"href":"http:\/\/www.korhanyilmaz.com\/index.php?rest_route=%2Fwp%2Fv2%2Fcomments&post=48016"}],"version-history":[{"count":0,"href":"http:\/\/www.korhanyilmaz.com\/index.php?rest_route=\/wp\/v2\/posts\/48016\/revisions"}],"wp:attachment":[{"href":"http:\/\/www.korhanyilmaz.com\/index.php?rest_route=%2Fwp%2Fv2%2Fmedia&parent=48016"}],"wp:term":[{"taxonomy":"category","embeddable":true,"href":"http:\/\/www.korhanyilmaz.com\/index.php?rest_route=%2Fwp%2Fv2%2Fcategories&post=48016"},{"taxonomy":"post_tag","embeddable":true,"href":"http:\/\/www.korhanyilmaz.com\/index.php?rest_route=%2Fwp%2Fv2%2Ftags&post=48016"}],"curies":[{"name":"wp","href":"https:\/\/api.w.org\/{rel}","templated":true}]}}