{"id":47996,"date":"2012-01-27T23:22:19","date_gmt":"2012-01-27T21:22:19","guid":{"rendered":"http:\/\/www.korhanyilmaz.com\/?p=47996"},"modified":"2012-01-28T03:05:00","modified_gmt":"2012-01-28T01:05:00","slug":"kck-davasinda-tahliye","status":"publish","type":"post","link":"http:\/\/www.korhanyilmaz.com\/?p=47996","title":{"rendered":"KCK davas\u0131nda tahliye"},"content":{"rendered":"<p style=\"text-align: center;\"><a href=\"http:\/\/www.korhanyilmaz.com\/wp-content\/uploads\/2012\/01\/9523.jpg\"  class=\"lightview\"><img loading=\"lazy\" decoding=\"async\" class=\"aligncenter  wp-image-47997\" src=\"http:\/\/www.korhanyilmaz.com\/wp-content\/uploads\/2012\/01\/9523.jpg\" alt=\"\" width=\"290\" height=\"217\" \/><\/a><\/p>\n<p style=\"text-align: justify;\">Ter\u00f6r \u00f6rg\u00fct\u00fc PKK&#8217;nin \u015fehir yap\u0131lanmas\u0131 oldu\u011fu iddia edilen KCK&#8217;ye ili\u015fkin davaya devam edildi. Duru\u015fmada, 5 san\u0131\u011f\u0131n tahliye edilmesi kararla\u015ft\u0131r\u0131ld\u0131.<\/p>\n<p style=\"text-align: justify;\">Diyarbak\u0131r- Diyarbak\u0131r 6. A\u011f\u0131r Ceza Mahkemesi&#8217;ndeki 41&#8217;inci duru\u015fmaya mazeret bildiren 25 tutuklu san\u0131k kat\u0131lmazken, 79&#8217;u tutuklu 82 san\u0131k ise haz\u0131r bulundu.<\/p>\n<p style=\"text-align: justify;\">Duru\u015fmada, tutuklu san\u0131klardan \u0130HD Genel Ba\u015fkan Yard\u0131mc\u0131s\u0131 Muharrem Erbey ile ilgili ev ve i\u015f yerlerinde arama, delil toplanmas\u0131na y\u00f6nelik haz\u0131rlanan tutanaklar ve mahkeme kararlar\u0131 okundu.\u00a0<!--more--><\/p>\n<p style=\"text-align: justify;\">San\u0131k avukatlar\u0131ndan Diyarbak\u0131r Barosu Ba\u015fkan\u0131 Mehmet Emin Aktar, mahkeme karar\u0131 olmaks\u0131z\u0131n \u0130HD&#8217;de arama yap\u0131ld\u0131\u011f\u0131n\u0131, bunun tutanaklara ge\u00e7mesini istediklerini s\u00f6yledi.<\/p>\n<p style=\"text-align: justify;\">Mahkeme Heyeti Ba\u015fkan\u0131 Menderes Y\u0131lmaz, san\u0131k Erbey ile ilgili yap\u0131lan telefon dinlemeleri ve aramalar\u0131n usule uygun olmad\u0131\u011f\u0131, bu nedenle dosyadan \u00e7\u0131kar\u0131lmas\u0131 y\u00f6n\u00fcndeki taleplerinin reddine karar verildi\u011fini a\u00e7\u0131klad\u0131.<\/p>\n<p style=\"text-align: justify;\">San\u0131k Erbey&#8217;in, K\u00fcrt\u00e7e konu\u015fmaya ba\u015flamas\u0131 \u00fczerine mikrofonu kapat\u0131ld\u0131.<\/p>\n<p style=\"text-align: justify;\"><strong>5 ki\u015fi tahliye edildi\u00a0<\/strong><\/p>\n<p style=\"text-align: justify;\">Duru\u015fmaya verilen aradan sonra savc\u0131 Levent Kaya, \u00fczerine isnat edilen su\u00e7un vas\u0131f ve mahiyeti, toplanan deliller ile tutukluluk s\u00fcrelerini g\u00f6z \u00f6n\u00fcnde bulundurularak, tutuklu san\u0131klar Seyithan \u015een, Veysi Akar, \u0130hsan Sevitek, Abdurrahim Tanr\u0131verdi ve Adnan Bayram&#8217;\u0131n tahliyesine, di\u011fer san\u0131klar\u0131n ise tutukluluk hallerinin devam\u0131na karar verilmesini istedi.<\/p>\n<p style=\"text-align: justify;\">Mahkeme heyeti, duru\u015fmaya verdi\u011fi k\u0131sa bir aradan sonra tutuklu san\u0131klar Seyithan \u015een, Veysi Akar, \u0130hsan Sevitek, Abdurrahim Tanr\u0131verdi ve Adnan Bayram&#8217;\u0131n tahliyesine, di\u011fer san\u0131klar\u0131n da tutukluluk hallerinin devam\u0131na karar verdi.<\/p>\n<p style=\"text-align: justify;\">Duru\u015fma 9 Nisan 2012 g\u00fcn\u00fcne ertelendi.<\/p>\n<p style=\"text-align: justify;\"><a href=\"http:\/\/www.cumhuriyet.com.tr\/?hn=311308\" target=\"_blank\">Kaynak : Cumhuriyet Haber Portal\u0131<\/a><\/p>\n","protected":false},"excerpt":{"rendered":"<p style=\"text-align: center;\">\n<p style=\"text-align: justify;\">Ter\u00f6r \u00f6rg\u00fct\u00fc PKK&#8217;nin \u015fehir yap\u0131lanmas\u0131 oldu\u011fu iddia edilen KCK&#8217;ye ili\u015fkin davaya devam edildi. Duru\u015fmada, 5 san\u0131\u011f\u0131n tahliye edilmesi kararla\u015ft\u0131r\u0131ld\u0131.<\/p>\n<p style=\"text-align: justify;\">Diyarbak\u0131r- Diyarbak\u0131r 6. A\u011f\u0131r Ceza Mahkemesi&#8217;ndeki 41&#8217;inci duru\u015fmaya mazeret bildiren 25 tutuklu san\u0131k kat\u0131lmazken, 79&#8217;u tutuklu 82 san\u0131k ise haz\u0131r bulundu.<\/p>\n<p style=\"text-align: justify;\">Duru\u015fmada, tutuklu san\u0131klardan \u0130HD Genel Ba\u015fkan <\/p>\n","protected":false},"author":1,"featured_media":0,"comment_status":"open","ping_status":"open","sticky":false,"template":"","format":"standard","meta":{"footnotes":""},"categories":[105],"tags":[],"class_list":["post-47996","post","type-post","status-publish","format-standard","hentry","category-gundem","odd"],"_links":{"self":[{"href":"http:\/\/www.korhanyilmaz.com\/index.php?rest_route=\/wp\/v2\/posts\/47996","targetHints":{"allow":["GET"]}}],"collection":[{"href":"http:\/\/www.korhanyilmaz.com\/index.php?rest_route=\/wp\/v2\/posts"}],"about":[{"href":"http:\/\/www.korhanyilmaz.com\/index.php?rest_route=\/wp\/v2\/types\/post"}],"author":[{"embeddable":true,"href":"http:\/\/www.korhanyilmaz.com\/index.php?rest_route=\/wp\/v2\/users\/1"}],"replies":[{"embeddable":true,"href":"http:\/\/www.korhanyilmaz.com\/index.php?rest_route=%2Fwp%2Fv2%2Fcomments&post=47996"}],"version-history":[{"count":0,"href":"http:\/\/www.korhanyilmaz.com\/index.php?rest_route=\/wp\/v2\/posts\/47996\/revisions"}],"wp:attachment":[{"href":"http:\/\/www.korhanyilmaz.com\/index.php?rest_route=%2Fwp%2Fv2%2Fmedia&parent=47996"}],"wp:term":[{"taxonomy":"category","embeddable":true,"href":"http:\/\/www.korhanyilmaz.com\/index.php?rest_route=%2Fwp%2Fv2%2Fcategories&post=47996"},{"taxonomy":"post_tag","embeddable":true,"href":"http:\/\/www.korhanyilmaz.com\/index.php?rest_route=%2Fwp%2Fv2%2Ftags&post=47996"}],"curies":[{"name":"wp","href":"https:\/\/api.w.org\/{rel}","templated":true}]}}