{"id":47992,"date":"2012-01-28T00:12:48","date_gmt":"2012-01-27T22:12:48","guid":{"rendered":"http:\/\/www.korhanyilmaz.com\/?p=47992"},"modified":"2012-01-28T03:05:32","modified_gmt":"2012-01-28T01:05:32","slug":"odatv-davasinda-yine-tahliye-yok","status":"publish","type":"post","link":"http:\/\/www.korhanyilmaz.com\/?p=47992","title":{"rendered":"Odatv davas\u0131nda yine tahliye yok"},"content":{"rendered":"<p style=\"text-align: center;\"><a href=\"http:\/\/www.korhanyilmaz.com\/wp-content\/uploads\/2012\/01\/9522.jpg\"  class=\"lightview\"><img loading=\"lazy\" decoding=\"async\" class=\" wp-image-47993 aligncenter\" src=\"http:\/\/www.korhanyilmaz.com\/wp-content\/uploads\/2012\/01\/9522.jpg\" alt=\"\" width=\"304\" height=\"228\" \/><\/a><\/p>\n<p style=\"text-align: justify;\">Ergenekon soru\u015fturmas\u0131 kapsam\u0131nda a\u00e7\u0131lan Odatv davas\u0131n\u0131n 10. duru\u015fmas\u0131ndan da tahliye karar\u0131 \u00e7\u0131kmad\u0131. Mahkeme heyeti aralar\u0131nda gazeteci Ahmet \u015e\u0131k, Nedim \u015eener, Soner Yal\u00e7\u0131n, Bar\u0131\u015f Pehlivano\u011flu&#8217;nun da bulundu\u011fu san\u0131klar\u0131n tutukluluk hallerinin devam\u0131na kadar verdi.<\/p>\n<p style=\"text-align: justify;\">Cumhuriyet- Gazeteciler Ahmet \u015e\u0131k, Nedim \u015eener, Soner Yal\u00e7\u0131n, Prof. Yal\u00e7\u0131n K\u00fc\u00e7\u00fck, eski emniyet m\u00fcd\u00fcr\u00fc Hanefi Avc\u0131\u2019n\u0131n da aralar\u0131nda bulundu\u011fu 13 san\u0131kl\u0131 Odatv davas\u0131n\u0131n 10. oturumu d\u00fcn yap\u0131ld\u0131.<!--more--><\/p>\n<p style=\"text-align: justify;\">Mahkeme Ba\u015fkan\u0131, T\u00dcB\u0130TAK\u2019tan bilirki\u015fi listesi g\u00f6nderildi\u011fini belirterek, \u201cVir\u00fcs oldu\u011funa dair ciddi iddian\u0131z var. Bunu sonuna kadar ara\u015ft\u0131raca\u011f\u0131z. G\u00f6revi k\u00f6t\u00fcye kullanma ve bir komplo varsa gere\u011fini yapaca\u011f\u0131z. Rapor ald\u0131raca\u011f\u0131z. \u015e\u00fcpheniz olmas\u0131n\u201d dedi.<\/p>\n<p style=\"text-align: justify;\"><strong>San\u0131klar \u00e7\u0131kar\u0131ld\u0131\u00a0<\/strong><\/p>\n<p style=\"text-align: justify;\">Mahkeme heyeti, \u0130klim Ayfer Kaleli\u2019nin savunmas\u0131 al\u0131n\u0131rken di\u011fer san\u0131klar\u0131 salondan \u00e7\u0131kard\u0131. Ba\u015fkan, Kaleli\u2019nin g\u00f6zlenen hareketleri, s\u0131k s\u0131k a\u011flamas\u0131 ve ila\u00e7 kulland\u0131\u011f\u0131n\u0131n bildirilmesi \u00fczerine bu karar\u0131 ald\u0131klar\u0131n\u0131 belirtti. Avukatlar\u0131n bu karara itiraz\u0131 reddedildi. S\u00f6zc\u00fc, Habert\u00fcrk ve ANKA\u2019ya yapt\u0131\u011f\u0131 i\u015f ba\u015fvurusu kabul edilmedi\u011fi i\u00e7in Odatv\u2019de i\u015fe ba\u015flad\u0131\u011f\u0131n\u0131 s\u00f6yleyen Kaleli, \u201cSoner Yal\u00e7\u0131n\u2019la Odatv\u2019ye ba\u015flad\u0131ktan 5 ay sonra o talihsiz telefon g\u00f6r\u00fc\u015fmesi nedeniyle tan\u0131\u015ft\u0131m\u201d dedi. U\u011fur D\u00fcndar\u2019\u0131n, kendisi hakk\u0131nda \u201cbu i\u015fin arkas\u0131nda gizli servisler olabilir\u201d dedi\u011fini akataran Kaleli, \u201cDavas\u0131na bakacak avukat bulamayan ben ajanm\u0131\u015f\u0131m. Bu tarz haberlerin hedefi olmu\u015f bir san\u0131\u011f\u0131m\u201d diye konu\u015ftu.<\/p>\n<p style=\"text-align: justify;\"><strong>\u201cS\u00f6yleyemediklerin var m\u0131?\u201d\u00a0<\/strong><\/p>\n<p style=\"text-align: justify;\">Mahkeme Ba\u015fkan\u0131, \u201cKorkup da s\u00f6yelemekten \u00e7ekindi\u011fin bir konu var m\u0131?\u201d diye sorunca Kaleli, \u201cYok ama isim s\u00f6yleyemiyorum. Savunmamdan baz\u0131 \u015feylerin c\u0131mb\u0131zlan\u0131p yaz\u0131lmas\u0131ndan korkuyorum. Google\u2019a bak\u0131n 780 bin k\u00f6t\u00fc haber var. Ben kamuoyunda yarg\u0131lan\u0131p as\u0131ld\u0131m. Yorgunum. Bu zul\u00fcmd\u00fcr. Dosyam\u0131 ay\u0131r\u0131n\u201d dedi. Deniz Baykal\u2019\u0131n, olay gazetelere \u00e7\u0131kt\u0131ktan sonra \u201cBu k\u0131z\u0131 \u00fczerime sald\u0131klar\u0131 belliydi\u201d diye a\u00e7\u0131klama yapt\u0131\u011f\u0131n\u0131 dile getirerek, \u201cNeden hemen su\u00e7 duyurusunda bulunmad\u0131. Tepki g\u00f6stermek yerine uzun samimi konu\u015fmalara devam etti. Baykal\u2019a komplo giri\u015fimi asla s\u00f6z konusu de\u011fil\u201d diye konu\u015ftu.<\/p>\n<p style=\"text-align: justify;\"><strong>Baykal\u2019la ne ya\u015fand\u0131?\u00a0<\/strong><\/p>\n<p style=\"text-align: justify;\">Mahkeme Ba\u015fkan\u0131, \u201cKitab\u0131n\u0131zda bu konu bo\u015f ge\u00e7iyor. Deniz Baykal\u2019la g\u00f6r\u00fc\u015fmenizde tam olarak ne ya\u015fand\u0131?\u201d diye sordu. Kaleli ise \u201c\u0130ki ki\u015fi aras\u0131nda ya\u015fanan bu olay\u0131 ispat edemeyece\u011fim i\u00e7in habire dava a\u00e7\u0131l\u0131yor\u201d dedi. Ba\u015fkan, \u201cTaciz olay\u0131ndan sonra Deniz Baykal\u2019la senli benli samimi konu\u015fmalar yapm\u0131\u015fs\u0131n\u0131z. Baykal\u2019\u0131 sonra neden arad\u0131n\u0131z?\u201d diye sorunca \u201cBen kamuoyunda b\u00f6yle bir iddiada bulunmad\u0131m. Bu olay\u0131 ya\u015fad\u0131ktan sonra G\u00fcrsel Tekin\u2019e sonra da sonra da Soner Yal\u00e7\u0131n\u2019a s\u00f6yledim. Bir \u015fey olmad\u0131. G\u00f6zalt\u0131 s\u00fcrecinde Muharrem \u0130nce ile ilgili de konu\u015fmalar gazeteler \u00e7\u0131kt\u0131. Bu konu\u015fmalar\u0131m\u0131n da \u00e7\u0131kaca\u011f\u0131n\u0131 d\u00fc\u015f\u00fcnd\u00fcm. Deniz Bey\u2019i tekrar arad\u0131m bu olay\u0131 tekrar ettirmek i\u00e7in, kay\u0131tlara girsin diye. Emniyet \u2018seni o tarihte dinlemiyorduk\u2019 dedi. Avukata da dan\u0131\u015ft\u0131m\u201d kar\u015f\u0131l\u0131\u011f\u0131n\u0131 verdi. Ba\u015fkan da \u201c\u0130kinci arama komplo mu oluyor yani\u201d deyince Kaleli, \u201cHay\u0131r de\u011fil. Bu konuyu \u00e7apraz sorgumda yan\u0131tlamak istiyorum\u201d diye konu\u015ftu.<\/p>\n<p style=\"text-align: justify;\">Kaleli, Soner Yal\u00e7\u0131n\u2019la bulu\u015ftuklar\u0131nda da bu konuda susmaya karar verdiklerini ifade etti.<\/p>\n<p style=\"text-align: justify;\"><strong>Gen\u00e7ler gitsin&#8230;\u00a0<\/strong><\/p>\n<p style=\"text-align: justify;\">S\u00f6z alan tutuklu san\u0131k M\u00fcyesser U\u011fur, \u201cBa\u015fbakan\u2019\u0131n, bu davaya 1 g\u00fcn kala tutuklu gazetecilere ili\u015fkin a\u00e7\u0131klamalar\u0131 kar\u015f\u0131s\u0131nda neler hissettiniz? Mahkemeye bir talimat m\u0131?\u201d diye sordu. Emniyet Genel M\u00fcd\u00fcrl\u00fc\u011f\u00fc yaz\u0131s\u0131nda Ergenekon ter\u00f6r \u00f6rg\u00fct\u00fcn\u00fcn varl\u0131\u011f\u0131n\u0131n ara\u015ft\u0131r\u0131ld\u0131\u011f\u0131n\u0131n bildirildi\u011fine dikkat \u00e7ekerek, \u201cOlmayan bir \u00f6rg\u00fctten yatmak a\u011fr\u0131ma gidiyor. Gen\u00e7leri, \u00f6\u011frencileri, yeni evlileri, hasta Do\u011fan abiyi b\u0131rak\u0131n gitsinler. Bir k\u0131sm\u0131m\u0131z rehin kalal\u0131m\u201d dedi.<\/p>\n<p style=\"text-align: justify;\"><strong>E\u015fim ve k\u0131z\u0131m i\u00e7in\u00a0<\/strong><\/p>\n<p style=\"text-align: justify;\">Nedim \u015eener ise \u201cHrant Dink cinayeti ara\u015ft\u0131rmalar\u0131m\u0131n faturas\u0131n\u0131 \u00f6detiyorlar. Ergenekon operasyonlar\u0131n\u0131 yapan polislerin Dink cinayetindeki ihmalini 2009\u2019da tespit ettim. Burada karart\u0131lmak istenen Dink cinayetinin ger\u00e7ekleridir. Yal\u00e7\u0131n K\u00fc\u00e7\u00fck\u2019\u00fc kastetmiyorum ama planda Ergenekon san\u0131klar\u0131n\u0131n bir k\u0131sm\u0131 var. K\u0131z\u0131m ve e\u015fim i\u00e7in tahliyemi talep ediyorum\u201d diye konu\u015ftu.<\/p>\n<p style=\"text-align: justify;\"><strong>Kitab\u0131 ben yazd\u0131m\u00a0<\/strong><\/p>\n<p style=\"text-align: justify;\">Hanefi Avc\u0131, \u015funlar\u0131 s\u00f6yledi: \u201cKitab\u0131m\u0131 ben yazd\u0131m. Kimsenin haberi yoktu. Kitaptaki her \u015fey yanl\u0131\u015f olsa bile sonu\u00e7ta d\u00fc\u015f\u00fcncedir. Tutuklulu\u011fumun makul olmad\u0131\u011f\u0131n\u0131 d\u00fc\u015f\u00fcn\u00fcyorum.\u201d<\/p>\n<p style=\"text-align: justify;\"><strong>\u015e\u0131k\u2019\u0131n avukat\u0131ndan itiraz\u00a0<\/strong><\/p>\n<p style=\"text-align: justify;\">Ahmet \u015e\u0131k, herhangi bir talebinin olmad\u0131\u011f\u0131n\u0131 s\u00f6yledi. \u015e\u0131k\u2019\u0131n avukat\u0131 Fikret \u0130lkiz, avukatlara s\u00fcre k\u0131s\u0131tlamas\u0131 getirilmesine tepki g\u00f6sterdi. \u015e\u0131k\u2019\u0131n avukat\u0131 Ak\u0131n Atalay, \u201cAhmet 330 g\u00fcnd\u00fcr tutuklu. TMK\u2019ye g\u00f6re 15 ay ceza demek\u201d diye konu\u015ftu.<\/p>\n<p style=\"text-align: justify;\">Davay\u0131 CHP milletvekili \u0130lhan Cihaner, U\u011f\u0131r D\u00fcndar, Hrant Dink\u2019in karde\u015fi Hosrof Dink de izledi.<\/p>\n<p style=\"text-align: justify;\"><strong>12 Mart&#8217;a erteledi&#8230;\u00a0<\/strong><\/p>\n<p style=\"text-align: justify;\">Mahkeme heyeti aralar\u0131nda gazeteci Ahmet \u015e\u0131k, Nedim \u015eener, Soner Yal\u00e7\u0131n, Bar\u0131\u015f Pehlivano\u011flu&#8217;nun da bulundu\u011fu san\u0131klar\u0131n tutukluluk hallerinin devam\u0131na kadar verdi ve duru\u015fmay\u0131 12 Mart&#8217;a erteledi.<\/p>\n<p style=\"text-align: justify;\"><a href=\"http:\/\/www.cumhuriyet.com.tr\/?hn=311196\" target=\"_blank\">Kaynak : Hilal K\u00f6se &#8211; Cumhuriyet Haber Portal\u0131<\/a><\/p>\n","protected":false},"excerpt":{"rendered":"<p style=\"text-align: center;\">\n<p style=\"text-align: justify;\">Ergenekon soru\u015fturmas\u0131 kapsam\u0131nda a\u00e7\u0131lan Odatv davas\u0131n\u0131n 10. duru\u015fmas\u0131ndan da tahliye karar\u0131 \u00e7\u0131kmad\u0131. Mahkeme heyeti aralar\u0131nda gazeteci Ahmet \u015e\u0131k, Nedim \u015eener, Soner Yal\u00e7\u0131n, Bar\u0131\u015f Pehlivano\u011flu&#8217;nun da bulundu\u011fu san\u0131klar\u0131n tutukluluk hallerinin devam\u0131na kadar verdi.<\/p>\n<p style=\"text-align: justify;\">Cumhuriyet- Gazeteciler Ahmet \u015e\u0131k, Nedim \u015eener, Soner Yal\u00e7\u0131n, Prof. Yal\u00e7\u0131n K\u00fc\u00e7\u00fck, eski emniyet m\u00fcd\u00fcr\u00fc Hanefi Avc\u0131\u2019n\u0131n <\/p>\n","protected":false},"author":1,"featured_media":0,"comment_status":"open","ping_status":"open","sticky":false,"template":"","format":"standard","meta":{"footnotes":""},"categories":[105],"tags":[],"class_list":["post-47992","post","type-post","status-publish","format-standard","hentry","category-gundem","odd"],"_links":{"self":[{"href":"http:\/\/www.korhanyilmaz.com\/index.php?rest_route=\/wp\/v2\/posts\/47992","targetHints":{"allow":["GET"]}}],"collection":[{"href":"http:\/\/www.korhanyilmaz.com\/index.php?rest_route=\/wp\/v2\/posts"}],"about":[{"href":"http:\/\/www.korhanyilmaz.com\/index.php?rest_route=\/wp\/v2\/types\/post"}],"author":[{"embeddable":true,"href":"http:\/\/www.korhanyilmaz.com\/index.php?rest_route=\/wp\/v2\/users\/1"}],"replies":[{"embeddable":true,"href":"http:\/\/www.korhanyilmaz.com\/index.php?rest_route=%2Fwp%2Fv2%2Fcomments&post=47992"}],"version-history":[{"count":0,"href":"http:\/\/www.korhanyilmaz.com\/index.php?rest_route=\/wp\/v2\/posts\/47992\/revisions"}],"wp:attachment":[{"href":"http:\/\/www.korhanyilmaz.com\/index.php?rest_route=%2Fwp%2Fv2%2Fmedia&parent=47992"}],"wp:term":[{"taxonomy":"category","embeddable":true,"href":"http:\/\/www.korhanyilmaz.com\/index.php?rest_route=%2Fwp%2Fv2%2Fcategories&post=47992"},{"taxonomy":"post_tag","embeddable":true,"href":"http:\/\/www.korhanyilmaz.com\/index.php?rest_route=%2Fwp%2Fv2%2Ftags&post=47992"}],"curies":[{"name":"wp","href":"https:\/\/api.w.org\/{rel}","templated":true}]}}