{"id":4798,"date":"2009-03-11T19:29:41","date_gmt":"2009-03-11T17:29:41","guid":{"rendered":"http:\/\/www.korhanyilmaz.com\/?p=4798"},"modified":"2009-03-11T19:29:41","modified_gmt":"2009-03-11T17:29:41","slug":"bu-da-savcilarin-ergenekon-semasi-19-kisi-yonetiyor","status":"publish","type":"post","link":"http:\/\/www.korhanyilmaz.com\/?p=4798","title":{"rendered":"Bu da savc\u0131lar\u0131n Ergenekon \u015femas\u0131: 19 ki\u015fi y\u00f6netiyor"},"content":{"rendered":"<p style=\"text-align: center;\"><img loading=\"lazy\" decoding=\"async\" class=\"aligncenter size-full wp-image-4799\" title=\"Bu da savc\u0131lar\u0131n Ergenekon \u015femas\u0131: 19 ki\u015fi y\u00f6netiyor \" src=\"http:\/\/www.korhanyilmaz.com\/wp-content\/uploads\/2009\/03\/120320090449089067833.jpg\" alt=\"Bu da savc\u0131lar\u0131n Ergenekon \u015femas\u0131: 19 ki\u015fi y\u00f6netiyor \" width=\"376\" height=\"240\" \/><\/p>\n<p style=\"text-align: justify;\"><strong>2. iddianameye g\u00f6re Eruygur ve Tolon&#8217;un liderli\u011findeki \u00f6rg\u00fct\u00fcn10 y\u00f6neticisi var. \u0130lk iddianamede 7 ki\u015fi y\u00f6netici olmakla su\u00e7lanm\u0131\u015ft\u0131. \u00d6rg\u00fct\u00fcn M\u0130T taraf\u0131ndan haz\u0131rland\u0131\u011f\u0131 \u00f6ne s\u00fcr\u00fclen \u015femas\u0131 ise h\u00e2l\u00e2 a\u00e7\u0131klanmad\u0131<\/strong>.<\/p>\n<p style=\"text-align: justify;\">Ba\u015fsavc\u0131l\u011f\u0131n \u00f6nceki g\u00fcn g\u00f6nderdi\u011fi iddianame d\u00fcn \u0130stanbul 13. A\u011f\u0131r Ceza Mahkemesi&#8217;ne ula\u015ft\u0131. \u0130ddianamenin \u0130stanbul Adliyesi&#8217;nde CD&#8217;ye kaydedilip san\u0131k avukatlar\u0131na da\u011f\u0131t\u0131laca\u011f\u0131 \u00f6\u011frenilirken davan\u0131n delil klas\u00f6rlerinin 240 adet oldu\u011fu ifade edildi. Mahkeme taraf\u0131ndan haz\u0131rlanacak ve DVD&#8217;ye kaydedilecek bu klas\u00f6rler de avukatlara da\u011f\u0131t\u0131lacak.<!--more--><\/p>\n<p style=\"text-align: justify;\">Mahkemenin yeni iddianameyi incelemek i\u00e7in halen devam eden 86 san\u0131kl\u0131 davan\u0131n duru\u015fmalar\u0131na 15 g\u00fcnl\u00fck bir ara vermesi bekleniyor. Mahkeme bug\u00fcn ve yar\u0131n duru\u015fmaya devam edecek ve Cuma ak\u015fam\u0131 ne kadar ara verece\u011fini a\u00e7\u0131klayacak.<\/p>\n<p style=\"text-align: justify;\">Mahkeme verdi\u011fi arada 2. iddianameyi inceleyecek ve iddianamenin kabul\u00fc ya da reddi konusunda karar verecek. \u0130ddianame kabul edilirse, iki davayla nas\u0131l birle\u015ftirilece\u011fi konusunda mahkeme daha sonra karar verecek.<\/p>\n<p style=\"text-align: justify;\"><strong>Neyle su\u00e7lan\u0131yorlar<\/strong><\/p>\n<p style=\"text-align: justify;\">\u0130ddianamede Jandarma Eski Komutan\u0131 Emekli Orgeneral \u015eener Eruygur ile 1. Ordu eski Komutan\u0131 Emekli Orgeneral Hur\u015fit Tolon Ergenekon Ter\u00f6r \u00d6rg\u00fct\u00fc&#8217;n\u00fcn hem y\u00f6neticisi hem de &#8220;liderleri&#8221;, aralar\u0131nda Tuncay \u00d6zkan ile G\u00fcrb\u00fcz \u00c7apan&#8217;\u0131n da bulundu\u011fu 10 ki\u015fi de \u00f6rg\u00fct y\u00f6neticisi olmakla su\u00e7land\u0131.<\/p>\n<p style=\"text-align: justify;\">\u0130lk iddianamede de Do\u011fu Perin\u00e7ek, \u0130lhan Sel\u00e7uk, Veli K\u00fc\u00e7\u00fck, Mehmet Fikri Karada\u011f, Sevgi Erenerol, Muzaffer Tekin ve Kemal Alemdaro\u011flu y\u00f6netici olmakla su\u00e7lanm\u0131\u015ft\u0131.<\/p>\n<p style=\"text-align: justify;\">\u0130ddianamede \u00f6rg\u00fct y\u00f6neticisi olmakla su\u00e7lanan san\u0131klar hakk\u0131nda m\u00fcebbet hapis cezas\u0131n\u0131n yan\u0131 s\u0131ra \u00e7e\u015fitli su\u00e7lamalar da y\u00f6neltiliyor. M\u00fcebbet hapis cezas\u0131, cebir ve \u015fiddet kullanarak TBMM&#8217;yi ve TC H\u00fck\u00fcmetini ortadan kald\u0131rmaya veya g\u00f6revlerini yapmas\u0131na k\u0131smen veya tamamen engellemeye te\u015febb\u00fcs gerek\u00e7esiyle isteniyor. Ayr\u0131ca san\u0131klar i\u00e7in \u00f6rg\u00fct y\u00f6netici olman\u0131n yan\u0131 s\u0131ra h\u00fck\u00fcmete kar\u015f\u0131 silahl\u0131 isyana tahrik, devletin g\u00fcvenli\u011fine ili\u015fkin belgeleri kullanmak, devletin g\u00fcvenli\u011fine ili\u015fkin belgeleri temin etmek, ki\u015fisel verileri hukuka ayk\u0131r\u0131 olarak kaydetmek gibi su\u00e7larla \u00e7e\u015fitli hapis cezalar\u0131 isteniyor:<\/p>\n<p style=\"text-align: justify;\"><strong>Hur\u015fit Tolon (Emekli general):<\/strong> 13 kez a\u011f\u0131rla\u015ft\u0131r\u0131lm\u0131\u015f m\u00fcebbet, 1047 y\u0131l hapis.<\/p>\n<p style=\"text-align: justify;\"><strong>\u015eener Eruygur (Emekli general):<\/strong> 13 kez a\u011f\u0131rla\u015ft\u0131r\u0131lm\u0131\u015f m\u00fcebbet, 1047 y\u0131l hapis cezas\u0131.<\/p>\n<p style=\"text-align: justify;\"><strong>Tuncay \u00d6zkan (Gazeteci):<\/strong> A\u011f\u0131rla\u015ft\u0131r\u0131lm\u0131\u015f m\u00fcebbet, 64 y\u0131l hapis.<\/p>\n<p style=\"text-align: justify;\"><strong>Levent Ers\u00f6z (Emekli Tu\u011fgeneral):<\/strong> A\u011f\u0131rla\u015ft\u0131r\u0131lm\u0131\u015f m\u00fcebbet, 64 y\u0131l hapis.<\/p>\n<p style=\"text-align: justify;\"><strong>Mehmet Ali \u00c7elebi (Te\u011fmen):<\/strong> A\u011f\u0131rla\u015ft\u0131r\u0131lm\u0131\u015f m\u00fcebbet, 24 y\u0131l hapis.<\/p>\n<p style=\"text-align: justify;\"><strong>Noyan \u00c7al\u0131ku\u015fu: (Te\u011fmen):<\/strong> A\u011f\u0131rla\u015ft\u0131r\u0131lm\u0131\u015f m\u00fcebbet, 24 y\u0131l hapis.<\/p>\n<p style=\"text-align: justify;\"><strong>Eren Mumcu (Te\u011fmen):<\/strong> A\u011f\u0131rla\u015ft\u0131r\u0131lm\u0131\u015f m\u00fcebbet, 24 y\u0131l hapis.<\/p>\n<p style=\"text-align: justify;\"><strong>Hasan H\u00fcseyin U\u00e7ar (Te\u011fmen):<\/strong> A\u011f\u0131rla\u015ft\u0131r\u0131lm\u0131\u015f m\u00fcebbet, 24 y\u0131l hapis.<\/p>\n<p style=\"text-align: justify;\"><strong>Adil Serdar Sa\u00e7an (Eski polis m\u00fcd\u00fcr\u00fc):<\/strong> 18 y\u0131l hapis.<\/p>\n<p style=\"text-align: justify;\"><strong>G\u00fcrb\u00fcz \u00c7apan (Esenyurt eski Belediye Ba\u015fkan\u0131):<\/strong> A\u011f\u0131rla\u015ft\u0131r\u0131lm\u0131\u015f m\u00fcebbet, 31 y\u0131l hapis.<\/p>\n<p style=\"text-align: justify;\"><strong>Mustafa Balbay (Gazeteci):<\/strong> Bir a\u011f\u0131rla\u015ft\u0131r\u0131lm\u0131\u015f m\u00fcebbet, 31 y\u0131l hapis.<\/p>\n<p style=\"text-align: justify;\"><strong>Atilla U\u011fur:<\/strong> (Emekli Albay): 1 a\u011f\u0131rla\u015ft\u0131r\u0131lm\u0131\u015f m\u00fcebbet, 43 y\u0131l hapis.<\/p>\n<p style=\"text-align: justify;\"><strong>Mahkemeyi yorucu g\u00fcnler bekliyor<\/strong><\/p>\n<p style=\"text-align: justify;\">Mahkeme yeni dava a\u00e7\u0131ld\u0131\u011f\u0131nda delil klas\u00f6rlerini incelemek i\u00e7in halen devam eden davaya ara vermeyecek. Bu durumda Mahkeme Heyeti, bir yandan duru\u015fmalar\u0131na devam ederken di\u011fer yandan yeni davan\u0131n klas\u00f6rlerini inceleyecek.<\/p>\n<p style=\"text-align: justify;\">Ergenekon savc\u0131lar\u0131 taraf\u0131ndan haz\u0131rlanan ikinci iddianame de, dava ba\u015flad\u0131\u011f\u0131nda san\u0131klar\u0131n y\u00fcz\u00fcne okunacak. Mahkemeden al\u0131nan bilgiye g\u00f6re, ikinci iddianamenin san\u0131klar\u0131na, 2455 sayfal\u0131k ilk iddianame okunmayacak. Mahkeme, ilk iddianameyi, ikinci iddianamede yer alan san\u0131klara da g\u00f6nderecek. Bu nedenle duru\u015fmada ilk iddianame okunmayacak. Ancak ilk iddianamenin san\u0131klar\u0131, ikinci iddianameyi de duru\u015fmada dinleyecek. Savc\u0131lar\u0131n ikinci iddianameyi okurken \u00f6zetlemesi de bekleniyor.<\/p>\n<p style=\"text-align: justify;\">Mahkemenin iddianameyi kabul etmesi halinde, ikinci iddianamenin san\u0131klar\u0131n\u0131n ilk duru\u015fmaya \u00e7\u0131kmas\u0131n\u0131n yakla\u015f\u0131k 2 ay\u0131 bulmas\u0131 bekleniyor. Mahkemenin bu 2 ayl\u0131k s\u00fcrede, ilk davan\u0131n san\u0131klar\u0131n\u0131n savunmalar\u0131n\u0131 bitirmeyi hedefledi\u011fi de \u00f6\u011frenildi.<\/p>\n<p style=\"text-align: justify;\">Ergenekon&#8217;un 2. iddianamesinde savc\u0131lar\u0131n \u00f6ne s\u00fcrd\u00fc\u011f\u00fc iddialar\u0131 240 klas\u00f6r i\u00e7erisinde yer alan delillere dayand\u0131rd\u0131\u011f\u0131 \u00f6\u011frenildi. Klas\u00f6rlerde elde edilen belge ve bilgiler, mahkemelerden istenen dosyalar, telefon dinleme tutanaklar\u0131 ve T\u00fcrkiye&#8217;nin yak\u0131n d\u00f6nemine damga vurmu\u015f \u00e7ok \u00f6nemli olaylarla ilgili \u015fok edici belge ve tan\u0131k ifadelerin de oldu\u011fu iddia edildi.<\/p>\n<p style=\"text-align: justify;\"><span style=\"color: #888888;\">Kaynak : Vatan Gazetesi<\/span><\/p>\n","protected":false},"excerpt":{"rendered":"<p style=\"text-align: center;\">\n<p style=\"text-align: justify;\">2. iddianameye g\u00f6re Eruygur ve Tolon&#8217;un liderli\u011findeki \u00f6rg\u00fct\u00fcn10 y\u00f6neticisi var. \u0130lk iddianamede 7 ki\u015fi y\u00f6netici olmakla su\u00e7lanm\u0131\u015ft\u0131. \u00d6rg\u00fct\u00fcn M\u0130T taraf\u0131ndan haz\u0131rland\u0131\u011f\u0131 \u00f6ne s\u00fcr\u00fclen \u015femas\u0131 ise h\u00e2l\u00e2 a\u00e7\u0131klanmad\u0131.<\/p>\n<p style=\"text-align: justify;\">Ba\u015fsavc\u0131l\u011f\u0131n \u00f6nceki g\u00fcn g\u00f6nderdi\u011fi iddianame d\u00fcn \u0130stanbul 13. A\u011f\u0131r Ceza Mahkemesi&#8217;ne ula\u015ft\u0131. \u0130ddianamenin \u0130stanbul Adliyesi&#8217;nde CD&#8217;ye kaydedilip san\u0131k avukatlar\u0131na da\u011f\u0131t\u0131laca\u011f\u0131 \u00f6\u011frenilirken <\/p>\n","protected":false},"author":1,"featured_media":0,"comment_status":"open","ping_status":"closed","sticky":false,"template":"","format":"standard","meta":{"footnotes":""},"categories":[105],"tags":[],"class_list":["post-4798","post","type-post","status-publish","format-standard","hentry","category-gundem","odd"],"_links":{"self":[{"href":"http:\/\/www.korhanyilmaz.com\/index.php?rest_route=\/wp\/v2\/posts\/4798","targetHints":{"allow":["GET"]}}],"collection":[{"href":"http:\/\/www.korhanyilmaz.com\/index.php?rest_route=\/wp\/v2\/posts"}],"about":[{"href":"http:\/\/www.korhanyilmaz.com\/index.php?rest_route=\/wp\/v2\/types\/post"}],"author":[{"embeddable":true,"href":"http:\/\/www.korhanyilmaz.com\/index.php?rest_route=\/wp\/v2\/users\/1"}],"replies":[{"embeddable":true,"href":"http:\/\/www.korhanyilmaz.com\/index.php?rest_route=%2Fwp%2Fv2%2Fcomments&post=4798"}],"version-history":[{"count":0,"href":"http:\/\/www.korhanyilmaz.com\/index.php?rest_route=\/wp\/v2\/posts\/4798\/revisions"}],"wp:attachment":[{"href":"http:\/\/www.korhanyilmaz.com\/index.php?rest_route=%2Fwp%2Fv2%2Fmedia&parent=4798"}],"wp:term":[{"taxonomy":"category","embeddable":true,"href":"http:\/\/www.korhanyilmaz.com\/index.php?rest_route=%2Fwp%2Fv2%2Fcategories&post=4798"},{"taxonomy":"post_tag","embeddable":true,"href":"http:\/\/www.korhanyilmaz.com\/index.php?rest_route=%2Fwp%2Fv2%2Ftags&post=4798"}],"curies":[{"name":"wp","href":"https:\/\/api.w.org\/{rel}","templated":true}]}}