{"id":47950,"date":"2012-01-27T16:58:06","date_gmt":"2012-01-27T14:58:06","guid":{"rendered":"http:\/\/www.korhanyilmaz.com\/?p=47950"},"modified":"2012-01-27T17:22:11","modified_gmt":"2012-01-27T15:22:11","slug":"bakanlik-o-skandal-icin-harekete-gecti","status":"publish","type":"post","link":"http:\/\/www.korhanyilmaz.com\/?p=47950","title":{"rendered":"Bakanl\u0131k o skandal i\u00e7in harekete ge\u00e7ti"},"content":{"rendered":"<p style=\"text-align: center;\"><a href=\"http:\/\/www.korhanyilmaz.com\/wp-content\/uploads\/2012\/01\/9517.jpg\"  class=\"lightview\"><img loading=\"lazy\" decoding=\"async\" class=\"aligncenter  wp-image-47951\" src=\"http:\/\/www.korhanyilmaz.com\/wp-content\/uploads\/2012\/01\/9517.jpg\" alt=\"\" width=\"342\" height=\"191\" \/><\/a><\/p>\n<p style=\"text-align: justify;\">Sa\u011fl\u0131k Bakan\u0131 Recep Akda\u011f, Gaziantep&#8217;ten Adana&#8217;ya 15 ki\u015finin bir ambulansla g\u00f6t\u00fcr\u00fclmesinin kabul edilemeyece\u011fini belirterek, &#8220;Sorumlular hakk\u0131nda en a\u011f\u0131r yapt\u0131r\u0131mlar\u0131 uygulayaca\u011f\u0131z. Sorumlusu kimse g\u00f6revden alaca\u011f\u0131z. B\u00f6yle bir \u015feyi kesinlikle kabul etmiyoruz&#8221; dedi.<\/p>\n<p style=\"text-align: justify;\">K\u0131\u015f Sporlar\u0131 Festivali etkinliklerine kat\u0131lmak \u00fczere bug\u00fcn Anadolu Jet&#8217;e ait u\u00e7akla Erzurum&#8217;a gelen Sa\u011fl\u0131k Bakan\u0131 Recep Akda\u011f, hava liman\u0131nda Gaziantep&#8217;te ya\u015fanan ambulans skandal\u0131yla ilgili konu\u015ftu.<!--more--><\/p>\n<p style=\"text-align: justify;\">Skandal\u0131, haberleri izleyen Ba\u015fbakan Recep Tayyip Erdo\u011fan&#8217;\u0131n kendisini aramas\u0131yla \u00f6\u011frendi\u011fini ifade eden Bakan Akda\u011f, &#8220;Say\u0131n Ba\u015fbakan&#8217;\u0131n bu konularda \u00e7ok hassas oldu\u011funu biliyorsunuz. Tefti\u015f kuruluna talimat verdim, soru\u015fturma yapt\u0131r\u0131yorum. Genelde b\u00f6yle durumlarda kesin bir \u015fey s\u00f6ylemem.Ancak olay\u0131n ilk incelenmesinden ald\u0131\u011f\u0131m intiba yanl\u0131\u015f bir i\u015f. H\u00fck\u00fcmet olarak sa\u011fl\u0131kta d\u00f6n\u00fc\u015f\u00fcmde hasta hakk\u0131na ne kadar \u00f6nem verdi\u011fimizi biliyorsunuz. Son derece yanl\u0131\u015f olay\u0131n m\u00fcsebbipleri her kimse kendilerine uygulanabilecek normal ve idari hukuk i\u00e7erisinde en a\u011f\u0131r yapt\u0131r\u0131mlar\u0131 uygulayaca\u011f\u0131z. Sorumlular\u0131 g\u00f6revlerinden alaca\u011f\u0131z. B\u00f6yle bir \u015feyi kesinlikle kabul etmiyoruz. Ruh sa\u011fl\u0131\u011f\u0131 yerinde olmayanlar bize emanet edilmi\u015f olan de\u011ferli karde\u015flerimizdir. Hi\u00e7 bir hastaya b\u00f6yle bir uygulama yap\u0131lmaz, ama onlara yap\u0131lmas\u0131 ayr\u0131ca bizi \u00fczm\u00fc\u015ft\u00fcr&#8221; diye konu\u015ftu.<\/p>\n<p style=\"text-align: justify;\"><strong>Diyarbak\u0131r&#8217;da \u00e7ocu\u011fun \u00f6l\u00fcm\u00fcyle ilgili soru\u015fturma a\u00e7t\u0131<\/strong><\/p>\n<p style=\"text-align: justify;\">\u015e\u0131rnak&#8217;\u0131n \u0130dil il\u00e7esinde bula\u015f\u0131c\u0131 menenjit hastal\u0131\u011f\u0131na yakalanan 2 ya\u015f\u0131ndaki Muhammet Er\u015fek&#8217;in Diyarbak\u0131r \u00c7ocuk Hastal\u0131klar\u0131 Hastanesi&#8217;ne al\u0131nmad\u0131\u011f\u0131 i\u00e7in ambulansta \u00f6lmesiyle sonu\u00e7lanan olayla ilgili ise Bakan Akda\u011f, &#8220;A\u011f\u0131r bir hasta, mutlaka \u00e7ok daha \u00f6nce ula\u015ft\u0131r\u0131lmas\u0131, gerekenlerin yap\u0131lmas\u0131 laz\u0131md\u0131. T\u00fcrkiye&#8217;de Sa\u011fl\u0131k Bakanl\u0131\u011f\u0131&#8217;na ba\u011fl\u0131 hastanelerdeki acillere bir g\u00fcnde ba\u015fvuran hasta say\u0131s\u0131 150 bin ki\u015fiyi ge\u00e7iyor. Gerek kara, gerek hava ambulanslar\u0131yla y\u0131lda 2 milyona yak\u0131n vatanda\u015f\u0131m\u0131z\u0131 ihtiyac\u0131 olan yerlere ula\u015ft\u0131r\u0131yoruz. Nadiren de olsa buna benzer aksakl\u0131klar\u0131n ya\u015fand\u0131\u011f\u0131nda \u00fcst\u00fcne gidiyoruz. Asla kabul etmiyoruz, kim hata yapm\u0131\u015fsa onlar\u0131n g\u00f6z\u00fcn\u00fcn ya\u015f\u0131na da bakm\u0131yoruz.&#8221;<\/p>\n<p style=\"text-align: justify;\"><strong>Y\u00fcz naklini yapanlara te\u015fekk\u00fcr etti<\/strong><\/p>\n<p style=\"text-align: justify;\">Antalya&#8217;da ba\u015far\u0131l\u0131 bir operasyonla y\u00fcz nakli yapanlar\u0131 tebrik eden Bakan Akda\u011f, ekibin medyadik olduklar\u0131na dair ele\u015ftrilere kat\u0131lmad\u0131\u011f\u0131n\u0131 s\u00f6yledi. Akda\u011f, &#8220;Hay\u0131rl\u0131 bir i\u015f yapt\u0131klar\u0131 i\u00e7in medyatik olmalar\u0131 onlar\u0131n su\u00e7u de\u011fil. Ger\u00e7ekten olduk\u00e7a ba\u015far\u0131l\u0131 bir i\u015f \u00e7\u0131kar\u0131ld\u0131.Herkesi tebrik ediyorum. Orada organ naklini yapan ekibin yan\u0131s\u0131ra organ\u0131 aileyi raz\u0131 ederek alan, \u00f6zel yeti\u015ftirilmi\u015f, e\u011fitim alm\u0131\u015f arkada\u015flardan tutun, ta\u015f\u0131nmas\u0131nda kulland\u0131\u011f\u0131m\u0131z hava ambulans sistemleri, nakli adil bir bi\u00e7imde y\u00fcr\u00fcten g\u00f6revlilerimiz bunlar\u0131n hepsinin ortak ba\u015far\u0131s\u0131d\u0131r&#8221; dedi.<\/p>\n<p style=\"text-align: justify;\">Yo\u011fun k\u0131\u015f \u015fartlar\u0131n\u0131n etkili oldu\u011fu b\u00f6lgede sa\u011fl\u0131k a\u00e7\u0131s\u0131ndan s\u0131k\u0131nt\u0131 ya\u015fanmamas\u0131 i\u00e7in gerekli tedbirleri ald\u0131klar\u0131n\u0131 vurgulayan Bakan Akda\u011f, ula\u015f\u0131mda s\u0131k\u0131nt\u0131 ya\u015fanmamas\u0131 i\u00e7in \u00f6zellikle do\u011fumu yakla\u015fan hamile kad\u0131nlar\u0131 \u00f6nceden sa\u011fl\u0131k merkezlerine ta\u015f\u0131d\u0131klar\u0131n\u0131 bildirdi. Hastalara ula\u015fmak i\u00e7in her t\u00fcrl\u00fc imkan\u0131 seferber ettiklerini anlatan Bakan Akda\u011f, baz\u0131 yerle\u015fim birimlerine ula\u015fmada s\u0131k\u0131nt\u0131 oldu\u011funu ifade ederek, ailelerden bu konuda anlay\u0131\u015f istedi.<\/p>\n<p style=\"text-align: justify;\">Erzurum&#8217;a Kayseri B\u00fcy\u00fck\u015fehir Belediye Ba\u015fkan\u0131 Mehmet \u00d6zhaseki ile birlikte gelen Sa\u011fl\u0131k Bakan\u0131 Recep Akda\u011f, Valili\u011fi ziyaret etti. Vali Sebahattin \u00d6zt\u00fcrk&#8217;le sohbet eden Bakan Akda\u011f, SGK ve eczac\u0131lar aras\u0131nda ya\u015fanan problemlerin g\u00f6r\u00fc\u015fmelerden sonra \u00e7\u00f6z\u00fcme kavu\u015faca\u011f\u0131n\u0131 s\u00f6yledi.<\/p>\n<p style=\"text-align: justify;\"><a href=\"http:\/\/www.cnnturk.com\/2012\/turkiye\/01\/27\/bakanlik.o.skandal.icin.harekete.gecti\/646696.0\/index.html\" target=\"_blank\">Kaynak : CNN T\u00dcRK<\/a><\/p>\n","protected":false},"excerpt":{"rendered":"<p style=\"text-align: center;\">\n<p style=\"text-align: justify;\">Sa\u011fl\u0131k Bakan\u0131 Recep Akda\u011f, Gaziantep&#8217;ten Adana&#8217;ya 15 ki\u015finin bir ambulansla g\u00f6t\u00fcr\u00fclmesinin kabul edilemeyece\u011fini belirterek, &#8220;Sorumlular hakk\u0131nda en a\u011f\u0131r yapt\u0131r\u0131mlar\u0131 uygulayaca\u011f\u0131z. Sorumlusu kimse g\u00f6revden alaca\u011f\u0131z. B\u00f6yle bir \u015feyi kesinlikle kabul etmiyoruz&#8221; dedi.<\/p>\n<p style=\"text-align: justify;\">K\u0131\u015f Sporlar\u0131 Festivali etkinliklerine kat\u0131lmak \u00fczere bug\u00fcn Anadolu Jet&#8217;e ait u\u00e7akla Erzurum&#8217;a gelen Sa\u011fl\u0131k Bakan\u0131 Recep Akda\u011f, <\/p>\n","protected":false},"author":1,"featured_media":0,"comment_status":"open","ping_status":"open","sticky":false,"template":"","format":"standard","meta":{"footnotes":""},"categories":[105],"tags":[806,60,12],"class_list":["post-47950","post","type-post","status-publish","format-standard","hentry","category-gundem","tag-gaziantep","tag-recep-akdag","tag-recep-tayyip-erdogan","odd"],"_links":{"self":[{"href":"http:\/\/www.korhanyilmaz.com\/index.php?rest_route=\/wp\/v2\/posts\/47950","targetHints":{"allow":["GET"]}}],"collection":[{"href":"http:\/\/www.korhanyilmaz.com\/index.php?rest_route=\/wp\/v2\/posts"}],"about":[{"href":"http:\/\/www.korhanyilmaz.com\/index.php?rest_route=\/wp\/v2\/types\/post"}],"author":[{"embeddable":true,"href":"http:\/\/www.korhanyilmaz.com\/index.php?rest_route=\/wp\/v2\/users\/1"}],"replies":[{"embeddable":true,"href":"http:\/\/www.korhanyilmaz.com\/index.php?rest_route=%2Fwp%2Fv2%2Fcomments&post=47950"}],"version-history":[{"count":0,"href":"http:\/\/www.korhanyilmaz.com\/index.php?rest_route=\/wp\/v2\/posts\/47950\/revisions"}],"wp:attachment":[{"href":"http:\/\/www.korhanyilmaz.com\/index.php?rest_route=%2Fwp%2Fv2%2Fmedia&parent=47950"}],"wp:term":[{"taxonomy":"category","embeddable":true,"href":"http:\/\/www.korhanyilmaz.com\/index.php?rest_route=%2Fwp%2Fv2%2Fcategories&post=47950"},{"taxonomy":"post_tag","embeddable":true,"href":"http:\/\/www.korhanyilmaz.com\/index.php?rest_route=%2Fwp%2Fv2%2Ftags&post=47950"}],"curies":[{"name":"wp","href":"https:\/\/api.w.org\/{rel}","templated":true}]}}