{"id":47945,"date":"2012-01-27T15:18:30","date_gmt":"2012-01-27T13:18:30","guid":{"rendered":"http:\/\/www.korhanyilmaz.com\/?p=47945"},"modified":"2012-01-27T17:15:52","modified_gmt":"2012-01-27T15:15:52","slug":"7-bin-imam-2-bin-muezzin-alinacak","status":"publish","type":"post","link":"http:\/\/www.korhanyilmaz.com\/?p=47945","title":{"rendered":"7 bin imam, 2 bin m\u00fcezzin al\u0131nacak"},"content":{"rendered":"<div id=\"attachment_47946\" style=\"width: 288px\" class=\"wp-caption aligncenter\"><a href=\"http:\/\/www.korhanyilmaz.com\/wp-content\/uploads\/2012\/01\/9516.jpg\"  class=\"lightview\"><img loading=\"lazy\" decoding=\"async\" aria-describedby=\"caption-attachment-47946\" class=\" wp-image-47946 \" src=\"http:\/\/www.korhanyilmaz.com\/wp-content\/uploads\/2012\/01\/9516.jpg\" alt=\"\" width=\"278\" height=\"208\" \/><\/a><p id=\"caption-attachment-47946\" class=\"wp-caption-text\">Ba\u015fbakan Yard\u0131mc\u0131s\u0131 Bekir Bozda\u011f<\/p><\/div>\n<p style=\"text-align: justify;\">Ba\u015fbakan Yard\u0131mc\u0131s\u0131 Bekir Bozda\u011f, camilerdeki imam ve m\u00fcezzin a\u00e7\u0131\u011f\u0131n\u0131n kapat\u0131lmas\u0131 i\u00e7in \u015eubat ay\u0131nda s\u00f6zle\u015fmeli olarak 7 bin imam ile 2 bin m\u00fcezzin al\u0131naca\u011f\u0131n\u0131 s\u00f6yledi.<\/p>\n<p style=\"text-align: justify;\">T\u00fcrkiye genelinde imam ve m\u00fcezzin a\u00e7\u0131\u011f\u0131 oldu\u011funu belirten Bozda\u011f \u015funlar\u0131 s\u00f6yledi:<\/p>\n<p style=\"text-align: justify;\">&#8220;T\u00fcrkiye&#8217;de camilerimizde bo\u015f bulunan imam ve m\u00fcezzin kadrolar\u0131 bulunuyor. \u015eubat ay\u0131 i\u00e7erisinde 7 bin s\u00f6zle\u015fmeli imam ve 2 bin m\u00fcezzin atamas\u0131 ile ilgili ilan yap\u0131lacak. Bunun d\u0131\u015f\u0131nda kadrolu imam ve m\u00fcezzin al\u0131mlar\u0131 da olacakt\u0131r.<!--more--><\/p>\n<p style=\"text-align: justify;\">Bununla ilgili \u00e7al\u0131\u015fmalar da devam ediyor. Ramazan ay\u0131 ba\u015flayana kadar camilerimizdeki eksikliklerin \u00f6nemli bir k\u0131sm\u0131n\u0131 tamamlamay\u0131 hedefliyoru.&#8221;<\/p>\n<p style=\"text-align: justify;\">Cuma namaz\u0131n\u0131 Salih Pa\u015fa Camisi&#8217;nde k\u0131lan Bozda\u011f, bir akaryak\u0131t istasyonunun a\u00e7\u0131l\u0131\u015f\u0131na kat\u0131ld\u0131, yemek sonras\u0131 il\u00e7eden ayr\u0131ld\u0131.<\/p>\n<p style=\"text-align: justify;\"><a href=\"http:\/\/www.cnnturk.com\/2012\/turkiye\/01\/27\/7.bin.imam.2.bin.muezzin.alinacak\/646701.0\/index.html\" target=\"_blank\">Kaynak : CNN T\u00dcRK\u00a0<\/a><\/p>\n","protected":false},"excerpt":{"rendered":"<p id=\"caption-attachment-47946\" class=\"wp-caption-text\">Ba\u015fbakan Yard\u0131mc\u0131s\u0131 Bekir Bozda\u011f<\/p>\n<p style=\"text-align: justify;\">Ba\u015fbakan Yard\u0131mc\u0131s\u0131 Bekir Bozda\u011f, camilerdeki imam ve m\u00fcezzin a\u00e7\u0131\u011f\u0131n\u0131n kapat\u0131lmas\u0131 i\u00e7in \u015eubat ay\u0131nda s\u00f6zle\u015fmeli olarak 7 bin imam ile 2 bin m\u00fcezzin al\u0131naca\u011f\u0131n\u0131 s\u00f6yledi.<\/p>\n<p style=\"text-align: justify;\">T\u00fcrkiye genelinde imam ve m\u00fcezzin a\u00e7\u0131\u011f\u0131 oldu\u011funu belirten Bozda\u011f \u015funlar\u0131 s\u00f6yledi:<\/p>\n<p style=\"text-align: justify;\">&#8220;T\u00fcrkiye&#8217;de camilerimizde bo\u015f bulunan imam ve m\u00fcezzin kadrolar\u0131 <\/p>\n","protected":false},"author":1,"featured_media":0,"comment_status":"open","ping_status":"open","sticky":false,"template":"","format":"standard","meta":{"footnotes":""},"categories":[105],"tags":[112],"class_list":["post-47945","post","type-post","status-publish","format-standard","hentry","category-gundem","tag-bekir-bozdag","odd"],"_links":{"self":[{"href":"http:\/\/www.korhanyilmaz.com\/index.php?rest_route=\/wp\/v2\/posts\/47945","targetHints":{"allow":["GET"]}}],"collection":[{"href":"http:\/\/www.korhanyilmaz.com\/index.php?rest_route=\/wp\/v2\/posts"}],"about":[{"href":"http:\/\/www.korhanyilmaz.com\/index.php?rest_route=\/wp\/v2\/types\/post"}],"author":[{"embeddable":true,"href":"http:\/\/www.korhanyilmaz.com\/index.php?rest_route=\/wp\/v2\/users\/1"}],"replies":[{"embeddable":true,"href":"http:\/\/www.korhanyilmaz.com\/index.php?rest_route=%2Fwp%2Fv2%2Fcomments&post=47945"}],"version-history":[{"count":0,"href":"http:\/\/www.korhanyilmaz.com\/index.php?rest_route=\/wp\/v2\/posts\/47945\/revisions"}],"wp:attachment":[{"href":"http:\/\/www.korhanyilmaz.com\/index.php?rest_route=%2Fwp%2Fv2%2Fmedia&parent=47945"}],"wp:term":[{"taxonomy":"category","embeddable":true,"href":"http:\/\/www.korhanyilmaz.com\/index.php?rest_route=%2Fwp%2Fv2%2Fcategories&post=47945"},{"taxonomy":"post_tag","embeddable":true,"href":"http:\/\/www.korhanyilmaz.com\/index.php?rest_route=%2Fwp%2Fv2%2Ftags&post=47945"}],"curies":[{"name":"wp","href":"https:\/\/api.w.org\/{rel}","templated":true}]}}