{"id":47910,"date":"2012-01-27T12:25:53","date_gmt":"2012-01-27T10:25:53","guid":{"rendered":"http:\/\/www.korhanyilmaz.com\/?p=47910"},"modified":"2012-01-27T13:23:39","modified_gmt":"2012-01-27T11:23:39","slug":"uludere-korkunc-trajik-bir-hata","status":"publish","type":"post","link":"http:\/\/www.korhanyilmaz.com\/?p=47910","title":{"rendered":"Uludere korkun\u00e7, trajik bir hata"},"content":{"rendered":"<p style=\"text-align: center;\"><a href=\"http:\/\/www.korhanyilmaz.com\/wp-content\/uploads\/2012\/01\/9510.jpg\"  class=\"lightview\"><img loading=\"lazy\" decoding=\"async\" class=\"aligncenter  wp-image-47911\" src=\"http:\/\/www.korhanyilmaz.com\/wp-content\/uploads\/2012\/01\/9510.jpg\" alt=\"\" width=\"276\" height=\"207\" \/><\/a><\/p>\n<p style=\"text-align: justify;\">ABD B\u00fcy\u00fckel\u00e7isi Francis Ricciardone, Uludere olay\u0131yla ilgili olarak PKK&#8217;ye kar\u015f\u0131 T\u00fcrkiye&#8217;ye istihbarat verildi\u011fini, ancak hedeflemeye kar\u0131\u015fmad\u0131klar\u0131n\u0131 s\u00f6yledi.<\/p>\n<p style=\"text-align: justify;\">G\u00f6reve ilk geldi\u011fi zaman bas\u0131n \u00f6zg\u00fcrl\u00fc\u011f\u00fc konusundaki s\u00f6zleriyle Ba\u015fbakan Tayyip Erdo\u011fan\u2019\u0131n \u201cacemi\u201d dedi\u011fi Ricciardone, \u201cH\u00e2l\u00e2 ayd\u0131nlar\u0131n ve gazetecilerin hapiste olmas\u0131n\u0131 anlam\u0131yorum\u201d diye konu\u015ftu.<!--more--><\/p>\n<p style=\"text-align: justify;\">Gazetelerin Ankara temsilcileri ile bir araya gelen Ricciardone \u015fu mesajlar\u0131 verdi:<\/p>\n<p style=\"text-align: justify;\"><strong>Gazeteci ve ayd\u0131nlar\u0131n hapsedilmesini h\u00e2l\u00e2 anlam\u0131yorum<\/strong>: (Bas\u0131n \u00f6zg\u00fcrl\u00fc\u011f\u00fcyle ilgili s\u00f6zleriniz h\u00fck\u00fcmetten tepki g\u00f6rm\u00fc\u015ft\u00fc, bir y\u0131l sonra durumu nas\u0131l de\u011ferlendiriyorsunuz sorusu \u00fczerine.) \u0130fade \u00f6zg\u00fcrl\u00fc\u011f\u00fc konusu h\u00e2l\u00e2 ilerleme bekleyen bir konu. Yanl\u0131\u015f anla\u015f\u0131lma riskini g\u00f6ze alarak ge\u00e7en sene \u2018anlamad\u0131m, anlayamad\u0131m\u2019 dedim. \u015eimdi bu s\u00f6zleri tekrarlamak zorunday\u0131m. T\u00fcrkiye birinci s\u0131n\u0131f demokrasi emeli olan, kendine AB standartlar\u0131n\u0131 \u015fablon alan bir \u00fclke. Ama itiraf etmeliyim ki demokrasisi bu kadar ileri gitmi\u015f ve insanlar\u0131 taraf\u0131ndan bu kadar benimsenmi\u015f, \u00f6zg\u00fcrl\u00fcklere de\u011fer veren bu \u00fclkede gazeteciler ve ayd\u0131nlar nas\u0131l olur da parmakl\u0131klar arkas\u0131nda tutulur. Ben anlam\u0131yorum.<\/p>\n<p style=\"text-align: justify;\"><strong>S\u0131n\u0131fta ve bas\u0131nda ayd\u0131nlar \u00f6zg\u00fcr olmal\u0131<\/strong>: Ter\u00f6re destek su\u00e7lamalar\u0131ndan hapiste olduklar\u0131n\u0131 biliyorum. Ama kendi h\u00fck\u00fcmet yetkililerinizin, tutuklaman\u0131n gereksiz oldu\u011fu durumlarda dahi insanlar\u0131n uzun s\u00fcre tutuklu kal\u0131yor olmas\u0131ndan ne kadar memnuniyetsiz olduklar\u0131n\u0131 duydum. Bu ki\u015filer \u015fiddete ba\u015fvurmu\u015f, bombalar atm\u0131\u015f olsa \u015fa\u015f\u0131rmazd\u0131m. Ama insanlar s\u00f6yledikleri s\u00f6zler iyi ya da pop\u00fcler olmad\u0131\u011f\u0131, ele\u015ftiri ya da \u00f6fke i\u00e7erdi\u011fi i\u00e7in hapiste tutulmamal\u0131d\u0131r. S\u0131n\u0131fta da olsa, bas\u0131nda da olsa ayd\u0131nlar fikirleri test etmek, \u00e7o\u011funlu\u011fun g\u00f6r\u00fc\u015f\u00fcn\u00fc ele\u015ftirmek konusunda \u00f6zg\u00fcr olmal\u0131d\u0131r. \u2018Tablo karanl\u0131k\u2019 demiyorum. Demokrasinin geli\u015fmesi ba\u011flam\u0131nda bence barda\u011f\u0131n yar\u0131dan fazlas\u0131 dolu. Ama siz gazeteciler daha fazla ifade \u00f6zg\u00fcrl\u00fc\u011f\u00fc istiyorsunuz ve biz bu arzunuzu destekliyoruz. .<\/p>\n<p style=\"text-align: justify;\"><strong>Zaman\u0131nda adalet<\/strong>: (Balyoz ve Ergenekon davalar\u0131na ili\u015fkin de\u011ferlendirmesi sorulunca.) Sadece bunlarda de\u011fil t\u00fcm davalarda \u015feffafl\u0131k g\u00f6rmek isteriz. T\u00fcrkiye\u2019de adaletin zaman\u0131nda gelmesini g\u00f6rmek isteriz.<\/p>\n<p style=\"text-align: justify;\">\u2022 <strong>Uludere olay\u0131 <\/strong>(Anamuhalefet liderinin Uludere olay\u0131nda ABD ve \u0130srail\u2019e dikkat \u00e7ekmesi, ABD\u2019nin bu olaydaki rol\u00fcn\u00fcn ne oldu\u011funun, sorulmas\u0131 \u00fczerine) Uludere\u2019deki olayda ABD hi\u00e7bir \u015fekilde T\u00fcrkiye\u2019nin hedef tespit etme kararlar\u0131n\u0131n bir par\u00e7as\u0131 olmam\u0131\u015ft\u0131r. Evet PKK\u2019ye kar\u015f\u0131 istihbarat deste\u011fi veriyoruz. Ancak hedef belirlenmesi tamamen T\u00fcrk taraf\u0131na ait bir karar. T\u00fcrkiye\u2019nin o konuda kendi kapasitesi var.<\/p>\n<p style=\"text-align: justify;\">\u2022 <strong>Korkun\u00e7 trajik hata<\/strong> (\u0130stihbarat payla\u015f\u0131m\u0131nda zaafiyet var m\u0131, sorusu \u00fczerine) Ya\u015fanan trajik olay i\u00e7in bir kez daha ba\u015fsa\u011fl\u0131\u011f\u0131 dilerim. \u00c7ok insan \u00f6ld\u00fc. Olmamal\u0131yd\u0131. Bu olayda da ba\u015fta T\u00fcrk yetkililerince yap\u0131lan a\u00e7\u0131klamalardan anlad\u0131\u011f\u0131m kadar\u0131yla korkun\u00e7 bir trajik hata s\u00f6zkonusu.<\/p>\n<p style=\"text-align: justify;\">\u2022 <strong>Afganistan\u2019da \u00f6z\u00fcr diledim<\/strong> \u0130stihbarat toplanmas\u0131nda zafiyet konusunda \u00f6zellikle \u00e7at\u0131\u015fma ortamlar\u0131nda kimsenin m\u00fckemmel bilgisi olamayabilir. ABD her zaman kendi askerlerine ve istihbarat kaynaklar\u0131na en iyi teknik istihbarat deste\u011fini sa\u011flamak i\u00e7in u\u011fra\u015f\u0131r. Ama bazen biz de eksik bilgiyle kal\u0131yoruz. Afganistan\u2019da g\u00f6rev yaparken b\u00f6yle bir durum nedeniyle \u00f6z\u00fcr dilemek zorunda kald\u0131m. Bu normal.<\/p>\n<p style=\"text-align: justify;\">\u2022 <strong>Askeri s\u0131rlar\u0131n korunmas\u0131 gerekir<\/strong> (T\u00fcrkiye\u2019nin elindeki 4 saatlik insans\u0131z hava arac\u0131 g\u00f6r\u00fcnt\u00fclerinin Amerikan Predatorlar\u0131na ait olup olmad\u0131\u011f\u0131, sorusu \u00fczerine) Operasyonel istihbarat konusunda h\u00e7bir zaman yorum yapmay\u0131z. L\u00fctfen s\u00f6ylediklerimi bu spesifik olayla ilgili almay\u0131n. Predatorlar arac\u0131l\u0131\u011f\u0131yla teknik istihbarat sa\u011flad\u0131\u011f\u0131m\u0131z bir s\u0131r de\u011fil. Kalkt\u0131klar\u0131n\u0131 g\u00f6rebilirsiniz ama neden, nas\u0131l, nereye, ne zaman gibi bilgileri veremem. Bunlar askeri s\u0131rlard\u0131r. Ve askerlerinizin iyili\u011fi i\u00e7in bu s\u0131rlar\u0131n korunmas\u0131 gerekir. Bir de PKK\u2019nin bu mekanizmalar\u0131 nas\u0131l bertaraf edece\u011fini \u00f6\u011frenmemesi i\u00e7in korunmal\u0131d\u0131r.<\/p>\n<p style=\"text-align: justify;\">\u2022 <strong>Kara operasyonlar\u0131 s\u0131n\u0131rl\u0131 olmal\u0131<\/strong> (PKK\u2019ye kar\u015f\u0131 karadaki i\u015fbirli\u011finin sorulmas\u0131 \u00fczerine) Sordu\u011funuz s\u0131n\u0131r \u00f6tesi kara operasyonlar\u0131ysa onlarla hi\u00e7bir ba\u011flant\u0131m\u0131z ya da kat\u0131l\u0131m\u0131m\u0131z yok. Ge\u00e7mi\u015ften beri bizim politikam\u0131z, T\u00fcrkiye\u2019nin bu t\u00fcr operasyonlar\u0131 s\u00fcre ve kapsam a\u00e7\u0131s\u0131ndan s\u0131n\u0131rl\u0131 tutmas\u0131 ve sivil \u00f6l\u00fcmlerinden ka\u00e7\u0131n\u0131lmas\u0131n\u0131 s\u00f6ylemek y\u00f6n\u00fcnde oldu. Bir s\u00fcredir de b\u00fcy\u00fck bir s\u0131n\u0131r \u00f6tesi operasyon yap\u0131ld\u0131\u011f\u0131ndan bilgim yok. Irak\u2019\u0131n toprak egemenli\u011fine sayg\u0131 g\u00f6sterilmesi \u00f6nemlidir. Irak h\u00fck\u00fcmeti ve b\u00f6lgesel y\u00f6netimin; Irak topraklar\u0131n\u0131n ter\u00f6ristlerce kullan\u0131lmas\u0131n\u0131n \u00f6nlenmesinde T\u00fcrkiye ile birlikte i\u015fbirli\u011fi yapaca\u011f\u0131n\u0131 umuyoruz.<\/p>\n<p style=\"text-align: justify;\">\u2022 <strong>Obama ile ili\u015fkiler yenileniyor<\/strong> Ba\u015fkan Obama d\u00f6neminde T\u00fcrkiye-ABD ili\u015fkileri yenilenme s\u00fcrecine girdi. Bu y\u00f6nde \u00e7ok yol ald\u0131k. Gelecek y\u0131l T\u00fcrkiye\u2019nin NATO \u00fcyeli\u011finin 60. y\u0131ld\u00f6n\u00fcm\u00fc. \u015eimdi eskisine g\u00f6re daha da tehlikeli olan d\u00fcnyam\u0131zda, T\u00fcrkiye ile ortak ulusal g\u00fcvenlik ba\u011f\u0131ml\u0131l\u0131\u011f\u0131m\u0131z\u0131 hi\u00e7bir zaman kaybetmedik. Ama halklar\u0131m\u0131z aras\u0131ndaki dostlu\u011fu da ilerlettik. Ekonomik i\u015fbirli\u011fimizin stratejik olan savunma ve diplomasi alan\u0131ndaki ili\u015fkilerle ayn\u0131 seviyeye y\u00fckseltilmesi gerekiyor. Bu y\u00f6nde ge\u00e7en y\u0131l \u00e7ok ba\u015far\u0131l\u0131 olduk. \u0130ki \u00fclke aras\u0131ndaki ticareti y\u00fczde 35 artt\u0131rd\u0131k.<\/p>\n<p style=\"text-align: justify;\">\u2022<strong> Maliki\u2019ye mezhep \u00e7a\u011fr\u0131s\u0131<\/strong> Askerlerimiz ayr\u0131ld\u0131 diye Irak hak\u0131na ve h\u00fck\u00fcmetine taahh\u00fctlerimiz sona ermiyor. Bi\u00e7imi de\u011fi\u015fiyor. Ulusal savunmalar\u0131n\u0131, demokrasilerini ve ekonomilerini geli\u015ftirirlerken onlar\u0131n yan\u0131nda olmaya devam edece\u011fiz. B\u00f6lgesel g\u00fcvenlik, ter\u00f6r faaliyetlerinin \u00f6nlenmesi, Irak topraklar\u0131n\u0131n T\u00fcrkiye\u2019ye kar\u015f\u0131 kullan\u0131lmas\u0131n\u0131n \u00f6nlenmesi gibi konular Irak ile diyalo\u011fumuzun par\u00e7as\u0131. Irak konusunda T\u00fcrkiye ile ayn\u0131 hedefleri payla\u015f\u0131yoruz. Irak tek, b\u00fct\u00fcn ve mezhep farkl\u0131l\u0131klar\u0131n\u0131 a\u015fm\u0131\u015f bir \u00fclke olarak kalmal\u0131.<\/p>\n<p style=\"text-align: justify;\">\u2022 <strong>Irak hava sahas\u0131n\u0131n kontrol\u00fc<\/strong> (Irak hava sahas\u0131\u2019n\u0131n operasyonlarda T\u00fcrk sava\u015f u\u00e7aklar\u0131nca kullan\u0131lmas\u0131 konusu soruldu\u011funda) Irak egemen bir \u00fclke ve kendi hava sahas\u0131n\u0131n kontrol\u00fc kendisine attir. Bu konudaki d\u00fczenlemelerin ayr\u0131nt\u0131lar\u0131 hakk\u0131nda konu\u015fmak istemem, ama ABD Irak\u2019\u0131n kendi topraklar\u0131 ve hava sahas\u0131 \u00fczerindeki egemenli\u011fine sayg\u0131l\u0131d\u0131r. T\u00fcrk ve Irak h\u00fck\u00fcmetleri de birbiriyle temas halindedir.<\/p>\n<p style=\"text-align: justify;\"><strong>T\u00fcrk ve Ermeni tarih\u00e7iler biraraya gelmeli\u00a0<\/strong><\/p>\n<p style=\"text-align: justify;\">Fransa ve T\u00fcrkiye, ABD\u2019nin eski ve de\u011ferli m\u00fcttefikleri. Biz dostlar\u0131m\u0131z\u0131n aralar\u0131nda iyi ili\u015fkiler olmas\u0131n\u0131 dileriz. Ermeni konusunda bizim g\u00f6r\u00fc\u015f\u00fcm\u00fcz, Ermeni ve T\u00fcrklerin 1915 olaylar\u0131n\u0131n ger\u00e7eklerini tam, samimi ve adil \u015fekilde kabullenmesidir. Bizim g\u00f6r\u00fc\u015f\u00fcm\u00fcz bunun d\u00fcr\u00fcst, a\u00e7\u0131k ve yap\u0131c\u0131 bir diyalog s\u00fcreci i\u00e7inde ger\u00e7ekle\u015fmesidir. Her iki taraf\u0131n tarih\u00e7ilerini bir araya getirmek laz\u0131m. T\u00fcrkiye\u2019de bas\u0131n sayesinde \u00e7ok daha fazla tart\u0131\u015f\u0131labiliyor bu konu. Art\u0131k kapal\u0131 bir kutu de\u011fil. T\u00fcrkler ge\u00e7mi\u015flerine ve bunun ac\u0131l\u0131 bir b\u00f6l\u00fcm\u00fcne bakma ve ne anlama geldi\u011fine karar verme konusunda \u00e7ok daha fazla g\u00fcven sahibi. T\u00fcrklerle Ermeniler aras\u0131nda tarihin bu korkun\u00e7 b\u00f6l\u00fcm\u00fcyle u\u011fra\u015fma y\u00f6n\u00fcnde daha fazla ili\u015fki var ve biz bunu destekliyoruz.<\/p>\n<p style=\"text-align: justify;\"><strong>Hayaletlerle y\u00fczle\u015fme zaman\u0131\u00a0<\/strong><\/p>\n<p style=\"text-align: justify;\">24 Nisan\u2019da ABD\u2019de bir giri\u015fim olur mu sorusu \u00fczerine) Biz Amerikal\u0131lar ge\u00e7mi\u015fe bakma konusunda iyi de\u011filiz. Daha \u00e7ok gelecek ile ilgileniyoruz. T\u00fcrkiye giderek daha fazla gelece\u011fe bakan bir \u00fclke. 2023\u2019te d\u00fcnyan\u0131n en geli\u015fmi\u015f 10 \u00fclkesinden biri olmak istiyor. Biz de bunu destekliyoruz. O hedefe ula\u015fmak i\u00e7in ge\u00e7mi\u015fin hayaletleriyle y\u00fczle\u015fmenin sa\u011fl\u0131kl\u0131 oldu\u011funu d\u00fc\u015f\u00fcn\u00fcyoruz. Tarih\u00e7iler bu konuyla d\u00fcr\u00fcst ve a\u00e7\u0131k bi\u00e7imde ilgilenmeli ki o d\u00f6nem ne oldu\u011funun tam ve samimi kabul\u00fc yap\u0131labilsin.<\/p>\n<p style=\"text-align: justify;\"><strong>\u2018Muhte\u015fem S\u00fcleyman\u2019 dizisi\u00a0<\/strong><\/p>\n<p style=\"text-align: justify;\">Tarih\u00e7ilerin tart\u0131\u015fmas\u0131 bir kenara, Cumhuriyet \u00f6ncesi ge\u00e7mi\u015fe d\u00f6n\u00fck T\u00fcrk halk\u0131nda b\u00fcy\u00fck bir ilgi g\u00f6r\u00fcyoruz. Bu e\u011flence sekt\u00f6r\u00fcnden de belli. Muhte\u015fem S\u00fcleyman\u2019\u0131 izlerken ayn\u0131 zamanda iyiyi, k\u00f6t\u00fcy\u00fc ve \u00e7irkini izliyorsunuz.<\/p>\n<p style=\"text-align: justify;\"><strong>Ac\u0131lar art\u0131k kabul edilmeli\u00a0<\/strong><\/p>\n<p style=\"text-align: justify;\">Her \u00fclkenin ge\u00e7mi\u015finde ger\u00e7ek ac\u0131 d\u00f6nemleri vard\u0131r. T\u00fcrkiye\u2019nin ac\u0131 d\u00f6nemi imparatorluktan ge\u00e7i\u015f ve sava\u015flar d\u00f6nemiydi. Ge\u00e7mi\u015fte ya\u015famay\u0131 s\u00fcrd\u00fcr\u00fcp, \u00f6fkeyi korumak yerine tarihte ya\u015fananlardan \u00f6\u011frenmeliyiz. Ge\u00e7mi\u015fteki ac\u0131lar ve \u00e7ekilenleri kabul ederek dersler \u00e7\u0131kararak daha iyi bir gelece\u011fe hareket etmeliyiz. (T\u00fcrkiye\u2019nin \u00f6z\u00fcr dilemesinden mi bahsediyorsunuz, sorusu \u00fczerine) T\u00fcrkiye devleti ve T\u00fcrk halk\u0131 ile Ermenistan devleti ve Ermeni halk\u0131 nas\u0131l konu\u015facaklar\u0131na, ili\u015fkilerini normalle\u015fmeye ve dostlu\u011fa nas\u0131l g\u00f6t\u00fcreceklerine kendileri karar vermeli. \u2018\u00d6z\u00fcr\u2019 gibi s\u00f6zler \u00e7ok g\u00fc\u00e7l\u00fc s\u00f6zler. Dikkatle ve her \u00fclkenin karar verece\u011fi zamanlama ile kullan\u0131lmal\u0131.<\/p>\n<p style=\"text-align: justify;\"><a href=\"http:\/\/www.cumhuriyet.com.tr\/?hn=311116\" target=\"_blank\">Kaynak :\u00a0Utku \u00c7ak\u0131r\u00f6zer &#8211; Cumhuriyet Haber Portal\u0131<\/a><\/p>\n","protected":false},"excerpt":{"rendered":"<p style=\"text-align: center;\">\n<p style=\"text-align: justify;\">ABD B\u00fcy\u00fckel\u00e7isi Francis Ricciardone, Uludere olay\u0131yla ilgili olarak PKK&#8217;ye kar\u015f\u0131 T\u00fcrkiye&#8217;ye istihbarat verildi\u011fini, ancak hedeflemeye kar\u0131\u015fmad\u0131klar\u0131n\u0131 s\u00f6yledi.<\/p>\n<p style=\"text-align: justify;\">G\u00f6reve ilk geldi\u011fi zaman bas\u0131n \u00f6zg\u00fcrl\u00fc\u011f\u00fc konusundaki s\u00f6zleriyle Ba\u015fbakan Tayyip Erdo\u011fan\u2019\u0131n \u201cacemi\u201d dedi\u011fi Ricciardone, \u201cH\u00e2l\u00e2 ayd\u0131nlar\u0131n ve gazetecilerin hapiste olmas\u0131n\u0131 anlam\u0131yorum\u201d diye konu\u015ftu.<\/p>\n","protected":false},"author":1,"featured_media":0,"comment_status":"open","ping_status":"open","sticky":false,"template":"","format":"standard","meta":{"footnotes":""},"categories":[105],"tags":[],"class_list":["post-47910","post","type-post","status-publish","format-standard","hentry","category-gundem","odd"],"_links":{"self":[{"href":"http:\/\/www.korhanyilmaz.com\/index.php?rest_route=\/wp\/v2\/posts\/47910","targetHints":{"allow":["GET"]}}],"collection":[{"href":"http:\/\/www.korhanyilmaz.com\/index.php?rest_route=\/wp\/v2\/posts"}],"about":[{"href":"http:\/\/www.korhanyilmaz.com\/index.php?rest_route=\/wp\/v2\/types\/post"}],"author":[{"embeddable":true,"href":"http:\/\/www.korhanyilmaz.com\/index.php?rest_route=\/wp\/v2\/users\/1"}],"replies":[{"embeddable":true,"href":"http:\/\/www.korhanyilmaz.com\/index.php?rest_route=%2Fwp%2Fv2%2Fcomments&post=47910"}],"version-history":[{"count":0,"href":"http:\/\/www.korhanyilmaz.com\/index.php?rest_route=\/wp\/v2\/posts\/47910\/revisions"}],"wp:attachment":[{"href":"http:\/\/www.korhanyilmaz.com\/index.php?rest_route=%2Fwp%2Fv2%2Fmedia&parent=47910"}],"wp:term":[{"taxonomy":"category","embeddable":true,"href":"http:\/\/www.korhanyilmaz.com\/index.php?rest_route=%2Fwp%2Fv2%2Fcategories&post=47910"},{"taxonomy":"post_tag","embeddable":true,"href":"http:\/\/www.korhanyilmaz.com\/index.php?rest_route=%2Fwp%2Fv2%2Ftags&post=47910"}],"curies":[{"name":"wp","href":"https:\/\/api.w.org\/{rel}","templated":true}]}}