{"id":4791,"date":"2009-03-11T09:00:22","date_gmt":"2009-03-11T07:00:22","guid":{"rendered":"http:\/\/www.korhanyilmaz.com\/?p=4791"},"modified":"2009-03-11T09:00:22","modified_gmt":"2009-03-11T07:00:22","slug":"28-subatin-cumhurbaskani-28-subati-anlatiyor-3","status":"publish","type":"post","link":"http:\/\/www.korhanyilmaz.com\/?p=4791","title":{"rendered":"Erbakan 28 \u015eubat kararlar\u0131n\u0131 imzalad\u0131 ve \u2018Uyguluyoruz\u2019 dedi"},"content":{"rendered":"<p style=\"text-align: center;\"><img loading=\"lazy\" decoding=\"async\" class=\"aligncenter size-full wp-image-4953\" title=\"Erbakan 28 \u015eubat kararlar\u0131n\u0131 imzalad\u0131 ve \u2018Uyguluyoruz\u2019 dedi\" src=\"http:\/\/www.korhanyilmaz.com\/wp-content\/uploads\/2009\/03\/120320090340357195844_31.jpg\" alt=\"120320090340357195844_31\" width=\"305\" height=\"92\" \/><\/p>\n<p style=\"text-align: center;\">\n<p><span style=\"color: #888888;\">28 \u015eUBAT&#8217;IN CUMHURBA\u015eKANI 28 \u015eUBAT&#8217;I ANLATIYOR : <a href=\"http:\/\/www.korhanyilmaz.com\/?p=4753\" target=\"_self\">1<\/a> &#8211; <a href=\"http:\/\/www.korhanyilmaz.com\/?p=4729\" target=\"_self\">2<\/a> &#8211;<a href=\"http:\/\/www.korhanyilmaz.com\/?p=4791\"> 3<\/a> &#8211;<a href=\"http:\/\/www.korhanyilmaz.com\/?p=4946\" target=\"_self\"> 4 <\/a>&#8211; <a href=\"http:\/\/www.korhanyilmaz.com\/?p=5291\">5 <\/a>&#8211; <a href=\"http:\/\/www.korhanyilmaz.com\/?p=5297\">6<\/a><\/span><\/p>\n<p style=\"text-align: justify;\"><strong>Erbakan 28 \u015eubat kararlar\u0131n\u0131 imzalad\u0131 ve \u2018Uyguluyoruz\u2019 dedi<\/strong><\/p>\n<p style=\"text-align: justify;\">Demirel, Erbakan\u2019\u0131n kararlar\u0131 imzalad\u0131\u011f\u0131n\u0131 kan\u0131tlayan bir belgeyi g\u00f6sterdi. Erbakan, 28 \u015eubat kararlar\u0131ndan 14 g\u00fcn sonra hem Cumhurba\u015fkanl\u0131\u011f\u0131\u2019na hem de MGK\u2019ya g\u00f6nderdi\u011fi yaz\u0131da, \u201cKkonuyla ilgili k\u0131sa, orta ve uzun vadeli tedbirler varsa, bunlar hakk\u0131nda da Bakanlar Kurulu\u2019nca gere\u011finin yerine getirilebilmesi i\u00e7in Ba\u015fbakanl\u0131\u011fa bilgi verilmesini rica ederim\u201d ifadesi yer al\u0131yor<\/p>\n<p style=\"text-align: justify;\">Siyasi tablonun de\u011fi\u015fmesini konu\u015furken \u201cBu i\u015fin arkas\u0131 var\u201d demi\u015ftiniz. Nedir arkas\u0131?<\/p>\n<p style=\"text-align: justify;\">\u015eimdi 28 \u015eubat nedir? T\u00fcrkiye Cumhuriyeti Anayasas\u0131\u2019n\u0131n 118. maddesine g\u00f6re bir MGK var. Bu anayasal m\u0131? Peki bu kurulun neyi konu\u015fup neyi konu\u015fmayaca\u011f\u0131n\u0131 kim tayin ediyor? Anayasa. Bu Anayasa y\u00fczde 92 oy alm\u0131\u015f m\u0131? Bu oyu bug\u00fcn postmodern darbe diye \u00e7\u0131rp\u0131nanlar\u0131n \u00e7o\u011fu da vermi\u015f mi? Vermi\u015f. Peki, \u015f\u00f6yle diyor burada:<!--more--><\/p>\n<p style=\"text-align: justify;\">\u201cMilli G\u00fcvenlik Kurulu, devletin milli g\u00fcvenlik siyasetini tayini, tespiti, uygulamas\u0131 ile ilgili al\u0131nan tavsiye kararlar\u0131 ve gerekli koordinasyonun sa\u011flanmas\u0131 hususundaki g\u00f6r\u00fc\u015flerini Bakanlar Kurulu\u2019na bildirir. Devletin milli g\u00fcvenlik siyaseti ile ilgili, kurulun devletin varl\u0131\u011f\u0131 ve ba\u011f\u0131ms\u0131zl\u0131\u011f\u0131, \u00fclkenin b\u00fct\u00fcnl\u00fc\u011f\u00fc ve b\u00f6l\u00fcnmezli\u011fi, toplumun huzuru ve g\u00fcvenli\u011finin korunmas\u0131 hususunda al\u0131nmas\u0131 zorunlu g\u00f6rd\u00fc\u011f\u00fc tedbirlere ait kararlar Bakanlar Kurulu\u2019nca de\u011ferlendirilir.\u201d<\/p>\n<p style=\"text-align: justify;\">Ve kurulun bir icrai fonksiyonu yok. Bakanlar Kurulu\u2019na tavsiyede bulunur, diyor. \u00dclkenin huzur s\u00fckun, b\u00fct\u00fcnl\u00fck, b\u00f6l\u00fcnmezlik g\u00fcvenli\u011fi ile ilgili. 28 \u015eubat g\u00fcn\u00fc MGK toplanm\u0131\u015f, karar\u0131 alm\u0131\u015f.<\/p>\n<p style=\"text-align: justify;\">Bu iktidar de\u011fi\u015ftirseydi<\/p>\n<p style=\"text-align: justify;\">Ama kararlar\u0131n i\u00e7eri\u011fi h\u00e2l\u00e2 tart\u0131\u015f\u0131l\u0131yor&#8230;<\/p>\n<p style=\"text-align: justify;\">Madem ki bu darbeydi, postmodern bir darbeydi, bug\u00fcnk\u00fc iktidar bunu darbe say\u0131yorsa, 6 senedir bu iktidar de\u011fi\u015ftirseydi kararlar\u0131. Yani siyasi iktidar buna kat\u0131l\u0131yorsa, bunun darbe oldu\u011funa kat\u0131l\u0131yorsa de\u011fi\u015ftirselerdi. Ne diyor burada? \u0130\u015fte, diyor Anayasam\u0131zda, cumhuriyetin temel nitelikleri aras\u0131nda yer alan ve yine Anayasa\u2019n\u0131n 4. maddesiyle teminat alt\u0131na al\u0131nan laiklik ilkesi b\u00fcy\u00fck bir titizlik ve hassasiyetle korunmal\u0131, diyor. Hay\u0131r diyen var m\u0131 buna? Bunun nesine itiraz ediyorsunuz? \u201cBunun korunmas\u0131 i\u00e7in mevcut yasalar hi\u00e7bir ayr\u0131m g\u00f6zetmeksizin uygulanmal\u0131, uygulama yetersiz g\u00f6r\u00fcn\u00fcyorsa yeni d\u00fczenlemeler yap\u0131lmal\u0131d\u0131r\u201d deniyor. Birinci madde budur. Niye itiraz ediyorsunuz, onu anlamad\u0131k. Ama \u201cEfendim buna l\u00fczum var m\u0131?\u201d L\u00fczum var. Ortam teess\u00fcs etmi\u015f.. \u201cTarikatlara ba\u011fl\u0131 \u00f6zel yurt okul ve vak\u0131flar devletin yetkili organlar\u0131nca denetim alt\u0131na al\u0131narak Tevhid-i Tedrisat Kanunu gere\u011fi Milli E\u011fitim Bakanl\u0131\u011f\u0131\u2019na devri sa\u011flanmal\u0131d\u0131r.\u201d Bu mu k\u00f6t\u00fc bir \u015fey oluyor?<\/p>\n<p style=\"text-align: justify;\">Peki Enc\u00fcmen-i Dani\u015f denilen yap\u0131dan size gelen raporlarla bu MGK kararlar\u0131n\u0131n olu\u015ftu\u011fu, onlar\u0131n \u00f6nerdi\u011fi&#8230;<\/p>\n<p style=\"text-align: justify;\">Hi\u00e7&#8230; Ne alakas\u0131 var Enc\u00fcmen-i Dani\u015f\u2019le filan&#8230; Bu kendi ba\u015f\u0131na bir enc\u00fcmen zaten.<\/p>\n<p style=\"text-align: justify;\">Size 1994 y\u0131l\u0131nda \u00f6yle bir rapor geldi\u011fi bas\u0131na yans\u0131d\u0131&#8230;<\/p>\n<p style=\"text-align: justify;\">Bize bir\u00e7ok ka\u011f\u0131t her zaman gelir. Bizim bir yerden gelen ka\u011f\u0131d\u0131 al\u0131p G\u00fcvenlik Kurulu\u2019na g\u00f6t\u00fcr\u00fcp, Milli G\u00fcvenlik Kurulu karar\u0131 yapmam\u0131za gerek yok. Bu bir organ. Devletin en \u00f6nemli organ\u0131. Ve bu organ bunlar\u0131 yaz\u0131p getiriyor ve bunlar tart\u0131\u015f\u0131l\u0131yor. E\u011fer bu do\u011fruysa, kimin s\u00f6yledi\u011finin, kimin yapt\u0131\u011f\u0131n\u0131n, kimin icra etti\u011finin ne \u00f6nemi var? \u015eunlar do\u011fru mu e\u011fri mi? \u201c8 y\u0131ll\u0131k kesintisiz e\u011fitim uygulamaya konulmal\u0131d\u0131r.\u201d Nesine itiraz ediyorsunuz bunun? \u201cTemel e\u011fitimi alm\u0131\u015f \u00e7ocuklar ailelerin iste\u011fine ba\u011fl\u0131 olarak devam edece\u011fi Kuran kurslar\u0131n\u0131n Milli E\u011fitim Bakanl\u0131\u011f\u0131\u2019n\u0131n sorumlulu\u011fu ve kontrol\u00fcnde faaliyet g\u00f6stermesi i\u00e7in gerekli idari ve yasal d\u00fczenlemeler yap\u0131lmal\u0131d\u0131r.\u201d Devletin kontrol\u00fcnde yap\u0131n bunu&#8230; Devam ediyor&#8230; Hepsi 18 madde. Silahlar var, kurban derileri var falan, 18. madde diyor ki: \u201cB\u00fcy\u00fck kurtar\u0131c\u0131 Atat\u00fcrk\u2019e kar\u015f\u0131 yap\u0131lan sayg\u0131s\u0131zl\u0131klar ve Atat\u00fcrk aleyhine i\u015flenen su\u00e7lar hakk\u0131ndaki 5816 say\u0131l\u0131 kanunun istismar edilmesine f\u0131rsat verilmemeli.\u201d<\/p>\n<p style=\"text-align: justify;\">Buna m\u0131 itiraz ediyorsunuz? Kim 28 \u015eubat kararlar\u0131n\u0131n nesine itiraz ediyor? Kald\u0131 ki, itiraz eden varsa bug\u00fcn de de\u011fi\u015fmeye haz\u0131r bu&#8230; Kald\u0131 ki, bu kararlar yar\u0131s\u0131 sivil, yar\u0131s\u0131 asker, Milli G\u00fcvenlik Kurulu\u2019nda oylamaya da konularak geliyor ittifakla. Benim ba\u015f\u0131nda bulundu\u011fum Milli G\u00fcvenlik Kurulu toplant\u0131lar\u0131nda her\u015fey ittifakla yap\u0131lm\u0131\u015ft\u0131r. \u0130ttifakla al\u0131nm\u0131\u015f bu kararlar da ve h\u00fck\u00fcmet de bunu alm\u0131\u015f ilgililere yollam\u0131\u015ft\u0131r \u201cuygulay\u0131n bunlar\u0131\u201d diye&#8230; Zaten demediyse, h\u00fck\u00fcmet olmaktan \u00e7\u0131km\u0131\u015ft\u0131r. Hem buraya imza at hem bir \u015fey yapma.. Bunun nesi tart\u0131\u015f\u0131l\u0131yor anlam\u0131yorum ben T\u00fcrkiye\u2019de. Bak\u0131n \u015fimdi bu b\u00f6yle. Bunun evveliyat\u0131 da var.<\/p>\n<p style=\"text-align: justify;\">\u015eimdi hadise, evet 28 \u015eubat g\u00fcn\u00fc Anayasa\u2019n\u0131n 118. maddesine g\u00f6re ayda bir defa toplanan Milli G\u00fcvenlik Kurulu T\u00fcrkiye\u2019nin milli g\u00fcvenli\u011finden, b\u00fct\u00fcnl\u00fc\u011f\u00fcnden sorumlu kararlar\u0131 \u00e7\u0131kar\u0131p Bakanlar Kurulu\u2019na tavsiye eden kurul, toplanm\u0131\u015f ve bu kararlar\u0131 ittifakla alm\u0131\u015ft\u0131r. Sonra ne olmu\u015ftur? Sonra bir\u015fey olmam\u0131\u015ft\u0131r. Meclis yerinde duruyor, h\u00fck\u00fcmet yerinde duruyor&#8230;<\/p>\n<p style=\"text-align: justify;\">Neden imza a\u00e7\u0131lmam\u0131\u015f?<\/p>\n<p style=\"text-align: justify;\">Bu kararlar\u0131 siz mi getirdiniz? Ya da kurul \u00fcyelerinden ba\u015fkalar\u0131 m\u0131 getirdi?<\/p>\n<p style=\"text-align: justify;\">Milli G\u00fcvenlik Kurulu Genel Sekreterli\u011fi getirdi. Milli G\u00fcvenlik Kurulu Genel Sekreteri bunu isti\u015fare eder ilgililerle. Ba\u015fbakan\u2019la isti\u015fare eder, Genelkurmay\u2019la isti\u015fare eder, oradaki taraflar\u0131n hepsiyle isti\u015fare eder. Bir g\u00fcnl\u00fck i\u015f de\u011fil zaten.<\/p>\n<p style=\"text-align: justify;\">Bu kararlar\u0131n isti\u015fareleri de \u00f6nceden yap\u0131ld\u0131 m\u0131?<\/p>\n<p style=\"text-align: justify;\">Yap\u0131lm\u0131\u015f edilmi\u015f, bu toplant\u0131ya getiriyor bunlar\u0131. Niye bu toplant\u0131ya getiriyor bunlar\u0131, onu da s\u00f6yleyeyim. Bu kararlar\u0131n ne l\u00fczumu var diyeceksiniz. \u015eimdi esas mesele, T\u00fcrk Silahl\u0131 Kuvvetleri\u2019nin T\u00fcrkiye Cumhuriyeti devletinin g\u00fcvenli\u011findeki yeridir. Buna daha sonra gelelim.<\/p>\n<p style=\"text-align: justify;\">Erbakan\u2019\u0131n kararlar\u0131 imzalay\u0131p imzalamad\u0131\u011f\u0131 tart\u0131\u015fma konusu oldu&#8230;<\/p>\n<p style=\"text-align: justify;\">Burada herkesin imzas\u0131 var (28 \u015eubat\u2019ta al\u0131nan MGK karar\u0131n\u0131n belgesini g\u00f6steriyor). Karar\u0131n bir \u00f6n yaz\u0131s\u0131 var. Bir de arkas\u0131nda kararlar var, 1-2-3-4-5&#8230; diye. \u015eimdi diyor ki, \u201cefendim imzalamad\u0131k kararlar\u0131\u201d diyor, \u201cama\u201d diyor \u201c\u00f6n yaz\u0131y\u0131 imzalad\u0131k\u201d diyor. Olur mu? Hepsi burada&#8230;<\/p>\n<p style=\"text-align: justify;\">Peki niye kararlar\u0131n alt\u0131na imza a\u00e7\u0131lmam\u0131\u015f?<\/p>\n<p style=\"text-align: justify;\">\n<p style=\"text-align: justify;\">O zaten ka\u011f\u0131t i\u015fi. Bu bunu kavr\u0131yor zaten. Bunun i\u00e7inde hepsi var.<\/p>\n<p style=\"text-align: justify;\">Belge tart\u0131\u015fmay\u0131 tamamlar<\/p>\n<p style=\"text-align: justify;\">\u201c\u0130mzalamad\u0131\u011f\u0131 ve o nedenle istifa etmek zorunda kald\u0131\u011f\u0131\u201d iddias\u0131, kararlar\u0131n sayfas\u0131nda imza olmamas\u0131ndan kaynaklan\u0131yor&#8230;<\/p>\n<p style=\"text-align: justify;\">Diyorum ki Erbakan bunu imzalam\u0131\u015f, i\u015fte imzas\u0131. 14 Mart tarihli bir ka\u011f\u0131t bu. Ba\u015fbakan, Cumhurba\u015fkan\u0131 Genel Sekreteri\u2019ne mektup yaz\u0131yor, diyor ki, \u201cMGK\u2019da al\u0131nan kararlar\u0131 Bakanlar Kurulu\u2019nda g\u00f6r\u00fc\u015ft\u00fck uygulamaya koyduk.\u201d Zaten Anayasa da ona haiz. Erbakan bunu kabul etti-etmedi tart\u0131\u015fmas\u0131n\u0131 nas\u0131l yap\u0131yor insanlar bunu anlamak m\u00fcmk\u00fcn de\u011fil. Bu belge tart\u0131\u015fmay\u0131 tamamlar.<\/p>\n<p style=\"text-align: justify;\">Siz bu toplant\u0131dan \u00f6nce Erbakan\u2019a kabul etmesi i\u00e7in telkinde bulunmu\u015f muydunuz?<\/p>\n<p style=\"text-align: justify;\">Hay\u0131r, hay\u0131r&#8230; Buraya geldi kararlar, konu\u015fuldu, itiraz\u0131 olan s\u00f6yledi, baz\u0131 d\u00fczeltmeler yap\u0131ld\u0131, mutab\u0131k\u0131z denildi, sonra imzaya a\u00e7\u0131ld\u0131.<\/p>\n<p style=\"text-align: justify;\">9 saat tart\u0131\u015f\u0131ld\u0131&#8230;<\/p>\n<p style=\"text-align: justify;\">Tabii kolay de\u011fil, 18 madde var burada. Burada devlet b\u00f6yle i\u015fler. Devletin i\u015fleyi\u015finde b\u00f6yle bir i\u015f yok. \u015eunu da s\u00f6yleyeyim. Oraya gelmi\u015f h\u00fck\u00fcmet, bunlara mutab\u0131k de\u011filse o anda istifa eder gider. O dahi darbe de\u011fildir. Devletin i\u015fleri nas\u0131l g\u00f6r\u00fclecek can\u0131m&#8230;<\/p>\n<p style=\"text-align: justify;\">Hi\u00e7 o noktaya, istifa noktas\u0131na geldi mi Ba\u015fbakan veya yard\u0131mc\u0131s\u0131?..<\/p>\n<p style=\"text-align: justify;\">Hay\u0131r, gelmedi&#8230;<\/p>\n<p style=\"text-align: justify;\">Tansu Han\u0131m\u2019\u0131 galiba bir odaya \u00e7a\u011f\u0131rm\u0131\u015fs\u0131n\u0131z.<\/p>\n<p style=\"text-align: justify;\">Yok efendim, hi\u00e7 alakas\u0131 yok. Ben yerimden kalkmad\u0131m zaruri ihtiya\u00e7lar\u0131n d\u0131\u015f\u0131nda. Bunlar \u00e7ocuk oyunca\u011f\u0131 de\u011fil. \u00d6yle \u015faka de\u011fil.<\/p>\n<p style=\"text-align: justify;\">9 saatlik toplant\u0131dan akl\u0131n\u0131zda kalan en gergin an neydi?<\/p>\n<p style=\"text-align: justify;\">\u00c7ok gergin anlar oldu. Ama MGK toplant\u0131lar\u0131 \u00e7ok seviyelidir. T\u00fcrkiye Cumhuriyeti\u2019nin en y\u00fcksek siyasi, m\u00fclki ve askeri memurlar\u0131ndan m\u00fcte\u015fekkildir. T\u00fcrkiye\u2019de 40 tane \u00f6nemli adam bul derseniz, oraya girerseniz kafidir. Bazen sa\u011fl\u0131 sollu tart\u0131\u015fmalar oldu ama herkes dikkatliydi. \u00c7ok seviyeli konu\u015fmalar olmu\u015ftur.<\/p>\n<p style=\"text-align: justify;\">Erbakan m\u0131 \u00c7iller mi itiraz eden?<\/p>\n<p style=\"text-align: justify;\">Hay\u0131r hay\u0131r, \u00c7iller\u2019in \u00e7ok fazla itiraz\u0131 olmaz. Zaten itiraz edecek \u00e7ok fazla bir \u015fey yok ki&#8230;<\/p>\n<p style=\"text-align: justify;\">\u0130\u015fte Erbakan\u2019\u0131n K\u00f6\u015fk\u2019e ve MGK\u2019ya g\u00f6nderdi\u011fi yaz\u0131<\/p>\n<p style=\"text-align: justify;\">Erbakan, 13 Mart\u2019ta yap\u0131lan Bakanlar Kurulu toplant\u0131s\u0131n\u0131n ertesi g\u00fcn\u00fc D\u0131\u015fi\u015fleri Bakan\u0131 ve Ba\u015fbakan Yard\u0131mc\u0131s\u0131 Tansu \u00c7iller ile b\u00fct\u00fcn bakanl\u0131klara resmi bir yaz\u0131 g\u00f6ndererek 28 \u015eubat kararlar\u0131n\u0131 iletiyor ve bakanl\u0131klardan gerekli g\u00f6rd\u00fckleri tedbirleri Ba\u015fbakanl\u0131\u011fa bildirmesini istiyor. Erbakan ayn\u0131 yaz\u0131y\u0131 bilgi i\u00e7in Cumhurba\u015fkanl\u0131\u011f\u0131 ve MGK Genel Sekreterliklerine de g\u00f6nderiyor. 14 Mart 1997 tarihli resmi yaz\u0131ya ek olarak 28 \u015eubat\u2019ta yap\u0131lan MGK toplant\u0131s\u0131ndan sonra a\u00e7\u0131klanan bas\u0131n bildirisi ile 28 \u015eubat\u2019ta al\u0131nan MGK kararlar\u0131 da g\u00f6nderiliyor.<\/p>\n<p style=\"text-align: justify;\">Erbakan\u2019\u0131n yaz\u0131s\u0131 \u015f\u00f6yle: \u201c28.2.1997 tarihli Milli G\u00fcvenlik Kurulu kararlar\u0131n\u0131n 13 Mart 1997 g\u00fcn\u00fc Bakanlar Kurulu\u2019nda \u00f6ncelikle m\u00fczakere edildi\u011fi malumlar\u0131n\u0131zd\u0131r. Bu m\u00fczakerede al\u0131nan \u201d\u0130rtica ile etkin bir \u015fekilde m\u00fccadele edilmesi \u201ckarar\u0131 mucibinde Milli G\u00fcvenlik Kurulu\u2019nun Bakanlar Kurulumuza bildirdi\u011fi hususlar\u0131n bir kopyas\u0131 ili\u015fikte bilgilerinize sunulmu\u015ftur. Bu konular\u0131n \u00f6nemle dikkate al\u0131narak, Anayasam\u0131z\u0131n T.C. Devletinin Demokratik, Laik, Sosyal bir hukuk devleti olmas\u0131 temel ilkeleri \u00e7er\u00e7evesinde, Bakanl\u0131\u011f\u0131n\u0131z\u0131 ilgilendiren konularda, konuyla ilgili k\u0131sa, orta ve uzun vadeli tedbirler varsa, bunlar hakk\u0131nda da Bakanlar Kurulunca gere\u011finin yerine getirilebilmesi i\u00e7in Ba\u015fbakanl\u0131\u011fa bilgi verilmesini rica ederim.\u201d<\/p>\n<p style=\"text-align: justify;\">D\u00f6rd\u00fcnc\u00fc darbeyi T\u00fcrkiye Cumhuriyeti Anayasas\u0131 \u00f6nledi<\/p>\n<p style=\"text-align: justify;\">28 \u015eubat kararlar\u0131n\u0131n al\u0131nd\u0131\u011f\u0131 toplant\u0131da de\u011fil, daha sonras\u0131nda ve \u00f6ncesinde de komutanlar anla\u015f\u0131yor, teker teker \u00e7\u0131k\u0131p konu\u015fmalar yap\u0131yor. Kara Kuvvetleri Komutan\u0131 bir toplant\u0131da konu\u015fuyorsa, di\u011fer toplant\u0131da Deniz Kuvvetleri Komutan\u0131 konu\u015fuyor. Siz bunlardan dolay\u0131 daha k\u00f6t\u00fcye gider endi\u015fesine hi\u00e7 kap\u0131lmad\u0131n\u0131z m\u0131?<\/p>\n<p style=\"text-align: justify;\">Hay\u0131r, kap\u0131lmad\u0131m. Ben hi\u00e7 pani\u011fe falan kap\u0131lmad\u0131m. Ben \u00fcst\u00fcme d\u00fc\u015feni yapaca\u011f\u0131m, ben b\u00fct\u00fcn bunlar\u0131 yapt\u0131ktan sonra asker yine m\u00fcdahale etmi\u015f olabilirdi. O zaman da ben bunlar\u0131 s\u00f6ylerdim ama, T\u00fcrkiye d\u00f6rd\u00fcnc\u00fc defa darbeye gitmi\u015f olarak s\u00f6ylerdim. T\u00fcrkiye d\u00f6rd\u00fcnc\u00fc darbeye gitmedi. Birinciye, ikinciye, \u00fc\u00e7\u00fcnc\u00fcye gitti, d\u00f6rd\u00fcnc\u00fcye gitmedi.<\/p>\n<p style=\"text-align: justify;\">Yani darbeyi Cumhurba\u015fkanl\u0131\u011f\u0131 makam\u0131 m\u0131 \u00f6nledi?<\/p>\n<p style=\"text-align: justify;\">Hay\u0131r, darbeyi T\u00fcrkiye Cumhuriyeti Anayasas\u0131 \u00f6nledi.<\/p>\n<p style=\"text-align: justify;\">Sonradan o d\u00f6nemin baz\u0131 komutanlar\u0131n\u0131n yapt\u0131\u011f\u0131, \u201cCumhurba\u015fkan\u0131, Karaday\u0131 Pa\u015fa\u2019y\u0131 ald\u0131, yukar\u0131da onu i\u015fledi, darbe projesinin \u00f6n\u00fcn\u00fc kestiler ikisi beraber\u201d yorumlar\u0131na ne diyorsunuz?<\/p>\n<p style=\"text-align: justify;\">Yok yok, b\u00f6yle \u015fey olmaz devlette. Ben size aynen anlatt\u0131m her \u015feyi. Devlet b\u00f6yle i\u015fler dedim. Devlet nas\u0131l i\u015fler, \u201cSay\u0131n genelkurmay ba\u015fkan\u0131 bir sorun olursa bana geleceksin, ben bu sorunu \u00e7\u00f6zmeye \u00e7al\u0131\u015faca\u011f\u0131m&#8230;\u201d Gelmi\u015f, \u201cbir sorunum var\u201d demi\u015f, \u201chay hay, otur bakal\u0131m\u201d demi\u015fiz. Her yi\u011fidin bir yo\u011furt yiyi\u015fi var. Ben de b\u00f6yle alm\u0131\u015f\u0131m meseleyi&#8230; Sonra ben bunlar\u0131 yapm\u0131\u015f\u0131m, ama yine de Milli G\u00fcvenlik Kurulu\u2019na getirmeyi istemi\u015fler meseleyi, getirmi\u015fler. Bu da Milli G\u00fcvenlik Kurulu\u2019na olan sayg\u0131lar\u0131ndand\u0131r, a\u00e7\u0131k s\u00f6yleyeyim. Oraya da getirmeyebilirlerdi, halk\u0131n \u00f6n\u00fcne \u00e7\u0131karlard\u0131 \u201cbiz bunlar\u0131 istiyoruz\u201d diye ve Milli G\u00fcvenlik Kurulu k\u00fc\u00e7\u00fck d\u00fc\u015ferdi, h\u00fck\u00fcmet de k\u00fc\u00e7\u00fck d\u00fc\u015ferdi, ba\u015fbakan da k\u00fc\u00e7\u00fck d\u00fc\u015ferdi, cumhurba\u015fkan\u0131 da k\u00fc\u00e7\u00fck d\u00fc\u015ferdi, herkes k\u00fc\u00e7\u00fck d\u00fc\u015ferdi. Ve o ortamda \u015fu 18 maddelik \u015feyi ilan etselerdi b\u00fcy\u00fck alk\u0131\u015f olurdu.<\/p>\n<p style=\"text-align: center;\"><img loading=\"lazy\" decoding=\"async\" class=\"aligncenter size-full wp-image-4966\" src=\"http:\/\/www.korhanyilmaz.com\/wp-content\/uploads\/2009\/03\/100320092301313982692_31.jpg\" alt=\"100320092301313982692_31\" width=\"450\" height=\"642\" \/><\/p>\n<p style=\"text-align: center;\">\n<p style=\"text-align: justify;\"><span style=\"color: #888888;\">Kaynak : Semra \u00c7ET\u0130N-Bilal \u00c7ET\u0130N\u00a0 \/ Vatan Gazetesi<\/span><\/p>\n","protected":false},"excerpt":{"rendered":"<p style=\"text-align: center;\">\n<p style=\"text-align: center;\">\n<p>28 \u015eUBAT&#8217;IN CUMHURBA\u015eKANI 28 \u015eUBAT&#8217;I ANLATIYOR : 1 &#8211; 2 &#8211; 3 &#8211; 4 &#8211; 5 &#8211; 6<\/p>\n<p style=\"text-align: justify;\">Erbakan 28 \u015eubat kararlar\u0131n\u0131 imzalad\u0131 ve \u2018Uyguluyoruz\u2019 dedi<\/p>\n<p style=\"text-align: justify;\">Demirel, Erbakan\u2019\u0131n kararlar\u0131 imzalad\u0131\u011f\u0131n\u0131 kan\u0131tlayan bir belgeyi g\u00f6sterdi. Erbakan, 28 \u015eubat kararlar\u0131ndan 14 g\u00fcn sonra hem Cumhurba\u015fkanl\u0131\u011f\u0131\u2019na hem de <\/p>\n","protected":false},"author":1,"featured_media":0,"comment_status":"open","ping_status":"closed","sticky":false,"template":"","format":"standard","meta":{"footnotes":""},"categories":[105],"tags":[],"class_list":["post-4791","post","type-post","status-publish","format-standard","hentry","category-gundem","odd"],"_links":{"self":[{"href":"http:\/\/www.korhanyilmaz.com\/index.php?rest_route=\/wp\/v2\/posts\/4791","targetHints":{"allow":["GET"]}}],"collection":[{"href":"http:\/\/www.korhanyilmaz.com\/index.php?rest_route=\/wp\/v2\/posts"}],"about":[{"href":"http:\/\/www.korhanyilmaz.com\/index.php?rest_route=\/wp\/v2\/types\/post"}],"author":[{"embeddable":true,"href":"http:\/\/www.korhanyilmaz.com\/index.php?rest_route=\/wp\/v2\/users\/1"}],"replies":[{"embeddable":true,"href":"http:\/\/www.korhanyilmaz.com\/index.php?rest_route=%2Fwp%2Fv2%2Fcomments&post=4791"}],"version-history":[{"count":0,"href":"http:\/\/www.korhanyilmaz.com\/index.php?rest_route=\/wp\/v2\/posts\/4791\/revisions"}],"wp:attachment":[{"href":"http:\/\/www.korhanyilmaz.com\/index.php?rest_route=%2Fwp%2Fv2%2Fmedia&parent=4791"}],"wp:term":[{"taxonomy":"category","embeddable":true,"href":"http:\/\/www.korhanyilmaz.com\/index.php?rest_route=%2Fwp%2Fv2%2Fcategories&post=4791"},{"taxonomy":"post_tag","embeddable":true,"href":"http:\/\/www.korhanyilmaz.com\/index.php?rest_route=%2Fwp%2Fv2%2Ftags&post=4791"}],"curies":[{"name":"wp","href":"https:\/\/api.w.org\/{rel}","templated":true}]}}