{"id":47890,"date":"2012-01-27T12:17:57","date_gmt":"2012-01-27T10:17:57","guid":{"rendered":"http:\/\/www.korhanyilmaz.com\/?p=47890"},"modified":"2012-01-27T12:44:07","modified_gmt":"2012-01-27T10:44:07","slug":"davutoglu-daha-cok-uykusuz-geceler-yasayacak","status":"publish","type":"post","link":"http:\/\/www.korhanyilmaz.com\/?p=47890","title":{"rendered":"&#8220;Davuto\u011flu daha \u00e7ok uykusuz geceler ya\u015fayacak&#8221;"},"content":{"rendered":"<p style=\"text-align: center;\"><a href=\"http:\/\/www.korhanyilmaz.com\/wp-content\/uploads\/2012\/01\/9506.jpg\"  class=\"lightview\"><img loading=\"lazy\" decoding=\"async\" class=\"aligncenter  wp-image-47891\" src=\"http:\/\/www.korhanyilmaz.com\/wp-content\/uploads\/2012\/01\/9506.jpg\" alt=\"\" width=\"276\" height=\"207\" \/><\/a><\/p>\n<p style=\"text-align: justify;\">Economist dergisi, T\u00fcrkiye&#8217;nin &#8220;aktif&#8221; d\u0131\u015f politikas\u0131n\u0131n\u0131n kendi sorunlar\u0131n\u0131 yaratt\u0131\u011f\u0131n\u0131, kom\u015fular\u0131yla zorluklar ya\u015fatt\u0131\u011f\u0131n\u0131 yazd\u0131. \u0130ran&#8217;a kar\u015f\u0131 S\u00fcnni bir blo\u011fun olu\u015fturuldu\u011fu, T\u00fcrkiye&#8217;nin Amerika&#8217;n\u0131n b\u00f6lgedeki &#8220;ma\u015fas\u0131&#8221; haline geldi\u011fi gibi ele\u015ftirilere de dikkat \u00e7eken dergi, D\u0131\u015fi\u015fleri Bakan\u0131 Ahmet Davuto\u011flu&#8217;na da g\u00f6nderme yaparak Suriye&#8217;ye ili\u015fkin sorulara da haz\u0131r bir yan\u0131t\u0131n\u0131n olmad\u0131\u011f\u0131n\u0131 yazd\u0131.\u00a0<!--more--><\/p>\n<p style=\"text-align: justify;\">Londra- T\u00fcrkiye&#8217;nin &#8220;aktif&#8221; d\u0131\u015f politikas\u0131n\u0131n kendi sorunlar\u0131n\u0131 yaratt\u0131\u011f\u0131, kom\u015fular\u0131yla zorluklar ya\u015fand\u0131\u011f\u0131 yorumlar\u0131 yap\u0131l\u0131yor.<\/p>\n<p style=\"text-align: justify;\">The Economist dergisi, &#8220;Br\u00fcksel&#8217;e giderken Ahmet Davuto\u011flu, k\u0131sa bir s\u00fcre \u00f6nce bir gece ter i\u00e7inde uyand\u0131\u011f\u0131n\u0131 anlatt\u0131. &#8216;Libya&#8217;daki bir krize dair bir kabus g\u00f6rd\u00fcm. Ger\u00e7ek kriz ise Suriye&#8217;de idi ve sonra da uyuyamad\u0131m&#8217; dedi&#8221; s\u00f6zleriyle ba\u015flad\u0131\u011f\u0131 analizle &#8220;Kesin olan\u0131 ise, onun daha \u00e7ok uykusuz geceler ya\u015fayaca\u011f\u0131d\u0131r&#8221; c\u00fcmlesiyle son verdi.<\/p>\n<p style=\"text-align: justify;\">\u0130ngiliz haftal\u0131k dergisi The Economist, son say\u0131s\u0131nda &#8220;Kom\u015fularla Sorunlar&#8221; ba\u015fl\u0131\u011f\u0131 ile yer verdi\u011fi analizde &#8220;Aktif bir d\u0131\u015f politika, kendi sorunlar\u0131n\u0131 yarat\u0131yor&#8221; spotunu kullan\u0131ld\u0131. Dergi, &#8220;Br\u00fcksel&#8217;e giderken T\u00fcrkiye&#8217;nin D\u0131\u015fi\u015fleri Bakan\u0131 Ahmet Davuto\u011flu, k\u0131sa bir s\u00fcre \u00f6nce bir gece ter i\u00e7inde uyand\u0131\u011f\u0131n\u0131 anlatt\u0131. &#8216;Libya&#8217;daki bir krize dair bir kabus g\u00f6rd\u00fcm. Ger\u00e7ek kriz ise, Suriye&#8217;de idi ve sonra da uyuyamad\u0131m&#8217; dedi&#8221; s\u00f6zleriyle ba\u015flad\u0131\u011f\u0131 analizde Suriye&#8217;deki ak\u0131t\u0131lan kan\u0131n T\u00fcrkiye&#8217;nin &#8220;kom\u015fular\u0131 ile s\u0131f\u0131r sorunlar&#8221; politikas\u0131n\u0131n mimar\u0131n\u0131n ba\u015f a\u011fr\u0131lar\u0131ndan sadece biri oldu\u011funu kaydetti.<\/p>\n<p style=\"text-align: justify;\">Frans\u0131z Senatosu&#8217;nun &#8220;soyk\u0131r\u0131mlar\u0131n inkar\u0131&#8221;n\u0131 cezaland\u0131ran tasar\u0131n\u0131 onaylamas\u0131na i\u015faret eden dergi, Ba\u015fbakan Recep Tayyip Erdo\u011fan&#8217;\u0131n yeni misilleme \u00f6nlemlerini uygulanaca\u011f\u0131n\u0131 s\u00f6ylese de ilan edilmedi\u011fine i\u015faret etti\u011fi analizde T\u00fcrkiye&#8217;nin, Fransa ile krizin Avrupa Birli\u011fi ile ili\u015fkiler \u00fczerindeki etkileri fazla \u00f6nemsemeyebilece\u011fini, \u00fcyelik m\u00fczakerelerinin zaten durdu\u011funu ancak sorun yaratan sadece Avrupal\u0131lar\u0131n olmad\u0131\u011f\u0131 vurguland\u0131.<\/p>\n<p style=\"text-align: justify;\"><strong>&#8220;\u0130ran&#8217;\u0131n etkisine kar\u015f\u0131 S\u00fcnni bir blo\u011fu olu\u015fturmakla su\u00e7lan\u0131yor&#8221;\u00a0<\/strong><\/p>\n<p style=\"text-align: justify;\">Economist, Davuto\u011flu&#8217;nu ele\u015ftirenlerin \u015fimdi onu \u0130ran&#8217;\u0131n etkisine kar\u015f\u0131 S\u00fcnni bir blo\u011fu olu\u015fturmakla su\u00e7lad\u0131klar\u0131na, bunun Be\u015far Esad&#8217;\u0131n muhaliflerine, \u00f6zellikle M\u00fcsl\u00fcman Karde\u015flerine verilen deste\u011fini izah etti\u011fini s\u00f6ylediklerine dikkat \u00e7ekti\u011fi analizinde T\u00fcrkiye&#8217;nin Irakl\u0131 S\u00fcnnilere deste\u011fini de gizlemedi\u011fini belirtirken, T\u00fcrk h\u00fck\u00fcmeti ile Irak Ba\u015fbakan\u0131 Nuri El Maliki aras\u0131ndaki gerilimin alt\u0131n\u0131 \u00e7izdi.<\/p>\n<p style=\"text-align: justify;\"><strong>T\u00fcrkiye&#8217;nin Amerika&#8217;n\u0131n b\u00f6lgedeki ma\u015fas\u0131 haline geldi\u011fi savunuluyor\u00a0<\/strong><\/p>\n<p style=\"text-align: justify;\">Maliki ile &#8220;s\u00f6z d\u00fcellosunun T\u00fcrkiye&#8217;nin Amerika sonras\u0131 Irak i\u00e7in hi\u00e7bir zaman bir plan\u0131n\u0131n olmad\u0131\u011f\u0131n\u0131 g\u00f6sterdi\u011fi&#8221; y\u00f6n\u00fcndeki g\u00f6r\u00fc\u015flerine yer veren dergi, Erdo\u011fan&#8217;\u0131n daha \u0130slami destek\u00e7ilerin ise, NATO radar sistemini ev sahipli\u011fini yapma karar\u0131n\u0131 an\u0131msatarak T\u00fcrkiye&#8217;nin &#8220;Amerika&#8217;n\u0131n b\u00f6lgedeki ma\u015fas\u0131&#8221; haline geldi\u011fini savunduklar\u0131n\u0131 yazd\u0131.<\/p>\n<p style=\"text-align: justify;\"><strong>Suriye&#8217;de katliam olursa T\u00fcrkiye kuvvet g\u00f6nderir mi?\u00a0<\/strong><\/p>\n<p style=\"text-align: justify;\">&#8220;Say\u0131n Davuto\u011flu, radar sisteminin \u0130ran veya Rusya&#8217;y\u0131 hedefledi\u011fini reddediyor ama olduk\u00e7a \u015fa\u015f\u0131rt\u0131c\u0131 bi\u00e7imde T\u00fcrkiye&#8217;nin Amerika ile ba\u011flar\u0131ndaki alt\u0131n d\u00f6neminden s\u00f6z ediyor&#8221; da denildi\u011fi analizde T\u00fcrkiye&#8217;nin, bask\u0131lanan Arap kitlelerine g\u00fc\u00e7l\u00fc bir ilham olu\u015fturdu\u011funu belirtti. Dergi, analizi \u015fu s\u00f6zlerle noktalad\u0131:<\/p>\n<p style=\"text-align: justify;\">&#8220;Esad&#8217;\u0131n kuvvetleri, masum sivilleri katletmeyi s\u00fcrd\u00fcr\u00fcrken, Suriye&#8217;de bir\u00e7ok ki\u015fi T\u00fcrkiye&#8217;nin kendilerini kurtarmaya ko\u015faca\u011f\u0131n\u0131 umuyor. Ancak T\u00fcrkler, bunu sadece bir isteyenler koalisyonun bir par\u00e7as\u0131 olarak yapar. Ufukta bir ba\u015fkanl\u0131k se\u00e7imi varken Amerika da, d\u0131\u015f maceralar\u0131yla pek ilgili de\u011fil. NATO&#8217;nun da, m\u00fcdahale etmesi pek beklenemez. Bu durumda bir katliam ger\u00e7ekle\u015firse ne olacak? T\u00fcrkiye, s\u0131n\u0131r\u0131n di\u011fer taraf\u0131na kuvvet g\u00f6nderir mi? Ve bunu yaparsa, \u0130ran ne gibi bir yan\u0131t verir? Davtuo\u011flu&#8217;nun bu sorulara haz\u0131r yan\u0131tlar\u0131 yok. Kesin olan\u0131 ise, onun daha \u00e7ok uykusuz geceler ya\u015fayaca\u011f\u0131d\u0131r.&#8221;<\/p>\n<p style=\"text-align: justify;\"><a href=\"http:\/\/www.cumhuriyet.com.tr\/?hn=311164\" target=\"_blank\">Kaynak : Cumhuriyet Haber Portal\u0131<\/a><\/p>\n","protected":false},"excerpt":{"rendered":"<p style=\"text-align: center;\">\n<p style=\"text-align: justify;\">Economist dergisi, T\u00fcrkiye&#8217;nin &#8220;aktif&#8221; d\u0131\u015f politikas\u0131n\u0131n\u0131n kendi sorunlar\u0131n\u0131 yaratt\u0131\u011f\u0131n\u0131, kom\u015fular\u0131yla zorluklar ya\u015fatt\u0131\u011f\u0131n\u0131 yazd\u0131. \u0130ran&#8217;a kar\u015f\u0131 S\u00fcnni bir blo\u011fun olu\u015fturuldu\u011fu, T\u00fcrkiye&#8217;nin Amerika&#8217;n\u0131n b\u00f6lgedeki &#8220;ma\u015fas\u0131&#8221; haline geldi\u011fi gibi ele\u015ftirilere de dikkat \u00e7eken dergi, D\u0131\u015fi\u015fleri Bakan\u0131 Ahmet Davuto\u011flu&#8217;na da g\u00f6nderme yaparak Suriye&#8217;ye ili\u015fkin sorulara da haz\u0131r bir yan\u0131t\u0131n\u0131n olmad\u0131\u011f\u0131n\u0131 yazd\u0131. <\/p>\n","protected":false},"author":1,"featured_media":0,"comment_status":"open","ping_status":"open","sticky":false,"template":"","format":"standard","meta":{"footnotes":""},"categories":[3],"tags":[170,784],"class_list":["post-47890","post","type-post","status-publish","format-standard","hentry","category-dunya","tag-ahmet-davutoglu","tag-economist-dergisi","odd"],"_links":{"self":[{"href":"http:\/\/www.korhanyilmaz.com\/index.php?rest_route=\/wp\/v2\/posts\/47890","targetHints":{"allow":["GET"]}}],"collection":[{"href":"http:\/\/www.korhanyilmaz.com\/index.php?rest_route=\/wp\/v2\/posts"}],"about":[{"href":"http:\/\/www.korhanyilmaz.com\/index.php?rest_route=\/wp\/v2\/types\/post"}],"author":[{"embeddable":true,"href":"http:\/\/www.korhanyilmaz.com\/index.php?rest_route=\/wp\/v2\/users\/1"}],"replies":[{"embeddable":true,"href":"http:\/\/www.korhanyilmaz.com\/index.php?rest_route=%2Fwp%2Fv2%2Fcomments&post=47890"}],"version-history":[{"count":0,"href":"http:\/\/www.korhanyilmaz.com\/index.php?rest_route=\/wp\/v2\/posts\/47890\/revisions"}],"wp:attachment":[{"href":"http:\/\/www.korhanyilmaz.com\/index.php?rest_route=%2Fwp%2Fv2%2Fmedia&parent=47890"}],"wp:term":[{"taxonomy":"category","embeddable":true,"href":"http:\/\/www.korhanyilmaz.com\/index.php?rest_route=%2Fwp%2Fv2%2Fcategories&post=47890"},{"taxonomy":"post_tag","embeddable":true,"href":"http:\/\/www.korhanyilmaz.com\/index.php?rest_route=%2Fwp%2Fv2%2Ftags&post=47890"}],"curies":[{"name":"wp","href":"https:\/\/api.w.org\/{rel}","templated":true}]}}