{"id":47874,"date":"2012-01-26T23:51:45","date_gmt":"2012-01-26T21:51:45","guid":{"rendered":"http:\/\/www.korhanyilmaz.com\/?p=47874"},"modified":"2012-01-27T10:43:22","modified_gmt":"2012-01-27T08:43:22","slug":"turkiye-kara-listede-birinci-oldu","status":"publish","type":"post","link":"http:\/\/www.korhanyilmaz.com\/?p=47874","title":{"rendered":"T\u00fcrkiye kara listede birinci oldu"},"content":{"rendered":"<p style=\"text-align: center;\"><a href=\"http:\/\/www.korhanyilmaz.com\/wp-content\/uploads\/2012\/01\/9502.jpg\"  class=\"lightview\"><img loading=\"lazy\" decoding=\"async\" class=\"aligncenter  wp-image-47875\" src=\"http:\/\/www.korhanyilmaz.com\/wp-content\/uploads\/2012\/01\/9502.jpg\" alt=\"\" width=\"307\" height=\"234\" \/><\/a><\/p>\n<p style=\"text-align: justify;\">Avrupa \u0130nsan Haklar\u0131 Mahkemesi&#8217;nde (A\u0130HM) ge\u00e7en y\u0131l en fazla mahkum edilen \u00fclkeler s\u0131ralamas\u0131nda T\u00fcrkiye ilk s\u0131rada yer ald\u0131.<\/p>\n<p style=\"text-align: justify;\">Avrupa \u0130nsan Haklar\u0131 Mahkemesi (A\u0130HM) Ba\u015fkan\u0131 Nicolas Bratza, Strasbourg mahkemesinin, 2011 y\u0131l\u0131 \u00e7al\u0131\u015fmalar\u0131yla ilgili bas\u0131n toplant\u0131s\u0131 d\u00fczenledi ve ge\u00e7en y\u0131l \u00fclkeler aleyhinde al\u0131nan insan haklar\u0131 ihlalleriyle ilgili kararlar hakk\u0131nda bilgi verdi.\u00a0<!--more--><\/p>\n<p style=\"text-align: justify;\">Bratza taraf\u0131ndan verilen bilgiye g\u00f6re, T\u00fcrkiye ge\u00e7en y\u0131l 159 davada, Avrupa \u0130nsan Haklar\u0131 S\u00f6zle\u015fmesi&#8217;nin en az bir maddesini ihlalden dolay\u0131 A\u0130HM&#8217;de mahkum edildi.<\/p>\n<p style=\"text-align: justify;\">T\u00fcrkiye&#8217;yi bu s\u0131ralamada 121 davayla Rusya, 105 davayla Ukrayna izledi.<\/p>\n<p style=\"text-align: justify;\">Yunanistan 69, Romanya 58, Polonya 54 davada yine A\u0130HS&#8217;nin en az bir maddesinin ihlali dolay\u0131s\u0131yla ge\u00e7en y\u0131l Strasbourg Mahkemesi taraf\u0131ndan mahkum edildi.<\/p>\n<p style=\"text-align: justify;\">A\u0130HM Ba\u015fkan\u0131, Strasbourg mahkemesinde bekleyen davalar\u0131n say\u0131s\u0131n\u0131n giderek artmas\u0131na dikkati \u00e7ekerek, \u00fcye \u00fclkelerin ulusal yarg\u0131lar\u0131n\u0131n, A\u0130HM i\u00e7tihatlar\u0131na ve Avrupa \u0130nsan Haklar\u0131 S\u00f6zle\u015fmesi&#8217;ne daha fazla sayg\u0131 g\u00f6stermeleri \u00e7a\u011fr\u0131s\u0131 yapt\u0131.<\/p>\n<p style=\"text-align: justify;\">Bratza, \u00e7ok fazla davayla u\u011fra\u015fmak zorunda kalan A\u0130HM&#8217;nin maddi sorunlar\u0131n\u0131n \u00e7\u00f6z\u00fclmesi konusunda da \u00fcye \u00fclkelere yapt\u0131\u011f\u0131 \u00e7a\u011fr\u0131y\u0131 yineledi.<\/p>\n<p style=\"text-align: justify;\">\u0130nsan haklar\u0131n\u0131n kesinlikle l\u00fcks bir konu olarak de\u011ferlendirilmemesi gerekti\u011finin alt\u0131n\u0131 \u00e7izen A\u0130HM Ba\u015fkan\u0131, son ekonomik kriz nedeniyle hukuk devleti ve insan haklar\u0131n\u0131n korunmas\u0131 konusunun baz\u0131 \u00fcye \u00fclkelerin \u00f6ncelik g\u00fcndeminden d\u00fc\u015ft\u00fc\u011f\u00fc gerek\u00e7esiyle ele\u015ftirdi.<\/p>\n<p style=\"text-align: justify;\">A\u0130HM&#8217;den al\u0131nan bilgilere g\u00f6re, T\u00fcrkiye&#8217;nin mahkum edildi\u011fi davalar\u0131n \u00f6nemli bir k\u0131sm\u0131n\u0131, yarg\u0131lama s\u00fcresinin uzunlu\u011fu, adil yarg\u0131lama hakk\u0131n\u0131n ihlali, k\u00f6t\u00fc muamelenin yasaklanmas\u0131, etkili soru\u015fturma hakk\u0131n\u0131n ihlali ile mal ve m\u00fclkiyet hakk\u0131n\u0131n korunmas\u0131yla ilgili \u015fikayetler olu\u015fturuyor.<\/p>\n<p style=\"text-align: justify;\"><a href=\"http:\/\/www.cnnturk.com\/2012\/dunya\/01\/26\/turkiye.kara.listede.birinci.oldu\/646583.0\/index.html\" target=\"_blank\">Kaynak : CNN T\u00dcRK<\/a><\/p>\n","protected":false},"excerpt":{"rendered":"<p style=\"text-align: center;\">\n<p style=\"text-align: justify;\">Avrupa \u0130nsan Haklar\u0131 Mahkemesi&#8217;nde (A\u0130HM) ge\u00e7en y\u0131l en fazla mahkum edilen \u00fclkeler s\u0131ralamas\u0131nda T\u00fcrkiye ilk s\u0131rada yer ald\u0131.<\/p>\n<p style=\"text-align: justify;\">Avrupa \u0130nsan Haklar\u0131 Mahkemesi (A\u0130HM) Ba\u015fkan\u0131 Nicolas Bratza, Strasbourg mahkemesinin, 2011 y\u0131l\u0131 \u00e7al\u0131\u015fmalar\u0131yla ilgili bas\u0131n toplant\u0131s\u0131 d\u00fczenledi ve ge\u00e7en y\u0131l \u00fclkeler aleyhinde al\u0131nan insan haklar\u0131 ihlalleriyle ilgili kararlar hakk\u0131nda bilgi <\/p>\n","protected":false},"author":1,"featured_media":0,"comment_status":"open","ping_status":"open","sticky":false,"template":"","format":"standard","meta":{"footnotes":""},"categories":[105],"tags":[],"class_list":["post-47874","post","type-post","status-publish","format-standard","hentry","category-gundem","odd"],"_links":{"self":[{"href":"http:\/\/www.korhanyilmaz.com\/index.php?rest_route=\/wp\/v2\/posts\/47874","targetHints":{"allow":["GET"]}}],"collection":[{"href":"http:\/\/www.korhanyilmaz.com\/index.php?rest_route=\/wp\/v2\/posts"}],"about":[{"href":"http:\/\/www.korhanyilmaz.com\/index.php?rest_route=\/wp\/v2\/types\/post"}],"author":[{"embeddable":true,"href":"http:\/\/www.korhanyilmaz.com\/index.php?rest_route=\/wp\/v2\/users\/1"}],"replies":[{"embeddable":true,"href":"http:\/\/www.korhanyilmaz.com\/index.php?rest_route=%2Fwp%2Fv2%2Fcomments&post=47874"}],"version-history":[{"count":0,"href":"http:\/\/www.korhanyilmaz.com\/index.php?rest_route=\/wp\/v2\/posts\/47874\/revisions"}],"wp:attachment":[{"href":"http:\/\/www.korhanyilmaz.com\/index.php?rest_route=%2Fwp%2Fv2%2Fmedia&parent=47874"}],"wp:term":[{"taxonomy":"category","embeddable":true,"href":"http:\/\/www.korhanyilmaz.com\/index.php?rest_route=%2Fwp%2Fv2%2Fcategories&post=47874"},{"taxonomy":"post_tag","embeddable":true,"href":"http:\/\/www.korhanyilmaz.com\/index.php?rest_route=%2Fwp%2Fv2%2Ftags&post=47874"}],"curies":[{"name":"wp","href":"https:\/\/api.w.org\/{rel}","templated":true}]}}