{"id":47870,"date":"2012-01-26T21:18:15","date_gmt":"2012-01-26T19:18:15","guid":{"rendered":"http:\/\/www.korhanyilmaz.com\/?p=47870"},"modified":"2012-01-26T23:28:12","modified_gmt":"2012-01-26T21:28:12","slug":"anayasa-komisyonunu-terk-ettiler","status":"publish","type":"post","link":"http:\/\/www.korhanyilmaz.com\/?p=47870","title":{"rendered":"Anayasa Komisyonu&#8217;nu terk ettiler!"},"content":{"rendered":"<p style=\"text-align: center;\"><a href=\"http:\/\/www.korhanyilmaz.com\/wp-content\/uploads\/2012\/01\/9501.jpg\"  class=\"lightview\"><img loading=\"lazy\" decoding=\"async\" class=\"aligncenter  wp-image-47871\" src=\"http:\/\/www.korhanyilmaz.com\/wp-content\/uploads\/2012\/01\/9501.jpg\" alt=\"\" width=\"322\" height=\"241\" \/><\/a><\/p>\n<p style=\"text-align: justify;\">TBMM Anayasa Komisyonu&#8217;nda, TBMM \u0130\u00e7t\u00fcz\u00fc\u011f\u00fcnde De\u011fi\u015fiklik Yap\u0131lmas\u0131na Dair \u0130\u00e7t\u00fcz\u00fck Teklifi&#8217;nin geri \u00e7ekilmemesini protesto eden CHP, MHP ve BDP toplant\u0131 salonunu terk etti. CHP, MHP ve BDP&#8217;nin komisyon toplant\u0131s\u0131n\u0131 terk etmesini ard\u0131ndan teklif jet h\u0131z\u0131yla kabul edildi.<\/p>\n<p style=\"text-align: justify;\">Ankara- CHP Grup Ba\u015fkanvekili Muharrem \u0130nce ba\u015fkanl\u0131\u011f\u0131ndaki CHP&#8217;li yakla\u015f\u0131k 50 milletvekili, TBMM \u0130\u00e7t\u00fcz\u00fc\u011f\u00fcnde De\u011fi\u015fiklik Yap\u0131lmas\u0131na Dair \u0130\u00e7t\u00fcz\u00fck Teklifi&#8217;nin g\u00f6r\u00fc\u015f\u00fcld\u00fc\u011f\u00fc Meclis Anayasa Komisyonu&#8217;nu bast\u0131.\u00a0<!--more--><\/p>\n<p style=\"text-align: justify;\">\u0130nce, komisyon salonuna girerken bas\u0131n mensuplar\u0131na, teklifi bu haliyle ge\u00e7irtmeyeceklerini, ne gerekirse yapacaklar\u0131n\u0131 belirterek, &#8220;Bu fa\u015fizmdir, buna direnece\u011fiz. \u0130\u00e7t\u00fcz\u00fck de\u011fi\u015fikli\u011fini bu \u015fekliyle CHP ge\u00e7irtmeyecek ne gerekiyorsa yapaca\u011f\u0131z&#8221; dedi.<\/p>\n<p style=\"text-align: justify;\">Meclis Anayasa Komisyonu, Ba\u015fkan Burhan Kuzu ba\u015fkanl\u0131\u011f\u0131nda AKP&#8217;li grup ba\u015fkanvekilleri taraf\u0131ndan verilen TBMM \u0130\u00e7t\u00fcz\u00fc\u011f\u00fcnde De\u011fi\u015fiklik Yap\u0131lmas\u0131na Dair \u0130\u00e7t\u00fcz\u00fck Teklifi \u00fczerinde alt komisyonun haz\u0131rlad\u0131\u011f\u0131 metni g\u00f6r\u00fc\u015fmek \u00fczere topland\u0131.<\/p>\n<p style=\"text-align: justify;\"><strong>Toplant\u0131da yer kavgas\u0131\u00a0<\/strong><\/p>\n<p style=\"text-align: justify;\">CHP&#8217;li yakla\u015f\u0131k 50 milletvekilinin komisyona gelmesi ile yer tart\u0131\u015fmas\u0131 ya\u015fand\u0131.<\/p>\n<p style=\"text-align: justify;\">Komisyon Ba\u015fkan\u0131 Burhan Kuzu, CHP&#8217;lilerin itiraz\u0131 \u00fczerine, &#8220;Siz kavga etmeye gelmi\u015fsiniz, \u00f6yle anla\u015f\u0131l\u0131yor&#8221; dedi. Kuzu komisyona \u00fcye milletvekillerinin ayakta kald\u0131\u011f\u0131n\u0131 belirterek, &#8220;\u00dcye olmayanlar masa etraf\u0131nda oturmas\u0131n&#8221; dedi. \u0130nce, &#8220;Uygulamada &#8216;burada oturamaz&#8217; diyerek nerede yaz\u0131yor&#8221; diye itiraz etti.<\/p>\n<p style=\"text-align: justify;\"><strong>Emniyet amirine itiraz\u00a0<\/strong><\/p>\n<p style=\"text-align: justify;\">Bu arada toplant\u0131 ba\u015flarken CHP&#8217;li milletvekilleri, &#8220;Say\u0131n Ba\u015fkan emniyet amirinin burada olmas\u0131n\u0131n bir anlam\u0131 var m\u0131?&#8221; diye itiraz etti. Ba\u015fkan Kuzu da, &#8220;Bizim bu g\u00f6revlendirmelerle alakam\u0131z yok&#8221; yan\u0131t\u0131 verdi. Bu konu\u015fmalar \u00fczerine emniyet g\u00f6revlisi salondan \u00e7\u0131kt\u0131.<\/p>\n<p style=\"text-align: justify;\"><strong>&#8220;TBMM&#8217;nin iradesini i\u011ffal etme giri\u015fimi ile kar\u015f\u0131 kar\u015f\u0131yay\u0131z&#8221;\u00a0<\/strong><\/p>\n<p style=\"text-align: justify;\">Meclis&#8217;in, halk\u0131n sesinin k\u0131s\u0131lmak ve susturulmak istendi\u011fini ifade eden CHP Konya Milletvekili Atilla Kart, &#8220;\u0130ktidar eliyle Meclis darbe giri\u015fimi ger\u00e7ekle\u015ftirilmektedir. Meclis i\u00e7i darbe giri\u015fimi ger\u00e7ekle\u015ftirilmektedir. TBMM&#8217;yi fiili anlamda yeni ba\u015ftan yap\u0131land\u0131rmaya s\u0131ra gelmi\u015ftir. TBMM&#8217;nin anayasal sistemine, \u0130\u00e7t\u00fcz\u00fck sistemine bir saatli bomba konulmaktad\u0131r. Gece yaras\u0131 operasyonlar\u0131n\u0131 yasal hale getirme giri\u015fimi ile kar\u015f\u0131 kar\u015f\u0131yay\u0131z. TBMM&#8217;nin iradesini i\u011ffal etme giri\u015fimi ile kar\u015f\u0131 kar\u015f\u0131yay\u0131z&#8221; diyerek tepkisini dile getirdi.<\/p>\n<p style=\"text-align: justify;\"><strong>&#8220;\u00d6nce e\u015fe\u011fi kaybettirip sonra bulduruyor musunuz?&#8221;\u00a0<\/strong><\/p>\n<p style=\"text-align: justify;\">CHP Grup Ba\u015fkanvekili Muharrem \u0130nce de, MHP Grup Ba\u015fkanvekili Mehmet \u015eand\u0131r&#8217;\u0131n odas\u0131nda sabah saatlerinde grup ba\u015fkanvekillerinin kat\u0131ld\u0131\u011f\u0131 bir toplant\u0131 yapt\u0131klar\u0131n\u0131 belirtti. \u0130nce, AKP Grup Ba\u015fkanvekili Nurettin Canikli&#8217;ye, &#8220;Komisyonu iptal edelim. Grup ba\u015fkanvekilleri bir araya gelelim. Aksayan y\u00f6nleri de\u011fi\u015ftirelim&#8221; \u00f6nerisini getirdiklerini kaydetti.<\/p>\n<p style=\"text-align: justify;\">AKP&#8217;nin derdinin muhalefetin sesini k\u0131smak oldu\u011funu savunan \u0130nce, Genel Kurul&#8217;un \u00e7al\u0131\u015fma saatleri konusundaki \u00f6nerilere de &#8220;Zaten \u00f6yleydi, siz kestiniz. \u00d6nce e\u015fe\u011fi kaybettirip sonra bulduruyor musunuz?&#8221; diyerek tepki g\u00f6sterdi.<\/p>\n<p style=\"text-align: justify;\">&#8220;\u0130\u00e7t\u00fcz\u00fck de\u011fi\u015fikli\u011fi teklifi ile TBMM&#8217;yi AKP Genel Merkezi haline getirmek istiyorsunuz&#8221; diyen \u0130nce, &#8220;Size bunu ge\u00e7irtmeyece\u011fiz, ne gerekiyorsa onu yapaca\u011f\u0131z. Bize k\u00fcrs\u00fc i\u015fgalinden ba\u015fka bir hak b\u0131rakm\u0131yorsunuz&#8221; diyerek tepkisini dile getirdi.<\/p>\n<p style=\"text-align: justify;\"><strong>Teklif geri \u00e7ekilsin\u00a0<\/strong><\/p>\n<p style=\"text-align: justify;\">Teklifin geri \u00e7ekilmesini isteyen \u0130nce, &#8220;Bunu tehdit olarak alg\u0131lamay\u0131n. CHP&#8217;nin direnci kar\u015f\u0131s\u0131nda \u015fa\u015f\u0131racaks\u0131n\u0131z. Sizi \u015fa\u015fk\u0131nl\u0131\u011fa u\u011frataca\u011f\u0131z Genel Kurul&#8217;da. Bunun \u00e7\u00f6z\u00fcm\u00fc var, geri \u00e7ekilir, aksayan y\u00f6nleri d\u00fczeltmeye haz\u0131r\u0131z. TBMM&#8217;de fa\u015fizan uygulamalara kar\u015f\u0131y\u0131z&#8221; dedi.<\/p>\n<p style=\"text-align: justify;\"><strong>CHP&#8217;li vekiller ve \u00fcye olmayanlar salondan ayr\u0131ld\u0131<\/strong><\/p>\n<p style=\"text-align: justify;\">\u0130nce, konu\u015fmas\u0131n\u0131n ard\u0131ndan Genel Kurul \u00e7al\u0131\u015fmalar\u0131 nedeniyle toplant\u0131dan ayr\u0131laca\u011f\u0131n\u0131 ifade etti. Ard\u0131ndan \u0130nce ve komisyon \u00fcyesi olmayan CHP&#8217;li vekiller salondan ayr\u0131ld\u0131.<\/p>\n<p style=\"text-align: justify;\">\u0130\u00e7t\u00fcz\u00fck de\u011fi\u015fikli\u011fi konusunda uzla\u015fma aranmas\u0131n\u0131 isteyen MHP Konya Milletvekili Faruk Bal da &#8220;Parti diktat\u00f6ryas\u0131n\u0131n Meclis&#8217;e i\u00e7t\u00fcz\u00fck ile muhalefetin sesi solu\u011fu kesilmek suretiyle daha a\u011f\u0131r bir bi\u00e7imde yans\u0131yaca\u011f\u0131n\u0131 ve parmakmatik bir demokrasiyi ula\u015faca\u011f\u0131m\u0131z\u0131 d\u00fc\u015f\u00fcn\u00fcyorum&#8221; dedi.<\/p>\n<p style=\"text-align: justify;\"><strong>BDP&#8217;li Ata: Teklif geri \u00e7ekilsin\u00a0<\/strong><\/p>\n<p style=\"text-align: justify;\">\u0130\u00e7t\u00fcz\u00fck de\u011fi\u015fikli\u011fi konusunda uzla\u015fma aranmas\u0131n\u0131 talep eden BDP Batman Milletvekili Ayla Akat Ata, teklifin geri \u00e7ekilmesini, g\u00f6r\u00fc\u015fmelerin ertelenmesini istedi.<\/p>\n<p style=\"text-align: justify;\">Teklifin geri \u00e7ekilmesini \u00f6neren MHP Grup Ba\u015fkanvekili Mehmet \u015eand\u0131r, &#8220;Geri al\u0131n, geri \u00e7ekin, otural\u0131m, neyse amac\u0131 birlikte koyal\u0131m. Ortak \u00e7al\u0131\u015fal\u0131m. Anayasa uzla\u015fma s\u00fcrecine paralel bir \u00e7al\u0131\u015fma yapal\u0131m. Ama b\u00f6yle getirip komisyona bununla ne Meclisi \u00e7al\u0131\u015ft\u0131r\u0131rs\u0131n\u0131z ne Meclis&#8217;te huzur sa\u011flars\u0131n\u0131z&#8221; dedi.<\/p>\n<p style=\"text-align: justify;\">AKP Adana Milletvekili Fato\u015f G\u00fcrkan, muhalefetin sesinin k\u0131s\u0131laca\u011f\u0131na y\u00f6nelik ele\u015ftirilere, &#8220;S\u00fcreler herkes i\u00e7in k\u0131s\u0131tlanm\u0131\u015f. \u0130ktidardan konu\u015facak konu\u015fmac\u0131lar i\u00e7in de muhalefetten konu\u015facak konu\u015fmac\u0131lar i\u00e7in de k\u0131s\u0131tlanm\u0131\u015f demeyelim ama zamanlar\u0131 ayarlanm\u0131\u015f&#8221; dedi.<\/p>\n<p style=\"text-align: justify;\"><strong>Muhalefetin sesi k\u0131s\u0131l\u0131yor tart\u0131\u015fmas\u0131\u00a0<\/strong><\/p>\n<p style=\"text-align: justify;\">Muhalefetin sesini k\u0131sma gibi bir amac\u0131n olmad\u0131\u011f\u0131n\u0131 vurgulayan AKP Grup Ba\u015fkanvekili Nurettin Canikli&#8217;ye, CHP \u0130stanbul Milletvekili Ali \u00d6zg\u00fcnd\u00fcz, &#8220;Samimi de\u011filsiniz. Yok ediyorsunuz, \u00f6ld\u00fcr\u00fcyorsunuz&#8221; diyerek kar\u015f\u0131l\u0131k verdi.<\/p>\n<p style=\"text-align: justify;\">Teklifin geri \u00e7ekilmesi y\u00f6n\u00fcndeki taleplere AKP&#8217;li Canikli, Genel Kurul a\u015famas\u0131nda de\u011fi\u015fiklik olabilece\u011fi mesaj\u0131n\u0131 verdi. Canikli, \u015f\u00f6yle dedi:<\/p>\n<p style=\"text-align: justify;\">&#8220;Bu komisyon \u00e7al\u0131\u015fmalar\u0131 devam eder. Genel Kurul a\u015famas\u0131na kadar her zaman \u00e7al\u0131\u015fmalar\u0131 yapabiliriz. Zaman\u0131 var, Genel Kurul a\u015famas\u0131 var.&#8221;<\/p>\n<p style=\"text-align: justify;\">MHP&#8217;li \u015eand\u0131r&#8217;da, Canikli&#8217;nin s\u00f6zlerine, &#8220;Bu t\u00fcrde devam ederseniz biz bu \u00e7al\u0131\u015fmalara kat\u0131lmay\u0131z, kat\u0131lman\u0131n bir anlam\u0131 yok&#8221; dedi.<\/p>\n<p style=\"text-align: justify;\">AKP Grup Ba\u015fkanvekili Canikli, grup ba\u015fkanvekillerinin baz\u0131 \u00f6nerileri oldu\u011funu hat\u0131rlatarak, &#8220;Baz\u0131 de\u011fi\u015fiklikler yapaca\u011f\u0131z biz. Destek olsun ya da olmas\u0131n. \u00d6nerilerimizi getirece\u011fiz. Belki komisyonda olmaz. Genel Kurul&#8217;da o da y\u00f6ntemlerden birisi. Bir\u00e7ok de\u011fi\u015fiklik Genel Kurul&#8217;da yap\u0131l\u0131r. Biz bir yada birka\u00e7 g\u00f6r\u00fc\u015fmeyle bu konudaki isti\u015fare mekanizmas\u0131n\u0131 tamamlayabiliriz. Ortaya \u00e7\u0131kacak de\u011fi\u015fiklikleri de Genel Kurul&#8217;da monte edebiliriz&#8221; diye konu\u015ftu.<\/p>\n<p style=\"text-align: justify;\"><strong>&#8220;Yar\u0131n kirlenmi\u015f ampullerle gelsek ne yapacaks\u0131n\u0131z?&#8221;\u00a0<\/strong><\/p>\n<p style=\"text-align: justify;\">CHP \u0130stanbul Milletvekili Ali \u00d6zg\u00fcnd\u00fcz de, Fransa&#8217;n\u0131n, \u0130nkar Yasas\u0131 nedeniyle ele\u015ftirildi\u011fini belirterek, &#8220;Niye ele\u015ftiriyoruz, ifade \u00f6zg\u00fcrl\u00fc\u011f\u00fcne ayk\u0131r\u0131. Kesinlikle bu d\u00fczenleme ifade \u00f6zg\u00fcrl\u00fc\u011f\u00fcne ayk\u0131r\u0131d\u0131r. Fransa&#8217;y\u0131 ele\u015ftiriyorsunuz. \u0130yi de Allah&#8217;tan korkun Meclis&#8217;te bizim sesimizi, kendimizi ifade etmemizi engelliyorsunuz&#8221; dedi.<\/p>\n<p style=\"text-align: justify;\">Genel Kurul&#8217;a materyal getirilmesinin yasaklanmas\u0131na ili\u015fkin d\u00fczenlemeye de itiraz eden \u00d6zg\u00fcnd\u00fcz, &#8220;Yar\u0131n kirlenmi\u015f ampullerle gelsek ne yapacaks\u0131n\u0131z?&#8221; diye sordu.<\/p>\n<p style=\"text-align: justify;\">D\u00fczenlemelerin A\u0130HS&#8217;ne ayk\u0131r\u0131 oldu\u011funu vurgulayan \u00d6zg\u00fcnd\u00fcz, &#8220;Biz bu konuyu g\u00f6t\u00fcr\u00fcpte A\u0130HM&#8217;de ifade \u00f6zg\u00fcrl\u00fc\u011f\u00fcm\u00fcz demeyi yak\u0131\u015ft\u0131rmay\u0131z ama ferdi ba\u015fvuru hakk\u0131m\u0131z\u0131 herhalde gerekti\u011fi zaman kullan\u0131r\u0131z&#8221; dedi.<\/p>\n<p style=\"text-align: justify;\"><strong>Babayi\u011fit tart\u0131\u015fmas\u0131\u00a0<\/strong><\/p>\n<p style=\"text-align: justify;\">MHP&#8217;li Nevzat Korkmaz, &#8220;Bundan sonraki MHP&#8217;nin tavr\u0131 olarak birka\u00e7 c\u00fcmle s\u00f6yleyip ayr\u0131laca\u011f\u0131m&#8221; demesi ise tart\u0131\u015fmalara neden oldu. AKP&#8217;li baz\u0131 vekiller, &#8220;Bu kadar konu\u015fmadan \u00f6nce bu tavr\u0131 ortaya koyup \u00e7\u0131ksayd\u0131n&#8221;, &#8220;Babayi\u011fitsen&#8221; s\u00f6zleri diye konu\u015ftu. Korkmaz da, &#8220;Ne demek, babayi\u011fit kelimesi. O kelime hi\u00e7 yak\u0131\u015f\u0131k almad\u0131. Babayi\u011fitli\u011fi kimse sana b\u0131rakmaz&#8221; diyerek tepki g\u00f6sterdi. Kuzu da, &#8220;Burada, Komisyon Ba\u015fkan\u0131 varken ba\u015fka babayi\u011fit aramayal\u0131m&#8221; dedi.<\/p>\n<p style=\"text-align: justify;\"><strong>Salonu terk ettiler\u00a0<\/strong><\/p>\n<p style=\"text-align: justify;\">Teklife muhalefet \u015ferhi vereceklerini ifade eden Korkmaz, &#8220;Bu a\u015famadan sonra bu m\u00fczakerelere kat\u0131lmam\u0131n bir anlam\u0131 yok&#8221; diyerek salondan ayr\u0131ld\u0131.<\/p>\n<p style=\"text-align: justify;\">Geneli \u00fczerindeki g\u00f6r\u00fc\u015fmelerin ard\u0131ndan maddelere ge\u00e7ildi. Maddelere ge\u00e7ilmesinin ard\u0131ndan CHP&#8217;li vekiller ile BDP&#8217;li Ata da komisyon salonunu terk etti. CHP, MHP ve BDP&#8217;nin salondan ayr\u0131lmas\u0131n\u0131n ard\u0131ndan teklif jet h\u0131z\u0131yla kabul edildi.<\/p>\n<p style=\"text-align: justify;\"><strong>Teklif ne getiriyor\u00a0<\/strong><\/p>\n<p style=\"text-align: justify;\">Genel Kurul&#8217;da konu\u015fma s\u00fcrelerini yeniden d\u00fczenleyen teklif, Genel Kurula \u00e7al\u0131\u015fma d\u00fczenini bozucu d\u00f6viz, pankart ve materyal getirene k\u0131nama cezas\u0131 verilmesini \u00f6ng\u00f6r\u00fcyor.<\/p>\n<p style=\"text-align: justify;\">Teklife g\u00f6re, Genel Kurulda s\u00f6z kesmek, \u015fahsiyatla u\u011fra\u015fmak, d\u00f6viz ve pankart getirmek ve \u00e7al\u0131\u015fma d\u00fczenini bozucu herhangi bir materyali Genel Kurul Salonunda bulundurmak ve bu t\u00fcrden hareketlerde bulunmak yasak olacak.<\/p>\n<p style=\"text-align: justify;\"><a href=\"http:\/\/www.cumhuriyet.com.tr\/?hn=310980\" target=\"_blank\">Kaynak : Cumhuriyet Haber Portal\u0131<\/a><\/p>\n","protected":false},"excerpt":{"rendered":"<p style=\"text-align: center;\">\n<p style=\"text-align: justify;\">TBMM Anayasa Komisyonu&#8217;nda, TBMM \u0130\u00e7t\u00fcz\u00fc\u011f\u00fcnde De\u011fi\u015fiklik Yap\u0131lmas\u0131na Dair \u0130\u00e7t\u00fcz\u00fck Teklifi&#8217;nin geri \u00e7ekilmemesini protesto eden CHP, MHP ve BDP toplant\u0131 salonunu terk etti. CHP, MHP ve BDP&#8217;nin komisyon toplant\u0131s\u0131n\u0131 terk etmesini ard\u0131ndan teklif jet h\u0131z\u0131yla kabul edildi.<\/p>\n<p style=\"text-align: justify;\">Ankara- CHP Grup Ba\u015fkanvekili Muharrem \u0130nce ba\u015fkanl\u0131\u011f\u0131ndaki CHP&#8217;li yakla\u015f\u0131k 50 milletvekili, TBMM <\/p>\n","protected":false},"author":1,"featured_media":0,"comment_status":"open","ping_status":"open","sticky":false,"template":"","format":"standard","meta":{"footnotes":""},"categories":[105],"tags":[],"class_list":["post-47870","post","type-post","status-publish","format-standard","hentry","category-gundem","odd"],"_links":{"self":[{"href":"http:\/\/www.korhanyilmaz.com\/index.php?rest_route=\/wp\/v2\/posts\/47870","targetHints":{"allow":["GET"]}}],"collection":[{"href":"http:\/\/www.korhanyilmaz.com\/index.php?rest_route=\/wp\/v2\/posts"}],"about":[{"href":"http:\/\/www.korhanyilmaz.com\/index.php?rest_route=\/wp\/v2\/types\/post"}],"author":[{"embeddable":true,"href":"http:\/\/www.korhanyilmaz.com\/index.php?rest_route=\/wp\/v2\/users\/1"}],"replies":[{"embeddable":true,"href":"http:\/\/www.korhanyilmaz.com\/index.php?rest_route=%2Fwp%2Fv2%2Fcomments&post=47870"}],"version-history":[{"count":0,"href":"http:\/\/www.korhanyilmaz.com\/index.php?rest_route=\/wp\/v2\/posts\/47870\/revisions"}],"wp:attachment":[{"href":"http:\/\/www.korhanyilmaz.com\/index.php?rest_route=%2Fwp%2Fv2%2Fmedia&parent=47870"}],"wp:term":[{"taxonomy":"category","embeddable":true,"href":"http:\/\/www.korhanyilmaz.com\/index.php?rest_route=%2Fwp%2Fv2%2Fcategories&post=47870"},{"taxonomy":"post_tag","embeddable":true,"href":"http:\/\/www.korhanyilmaz.com\/index.php?rest_route=%2Fwp%2Fv2%2Ftags&post=47870"}],"curies":[{"name":"wp","href":"https:\/\/api.w.org\/{rel}","templated":true}]}}