{"id":47853,"date":"2012-01-26T14:50:17","date_gmt":"2012-01-26T12:50:17","guid":{"rendered":"http:\/\/www.korhanyilmaz.com\/?p=47853"},"modified":"2012-01-26T16:20:29","modified_gmt":"2012-01-26T14:20:29","slug":"binali-yildirim-internet-cikti-mertlik-bozuldu","status":"publish","type":"post","link":"http:\/\/www.korhanyilmaz.com\/?p=47853","title":{"rendered":"Binali Y\u0131ld\u0131r\u0131m: \u0130nternet \u00e7\u0131kt\u0131, mertlik bozuldu"},"content":{"rendered":"<p style=\"text-align: center;\"><a href=\"http:\/\/www.korhanyilmaz.com\/wp-content\/uploads\/2012\/01\/9498.jpg\"  class=\"lightview\"><img loading=\"lazy\" decoding=\"async\" class=\"aligncenter  wp-image-47854\" src=\"http:\/\/www.korhanyilmaz.com\/wp-content\/uploads\/2012\/01\/9498.jpg\" alt=\"\" width=\"280\" height=\"187\" \/><\/a><\/p>\n<p style=\"text-align: justify;\">Ula\u015ft\u0131rma, Denizcilik ve Haberle\u015fme Bakan\u0131 Binali Y\u0131ld\u0131r\u0131m, T\u00fcrkiye&#8217;de bili\u015fim su\u00e7lar\u0131yla ilgili m\u00fcstakil bir hukuk sisteminin mutlaka olu\u015fturulmas\u0131 gerekti\u011fini belirtti.<\/p>\n<p style=\"text-align: justify;\">Bakan Y\u0131ld\u0131r\u0131m, Ula\u015ft\u0131rma, Denizcilik ve Haberle\u015fme Bakanl\u0131\u011f\u0131, T\u00fcrkiye Barolar Birli\u011fi ve Bilgi G\u00fcvenli\u011fi Derne\u011fince Litai Otel&#8217;de ortakla\u015fa d\u00fczenlenen Siber G\u00fcvenlik Hukuk \u00c7al\u0131\u015ftay\u0131&#8217;n\u0131n a\u00e7\u0131l\u0131\u015f\u0131nda yapt\u0131\u011f\u0131 konu\u015fmada, siber g\u00fcvenli\u011fin, bilgi ve ileti\u015fim \u00e7a\u011f\u0131nda \u00e7ok \u00f6nemli bir kavram oldu\u011funu dile getirdi.<!--more--><\/p>\n<p style=\"text-align: justify;\">Eskiden sava\u015flar\u0131n topla, t\u00fcfekle yap\u0131ld\u0131\u011f\u0131n\u0131, \u015fimdi ise topun t\u00fcfe\u011fin i\u015fe yaramad\u0131\u011f\u0131n\u0131, art\u0131k sanal silahlarla sava\u015f\u0131n ger\u00e7ekle\u015ftirildi\u011fini belirten Bakan Y\u0131ld\u0131r\u0131m, 1990 y\u0131l\u0131nda ABD&#8217;nin Irak&#8217;\u0131 i\u015fgal etmeye \u00e7al\u0131\u015ft\u0131\u011f\u0131n\u0131, ancak \u201cy\u00fcz\u00fcne g\u00f6z\u00fcne bula\u015ft\u0131rd\u0131\u011f\u0131n\u0131\u201d anlatt\u0131. 2003 y\u0131l\u0131ndaki i\u015fgal giri\u015fiminin ise 2-3 saat i\u00e7inde bitti\u011fini ifade eden Bakan Y\u0131ld\u0131r\u0131m, bunun nedenin, savunma alt yap\u0131s\u0131na yap\u0131lan sald\u0131r\u0131lar sonucu Irakl\u0131 askerlere evlerine gitmeleri y\u00f6n\u00fcnde sahte talimatlar\u0131n verilmesi oldu\u011funu s\u00f6yledi.<\/p>\n<p style=\"text-align: justify;\">\u201cEskiden delikli demir \u00e7\u0131kt\u0131 mertlik bozuldu derdik, \u015fimdi internet \u00e7\u0131kt\u0131, hem mertlik bozuldu hem g\u00fcvenlik yok oldu\u201d diyen Bakan Y\u0131ld\u0131r\u0131m, internetin asl\u0131nda \u00e7ok yeni olmad\u0131\u011f\u0131n\u0131 ilk bulunu\u015funun 1969 y\u0131l\u0131na dayand\u0131\u011f\u0131n\u0131 kaydetti. O d\u00f6nemlerde kimsenin internetten bahsetmedi\u011fini, herkesin ABD&#8217;nin aya \u00e7\u0131k\u0131\u015f\u0131n\u0131 konu\u015ftu\u011funu belirten Y\u0131ld\u0131r\u0131m, bug\u00fcn ise internetin hayat\u0131n her alan\u0131na girdi\u011fini dile getirdi.<\/p>\n<p style=\"text-align: justify;\">Bakanl\u0131k olarak T\u00fcrkiye&#8217;nin bili\u015fim alt yap\u0131s\u0131n\u0131 g\u00fc\u00e7lenmesinden sorumlu olduklar\u0131n\u0131 anlatan Y\u0131ld\u0131r\u0131m, T\u00fcrkiye&#8217;nin bilgi toplumuna d\u00f6n\u00fc\u015fmesi i\u00e7in i\u015fe okullardan ba\u015flad\u0131klar\u0131n\u0131, bili\u015fim i\u015finin gen\u00e7lerin daha kolay uyum sa\u011flad\u0131\u011f\u0131 bir i\u015f oldu\u011funu s\u00f6yledi. Bu anlamda T\u00fcrkiye&#8217;nin gen\u00e7 n\u00fcfusu nedeniyle b\u00fcy\u00fck bir avantaja sahip oldu\u011funu anlatan Bakan Y\u0131ld\u0131r\u0131m, Avrupa&#8217;da ya\u015fl\u0131 n\u00fcfusu nedeniyle internet kullan\u0131m oran\u0131n\u0131n y\u00fczde 65&#8217;te t\u0131kand\u0131\u011f\u0131na i\u015faret etti. Bakan Y\u0131ld\u0131r\u0131m, Avrupa&#8217;da \u00fclkelerin bunu a\u015fmak i\u00e7in \u00e7\u00f6z\u00fcmler \u00fcretmeye \u00e7al\u0131\u015ft\u0131\u011f\u0131n\u0131, internet kullan\u0131m\u0131n\u0131 kolayla\u015ft\u0131racak cihazlar geli\u015ftirmeye \u00e7al\u0131\u015ft\u0131klar\u0131n\u0131 belirtti. Bir ilac\u0131n tedavi \u00f6zelli\u011finin yan\u0131 s\u0131ra yan etkilerinin de bulundu\u011funu anlatan Y\u0131ld\u0131r\u0131m, internetin de ila\u00e7 gibi olumlu yanlar\u0131n\u0131n yan\u0131 s\u0131ra olumsuz yan etkileri bulundu\u011funa i\u015faret etti. Bu etkilerin azalt\u0131lmas\u0131 gerekti\u011fine belirten Y\u0131ld\u0131r\u0131m, bunun sadece yasal d\u00fczenlemelerle yap\u0131lamayaca\u011f\u0131n\u0131, fark\u0131ndal\u0131\u011f\u0131n da artmas\u0131 gerekti\u011fini kaydetti. Siber sald\u0131r\u0131 yap\u0131lan yer ile sald\u0131r\u0131ya maruz kalan yer aras\u0131nda hukuk ge\u00e7i\u015fleri bulundu\u011funa dikkati \u00e7eken Y\u0131ld\u0131r\u0131m, sald\u0131r\u0131n\u0131n farkl\u0131 bir \u00fclkelerden ger\u00e7ekle\u015ftirilebildi\u011fini, bu nedenle siber su\u00e7larla m\u00fccadele i\u00e7in uluslararas\u0131 hukuksal alt yap\u0131n\u0131n sa\u011flanmas\u0131 gerekti\u011fini belirtti.<\/p>\n<p style=\"text-align: justify;\">Hayat\u0131n her alan\u0131nda g\u00fcn ge\u00e7tik\u00e7e artan internet kullan\u0131m\u0131n ba\u011fl\u0131 olarak siber su\u00e7lar\u0131n da artt\u0131\u011f\u0131na i\u015faret eden Y\u0131ld\u0131r\u0131m, ekonomik her 4 su\u00e7tan 1&#8217;inin sanal ortamda i\u015flendi\u011fini s\u00f6yledi. Y\u0131ld\u0131r\u0131m, son 2 y\u0131lda sanal ortamda i\u015flenene ekonomik su\u00e7larda y\u00fczde 13 art\u0131\u015f oldu\u011funa dikkati \u00e7ekti. Bunu yan\u0131 s\u0131ra siber ortamda bir \u00e7ok su\u00e7 t\u00fcr\u00fcn\u00fcn ortaya \u00e7\u0131kmaya devam edece\u011fini alt\u0131n\u0131 \u00e7izen Y\u0131ld\u0131r\u0131m, bu alan\u0131n kendi hukuksal d\u00fczenlemesini olu\u015fturmas\u0131 gerekti\u011fini belirtti. Bir s\u00fcre \u00f6nce Antalya&#8217;da bir k\u0131z\u0131n, sosyal payla\u015f\u0131m sitesinde ya\u015fad\u0131klar\u0131 nedeniyle intihar etti\u011fini, bir ka\u00e7 y\u0131l \u00f6nce de Bursa&#8217;da internet yoluyla \u00e7ocuklar\u0131n istismar\u0131 sonucunda T\u00fcrkiye&#8217;de olu\u015fan infiali hat\u0131rlatan Bakan Y\u0131ld\u0131r\u0131m, Bursa&#8217;daki olaydan sonra Bakanl\u0131k olarak, hemen bir d\u00fczenleme yapt\u0131klar\u0131n\u0131 ve bunun siber su\u00e7larla ilgili ilk d\u00fczenleme oldu\u011funu kaydetti.<\/p>\n<p style=\"text-align: justify;\"><strong>&#8216;M\u00fccadele su\u00e7 olu\u015fmadan yap\u0131lmal\u0131&#8217;\u00a0<\/strong><\/p>\n<p style=\"text-align: justify;\">Uzmanlar\u0131n, bili\u015fim su\u00e7lar\u0131yla m\u00fccadelenin, su\u00e7 olu\u015fmadan \u00f6nce yap\u0131lmas\u0131 gerekti\u011fine i\u015faret ettiklerini ifade eden Y\u0131ld\u0131r\u0131m, aksi takdirde ma\u011fduriyetin giderilmesinin m\u00fcmk\u00fcn olmad\u0131\u011f\u0131n\u0131, \u00e7\u00fcnk\u00fc internette fiilin \u00e7ok h\u0131zl\u0131 yay\u0131ld\u0131\u011f\u0131n\u0131, ceza vermenin de ma\u011fduriyeti gideremedi\u011fini anlatt\u0131. Bu nedenle uluslararas\u0131 i\u015fbirli\u011finin \u015fart oldu\u011funu belirten Bakan Y\u0131ld\u0131r\u0131m, ulusal d\u00fczeyde \u00e7al\u0131\u015fmalar\u0131n da devam etti\u011fini bildirdi. 48 \u00fclkenin imza koydu\u011fu Siber Su\u00e7larla M\u00fccadele S\u00f6zle\u015fmesini T\u00fcrkiye olarak ge\u00e7en sene imzalad\u0131klar\u0131n\u0131 hat\u0131rlatan Y\u0131ld\u0131r\u0131m, TBMM onaylad\u0131ktan sonra s\u00f6zle\u015fmenin y\u00fcr\u00fcrl\u00fc\u011fe girece\u011fini, bunun da s\u00f6zle\u015fmeye imza koyan \u00fclkelerle adli i\u015fbirli\u011fi anlam\u0131na geldi\u011fini kaydetti.<\/p>\n<p style=\"text-align: justify;\">Bakanl\u0131k \u00f6nc\u00fcl\u00fc\u011f\u00fcnde siber g\u00fcvenlikle ilgili bir\u00e7ok \u00e7al\u0131\u015fma ger\u00e7ekle\u015ftirildi\u011fini belirten Y\u0131ld\u0131r\u0131m, Elektronik Haberle\u015fme Kanunu&#8217;nda kapsaml\u0131 bir d\u00fczenleme yap\u0131ld\u0131\u011f\u0131n\u0131 hat\u0131rlatt\u0131. Y\u0131ld\u0131r\u0131m, T\u00fcrkiye&#8217;nin Elektronik \u0130mza Kanunu&#8217;nu \u00e7\u0131karan d\u00fcnyada \u00f6nc\u00fc \u00fclkelerden biri oldu\u011funu ifade etti. Bili\u015fimin asl\u0131nda demokrasiyi geli\u015ftiren, \u015feffafl\u0131\u011f\u0131 art\u0131ran, hesap verilebilirli\u011fi daha fazla hale getiren bir alan oldu\u011funu dile getiren Bakan Y\u0131ld\u0131r\u0131m, buna kar\u015f\u0131l\u0131k sanal ortamda savunmas\u0131z kal\u0131nd\u0131\u011f\u0131nda her t\u00fcrl\u00fc tehdide, hatta \u00fclke savunmas\u0131n\u0131 \u00e7\u00f6kertecek tehditlere bile maruz kal\u0131nabildi\u011fine dikkati \u00e7ekti. Bug\u00fcne kadar acil ihtiya\u00e7lara y\u00f6nelik d\u00fczenlemeler yapt\u0131klar\u0131n\u0131, bunun s\u00fcrd\u00fcr\u00fclebilir bir tedbir olmad\u0131\u011f\u0131n\u0131 belirten Bakan Y\u0131ld\u0131r\u0131m, \u201cBili\u015fim su\u00e7lar\u0131yla ilgili m\u00fcstakil bir hukuk sistemini mutlaka olu\u015fturmal\u0131y\u0131z\u201d dedi. Bunun yeterli olmayaca\u011f\u0131n\u0131 ifade eden Y\u0131ld\u0131r\u0131m, uluslararas\u0131 d\u00fczeyde de yap\u0131lmas\u0131 gereken \u00e7ok i\u015f oldu\u011funu s\u00f6yledi.<\/p>\n<p style=\"text-align: justify;\"><strong>&#8216;2-3 sene i\u00e7erisinde IPV6&#8217;e ge\u00e7i\u015fin ba\u015far\u0131yla yap\u0131lacak&#8217;\u00a0<\/strong><\/p>\n<p style=\"text-align: justify;\">Bu konudaki uluslararas\u0131 faaliyetleri yak\u0131ndan izlediklerini belirten Y\u0131ld\u0131r\u0131m, IPV6 sistemini en \u00f6nce kurumlara duyuran bakanl\u0131\u011f\u0131n kendileri oldu\u011funu s\u00f6yledi. \u00c7ok say\u0131da internet kullan\u0131c\u0131s\u0131 bulundu\u011funu, mevcut alan adlar\u0131n\u0131n yeti\u015fmedi\u011fini belirten Y\u0131ld\u0131r\u0131m, 2-3 sene i\u00e7erisinde IPV6&#8217;e ge\u00e7i\u015fin ba\u015far\u0131yla yap\u0131laca\u011f\u0131n\u0131 bu konuda sorun kalmayaca\u011f\u0131n\u0131 bildirdi. \u0130nternet adreslerinde bulunan, \u201ccom, gov, net\u201d gibi uzant\u0131lar\u0131n say\u0131s\u0131n\u0131n 22 oldu\u011funu hat\u0131rlatan Y\u0131ld\u0131r\u0131m, ICAN&#8217;in ald\u0131\u011f\u0131 karar gere\u011fi bu uzant\u0131lar\u0131n serbest hale getirildi\u011fini, art\u0131k isteyeninin istedi\u011fi uzant\u0131y\u0131 kullanabilece\u011fini kaydetti. Y\u0131ld\u0131r\u0131m, \u201cBu uzant\u0131lar\u0131n say\u0131 s\u0131n\u0131rlamas\u0131n\u0131 kald\u0131rd\u0131lar, art\u0131k her\u015fey olabilir. \u0130sterseniz k\u0131zl\u0131k soyad\u0131n\u0131z\u0131 koyars\u0131n\u0131z, isterseniz en sevdi\u011finiz yeme\u011fin ad\u0131n\u0131. Bu \u00e7ok b\u00fcy\u00fck bir se\u00e7enek gibi g\u00f6r\u00fcn\u00fcyor, ama bunun ard\u0131nda \u00f6yle b\u00fcy\u00fck tehditler var ki, hayat\u0131n\u0131z\u0131 bile sonland\u0131rabilir. Sizin haberiniz olmadan bir alan ad\u0131 se\u00e7ip sizin her \u015feyinizi darmada\u011f\u0131n edebilirler. Bu tehditleri g\u00f6rmek laz\u0131m. En b\u00fcy\u00fck tehdit fark\u0131ndal\u0131\u011f\u0131n ge\u00e7 olu\u015fmas\u0131d\u0131r. Bu tehditlere kar\u015f\u0131 siber g\u00fcvenlik alt yap\u0131m\u0131z\u0131 geli\u015ftirece\u011fiz. Bunun i\u00e7in yasal d\u00fczenleme laz\u0131m, fark\u0131ndal\u0131k laz\u0131m, tatbikat laz\u0131m\u201d diye konu\u015ftu.<\/p>\n<p style=\"text-align: justify;\">Bilgi Teknolojileri ve \u0130leti\u015fim Kurumu Ba\u015fkan\u0131 Tayfun Acarer, ba\u015fta ekonomi olmak \u00fczere bir \u00e7ok alanda bili\u015fiminin \u00f6neminin giderek artt\u0131\u011f\u0131n\u0131 belirtti. D\u00fcnyada art\u0131k s\u0131cak sava\u015f senaryolar\u0131n\u0131n yerini kritik alt yap\u0131lara siber sald\u0131r\u0131lar\u0131n ald\u0131\u011f\u0131n\u0131 ifade eden Acarer, sald\u0131r\u0131lar\u0131n art\u0131k \u00e7ok az maliyetlerle yap\u0131ld\u0131\u011f\u0131n\u0131, zarar\u0131n ise \u00e7ok b\u00fcy\u00fck oldu\u011funu kaydetti. B\u0130r truva at\u0131n\u0131n bir sava\u015f u\u00e7a\u011f\u0131ndan daha fazla zarar verdi\u011fine dikkati \u00e7eken Acarer, d\u00fcnya \u00fczerinde bunun bir \u00e7ok \u00f6rne\u011fi bulundu\u011funu ifade etti. Bug\u00fcn itibar\u0131yla T\u00fcrkiye&#8217;de geni\u015fbant abone say\u0131s\u0131n\u0131n 16,2 milyona ula\u015ft\u0131\u011f\u0131n\u0131 bunun 45 milyon kullan\u0131c\u0131 anlam\u0131na geldi\u011fini belirten Acarer, bu oran\u0131n 2011 y\u0131l\u0131nda y\u00fczde 95 art\u0131\u015f g\u00f6sterdi\u011fini ifade etti. T\u00fcrkiye&#8217;nin Avrupa&#8217;da interneti en \u00e7ok kullanan \u00fclke konumunda oldu\u011funu dile getiren Acarer, geni\u015fbant internet eri\u015fim sahipli\u011fi a\u00e7\u0131s\u0131ndan bak\u0131ld\u0131\u011f\u0131nda oran\u0131n AB 15&#8217;te y\u00fczde 88, AB 25&#8217;te y\u00fczde 86 iken T\u00fcrkiye&#8217;de bu oran\u0131n y\u00fczde 91 oldu\u011funu bildirdi. e- ticaretin T\u00fcrkiye&#8217;de giderek artt\u0131\u011f\u0131na dikkati \u00e7eken<\/p>\n<p style=\"text-align: justify;\">Acarer, 2010 y\u0131l\u0131nda 15 milyar lira iken, 2011&#8217;de y\u00fczde 45 artarak 21 milyar liraya \u00e7\u0131kt\u0131\u011f\u0131n\u0131, bu y\u0131l \u00e7ok daha fazla olaca\u011f\u0131n\u0131 bekledi\u011fini s\u00f6yledi.<\/p>\n<p style=\"text-align: justify;\">Acarer, Nisan ay\u0131nda bir, 2012 y\u0131l\u0131 sonuna do\u011fru da bir tane olmak \u00fczere bu sene 2 tane siber g\u00fcvenlik tatbikat\u0131 uygulamay\u0131 planlad\u0131klar\u0131n\u0131 bildirdi. T\u00fcm kurulu\u015flar\u0131 bu tatbikatlara kat\u0131lmaya davet eden Acarer, bir ara\u015ft\u0131rmaya g\u00f6re, 2011 y\u0131l\u0131nda 2010 y\u0131l\u0131na g\u00f6re, siber sald\u0131r\u0131lar\u0131n a\u00e7t\u0131\u011f\u0131 zarar\u0131n y\u00fczde 56 art\u0131\u015f g\u00f6sterdi\u011fini belirtti.<\/p>\n<p style=\"text-align: justify;\">Bilgi G\u00fcvenli\u011fi Derne\u011fi Ba\u015fkan\u0131 Mustafa Alkan da Siber G\u00fcvenlik Yasa Tasar\u0131s\u0131 ile Ki\u015fisel Bilgilerin Korunmas\u0131 Yasa Tasar\u0131s\u0131n\u0131n hayata ge\u00e7irilmesiyle bu alandaki bo\u015flu\u011fun giderilece\u011fini belirtti. T\u00fcrkiye Barolar Birli\u011fi Ba\u015fkan Yard\u0131mc\u0131s\u0131 Berra Besler de T\u00fcrkiye&#8217;nin siber su\u00e7larla ilgili m\u00fccadelesi i\u00e7in yasal bo\u015fluklar\u0131n giderilmesi gerekti\u011fine i\u015faret ederek, yeni bir m\u00fcstakil yasal d\u00fczenleme i\u00e7in h\u00fck\u00fcmetin \u00e7al\u0131\u015fmalara ba\u015flad\u0131\u011f\u0131n\u0131, bunun \u00e7ok sevindirici oldu\u011funu s\u00f6yledi.<\/p>\n<p style=\"text-align: justify;\"><a href=\"http:\/\/www.t24.com.tr\/binali-yildirim-internet-cikti-mertlik-bozuldu\/haber\/194129.aspx\" target=\"_blank\">Kaynak : T24<\/a><\/p>\n","protected":false},"excerpt":{"rendered":"<p style=\"text-align: center;\">\n<p style=\"text-align: justify;\">Ula\u015ft\u0131rma, Denizcilik ve Haberle\u015fme Bakan\u0131 Binali Y\u0131ld\u0131r\u0131m, T\u00fcrkiye&#8217;de bili\u015fim su\u00e7lar\u0131yla ilgili m\u00fcstakil bir hukuk sisteminin mutlaka olu\u015fturulmas\u0131 gerekti\u011fini belirtti.<\/p>\n<p style=\"text-align: justify;\">Bakan Y\u0131ld\u0131r\u0131m, Ula\u015ft\u0131rma, Denizcilik ve Haberle\u015fme Bakanl\u0131\u011f\u0131, T\u00fcrkiye Barolar Birli\u011fi ve Bilgi G\u00fcvenli\u011fi Derne\u011fince Litai Otel&#8217;de ortakla\u015fa d\u00fczenlenen Siber G\u00fcvenlik Hukuk \u00c7al\u0131\u015ftay\u0131&#8217;n\u0131n a\u00e7\u0131l\u0131\u015f\u0131nda yapt\u0131\u011f\u0131 konu\u015fmada, siber g\u00fcvenli\u011fin, bilgi ve <\/p>\n","protected":false},"author":1,"featured_media":0,"comment_status":"open","ping_status":"open","sticky":false,"template":"","format":"standard","meta":{"footnotes":""},"categories":[105],"tags":[228],"class_list":["post-47853","post","type-post","status-publish","format-standard","hentry","category-gundem","tag-binali-yildirim","odd"],"_links":{"self":[{"href":"http:\/\/www.korhanyilmaz.com\/index.php?rest_route=\/wp\/v2\/posts\/47853","targetHints":{"allow":["GET"]}}],"collection":[{"href":"http:\/\/www.korhanyilmaz.com\/index.php?rest_route=\/wp\/v2\/posts"}],"about":[{"href":"http:\/\/www.korhanyilmaz.com\/index.php?rest_route=\/wp\/v2\/types\/post"}],"author":[{"embeddable":true,"href":"http:\/\/www.korhanyilmaz.com\/index.php?rest_route=\/wp\/v2\/users\/1"}],"replies":[{"embeddable":true,"href":"http:\/\/www.korhanyilmaz.com\/index.php?rest_route=%2Fwp%2Fv2%2Fcomments&post=47853"}],"version-history":[{"count":0,"href":"http:\/\/www.korhanyilmaz.com\/index.php?rest_route=\/wp\/v2\/posts\/47853\/revisions"}],"wp:attachment":[{"href":"http:\/\/www.korhanyilmaz.com\/index.php?rest_route=%2Fwp%2Fv2%2Fmedia&parent=47853"}],"wp:term":[{"taxonomy":"category","embeddable":true,"href":"http:\/\/www.korhanyilmaz.com\/index.php?rest_route=%2Fwp%2Fv2%2Fcategories&post=47853"},{"taxonomy":"post_tag","embeddable":true,"href":"http:\/\/www.korhanyilmaz.com\/index.php?rest_route=%2Fwp%2Fv2%2Ftags&post=47853"}],"curies":[{"name":"wp","href":"https:\/\/api.w.org\/{rel}","templated":true}]}}