{"id":47845,"date":"2012-01-26T12:43:04","date_gmt":"2012-01-26T10:43:04","guid":{"rendered":"http:\/\/www.korhanyilmaz.com\/?p=47845"},"modified":"2012-01-26T13:46:03","modified_gmt":"2012-01-26T11:46:03","slug":"paralarin-kontrolu-veli-kucukteydi","status":"publish","type":"post","link":"http:\/\/www.korhanyilmaz.com\/?p=47845","title":{"rendered":"Paralar\u0131n kontrol\u00fc Veli K\u00fc\u00e7\u00fck&#8217;teydi"},"content":{"rendered":"<p style=\"text-align: center;\"><a href=\"http:\/\/www.korhanyilmaz.com\/wp-content\/uploads\/2012\/01\/9496.jpg\"  class=\"lightview\"><img loading=\"lazy\" decoding=\"async\" class=\"aligncenter  wp-image-47846\" src=\"http:\/\/www.korhanyilmaz.com\/wp-content\/uploads\/2012\/01\/9496.jpg\" alt=\"\" width=\"333\" height=\"191\" \/><\/a><\/p>\n<p style=\"text-align: justify;\">Ergenekon davas\u0131n\u0131n gizli tan\u0131\u011f\u0131 Poyraz 213. duru\u015fmada hakimin sorular\u0131n\u0131 yan\u0131tlad\u0131. Gizli tan\u0131k &#8220;Pekerin talimat\u0131yla haz\u0131rlanan paralar\u0131n kontorl\u00fc Veli K\u00fc\u00e7\u00fck&#8217;teydi&#8221; dedi.<\/p>\n<p style=\"text-align: justify;\">\u0130STANBUL &#8211; Ergenekon davas\u0131n\u0131n gizli tan\u0131\u011f\u0131 Poyraz, cezaevinde bulunanlara da\u011f\u0131t\u0131lan paralar\u0131n kontrol\u00fcn\u00fcn emekli Tu\u011fgeneral Veli K\u00fc\u00e7\u00fck&#8217;te oldu\u011funu s\u00f6yledi.<!--more--><\/p>\n<p style=\"text-align: justify;\">Gizli tan\u0131k, hakimin &#8216;Paralar\u0131n nas\u0131l da\u011f\u0131t\u0131ld\u0131\u011f\u0131na&#8217; y\u00f6nelik sorusuna ise &#8220;Sedat Peker bir ki\u015finin ne kadar masraf\u0131 oldu\u011funu hesaplar ona g\u00f6re haftal\u0131k verirdi. Paralar\u0131n kime gitti\u011fini bilmiyorum ama kontrol\u00fc Veli K\u00fc\u00e7\u00fck&#8217;teydi&#8221; \u015feklinde cevap verdi.<\/p>\n<p style=\"text-align: justify;\"><strong>Birinci &#8221;Ergenekon&#8221; davas\u0131n\u0131n 213. duru\u015fmas\u0131 ba\u015flad\u0131.<\/strong><\/p>\n<p style=\"text-align: justify;\">\u0130stanbul 13. A\u011f\u0131r Ceza Mahkemesince, Silivri Ceza \u0130nfaz Kurumlar\u0131 Yerle\u015fkesi&#8217;ndeki b\u00fcy\u00fck salonda yap\u0131lan duru\u015fmaya, emekli Tu\u011fgeneral Veli K\u00fc\u00e7\u00fck, emekli Y\u00fczba\u015f\u0131 Muzaffer Tekin ve \u0130\u015f\u00e7i Partisi (\u0130P) Genel Ba\u015fkan\u0131 Do\u011fu Perin\u00e7ek&#8217;in de aralar\u0131nda bulundu\u011fu 18 tutuklu san\u0131k kat\u0131ld\u0131.<\/p>\n<p style=\"text-align: justify;\">Bu davadan tutuksuz yarg\u0131lanan ba\u015fka su\u00e7tan tutuklu Semih Tufan G\u00fclaltay ile ba\u015fka su\u00e7tan h\u00fck\u00fcml\u00fc Sedat Peker de duru\u015fmada haz\u0131r bulundu.<\/p>\n<p style=\"text-align: justify;\">Tutuklu san\u0131klar Alparslan Arslan, Hayrettin Ertekin, Seyhun Zayim, Zekeriya \u00d6zt\u00fcrk, Erg\u00fcn Poyraz ve Mehmet Fikri Karada\u011f ile men cezas\u0131 verilen Bedirhan \u015einal, \u0130smail Sa\u011f\u0131r, Erhan Timuro\u011flu, \u00d6zkan Kurt ve Osman Y\u0131ld\u0131r\u0131m ise duru\u015fmaya gelmedi.<\/p>\n<p style=\"text-align: justify;\">Duru\u015fmada, sal\u0131 g\u00fcn\u00fc yap\u0131lan oturumda kendi iste\u011fi \u00fczerine sesi ve g\u00f6r\u00fcnt\u00fcs\u00fc gizli tan\u0131k odas\u0131ndan bozulmadan salona yans\u0131t\u0131lan gizli tan\u0131k &#8221;Poyraz&#8221;, \u00fcye hakim Nihat Topal&#8217;\u0131n sorular\u0131n\u0131 yan\u0131tlad\u0131.<\/p>\n<p style=\"text-align: justify;\"><strong>TAL\u0130MAT PEKER&#8217;DEN<\/strong><\/p>\n<p style=\"text-align: justify;\">Gizli tan\u0131k, &#8221;Peker&#8217;in talimat\u0131yla cezaevine d\u00fc\u015fen arkada\u015flara, ailesine ve evine yard\u0131m yap\u0131l\u0131yordu. Zarflar haz\u0131rlan\u0131r, o zaman kim g\u00f6revliyse da\u011f\u0131t\u0131m\u0131 o yapard\u0131&#8221; dedi.<\/p>\n<p style=\"text-align: justify;\">Hakim Topal&#8217;\u0131n &#8221;Sizin bulundu\u011funuz d\u00f6nemde elde edilen gelirler ne \u015fekilde payla\u015f\u0131l\u0131yordu?&#8221; sorusuna gizli tan\u0131k, &#8221;Payla\u015f\u0131m yok. Sedat Peker, ki\u015finin bir haftal\u0131k harcayaca\u011f\u0131 paray\u0131 hesaplar, ona g\u00f6re haftal\u0131k verirdi&#8221; \u015feklinde yan\u0131t verdi.<\/p>\n<p style=\"text-align: justify;\"><strong>PARALAR NEREDEN TEM\u0130N ED\u0130L\u0130YORDU?<\/strong><\/p>\n<p style=\"text-align: justify;\">Gizli tan\u0131\u011f\u0131n &#8221;Veli K\u00fc\u00e7\u00fck&#8217;\u00fcn Kocaeli Jandarma Alay Komutan\u0131 oldu\u011fu d\u00f6nemde, Peker&#8217;in i\u00e7inde para bulunan spor \u00e7anta ile alaya gitti\u011fi&#8221; \u015feklindeki iddialar\u0131n\u0131 an\u0131msatan hakim Topal, bu paralar\u0131n nereden temin edildi\u011fini sordu.<\/p>\n<p style=\"text-align: justify;\">Al\u0131nan ihalelerden kazan\u0131lan paralar\u0131n Sedat Peker&#8217;e gitti\u011fini ifade eden gizli tan\u0131k, &#8221;Peker \u00f6nce rapor haz\u0131rlar, para bagaja konulurdu. \u0130zmit&#8217;e gidiyorduk. Paran\u0131n kime gitti\u011fini bilmiyorum ama kontrol Veli K\u00fc\u00e7\u00fck&#8217;teydi&#8221; diye konu\u015ftu.<\/p>\n<p style=\"text-align: justify;\">Gizli tan\u0131k, Peker&#8217;in Veli K\u00fc\u00e7\u00fck ile g\u00f6r\u00fc\u015fmesinden sonra b\u00fcrosuna \u00e7ekilerek, zarflar\u0131 haz\u0131rlad\u0131\u011f\u0131n\u0131, paran\u0131n da bu \u015fekilde da\u011f\u0131t\u0131ld\u0131\u011f\u0131n\u0131 s\u00f6yledi.<\/p>\n<p style=\"text-align: justify;\"><strong>V\u0130LLADA SORGULAMA<\/strong><\/p>\n<p style=\"text-align: justify;\">Poyraz&#8217;\u0131n, &#8221;Sedat Peker&#8217;in Bayramo\u011flu&#8217;ndaki villay\u0131 Veli K\u00fc\u00e7\u00fck ile tan\u0131\u015ft\u0131ktan sonra ald\u0131\u011f\u0131&#8221; \u015feklindeki iddialar\u0131n\u0131 hat\u0131rlatan Topal, bu villada san\u0131klardan Veli K\u00fc\u00e7\u00fck, Muzaffer Tekin, Mehmet Fikri Karada\u011f&#8217;\u0131n toplant\u0131 yap\u0131p yapmad\u0131\u011f\u0131n\u0131 sordu.<\/p>\n<p style=\"text-align: justify;\">\u0130nsanlar\u0131n sorgulanmak amac\u0131yla bu villaya getirildi\u011fini ifade eden gizli tan\u0131k, &#8221;Bu villada toplant\u0131 yap\u0131ld\u0131\u011f\u0131na \u015fahit olmad\u0131m. Sorgulanmak amac\u0131yla insanlar getirilirdi.<\/p>\n<p style=\"text-align: justify;\">Villa jandarma b\u00f6lgesindeydi. Gebze \u0130stanbul&#8217;un arka bah\u00e7esiydi. Oraya jandarma bak\u0131yordu. Bizim m\u0131nt\u0131kam\u0131z, rahat&#8221; diye yan\u0131tlad\u0131.<\/p>\n<p style=\"text-align: justify;\">Gizli tan\u0131\u011f\u0131n iddialar\u0131 \u00fczerine s\u00f6z alan san\u0131k Sedat Peker de, Bayramo\u011flu&#8217;ndaki villan\u0131n o d\u00f6nemde de, \u015fimdi de polisin b\u00f6lgesinde oldu\u011funu s\u00f6yledi.<\/p>\n<p style=\"text-align: justify;\">Duru\u015fma, Mahkeme Heyeti Ba\u015fkan\u0131 Hasan H\u00fcseyin \u00d6zese&#8217;nin gizli tan\u0131\u011fa sorular\u0131n\u0131 y\u00f6neltmesiyle devam ediyor.<\/p>\n<p style=\"text-align: justify;\"><a href=\"http:\/\/www.ntvmsnbc.com\/id\/25317028\" target=\"_blank\">Kaynak : NTVMSNBC<\/a><\/p>\n","protected":false},"excerpt":{"rendered":"<p style=\"text-align: center;\">\n<p style=\"text-align: justify;\">Ergenekon davas\u0131n\u0131n gizli tan\u0131\u011f\u0131 Poyraz 213. duru\u015fmada hakimin sorular\u0131n\u0131 yan\u0131tlad\u0131. Gizli tan\u0131k &#8220;Pekerin talimat\u0131yla haz\u0131rlanan paralar\u0131n kontorl\u00fc Veli K\u00fc\u00e7\u00fck&#8217;teydi&#8221; dedi.<\/p>\n<p style=\"text-align: justify;\">\u0130STANBUL &#8211; Ergenekon davas\u0131n\u0131n gizli tan\u0131\u011f\u0131 Poyraz, cezaevinde bulunanlara da\u011f\u0131t\u0131lan paralar\u0131n kontrol\u00fcn\u00fcn emekli Tu\u011fgeneral Veli K\u00fc\u00e7\u00fck&#8217;te oldu\u011funu s\u00f6yledi.<\/p>\n","protected":false},"author":1,"featured_media":0,"comment_status":"open","ping_status":"open","sticky":false,"template":"","format":"standard","meta":{"footnotes":""},"categories":[105],"tags":[],"class_list":["post-47845","post","type-post","status-publish","format-standard","hentry","category-gundem","odd"],"_links":{"self":[{"href":"http:\/\/www.korhanyilmaz.com\/index.php?rest_route=\/wp\/v2\/posts\/47845","targetHints":{"allow":["GET"]}}],"collection":[{"href":"http:\/\/www.korhanyilmaz.com\/index.php?rest_route=\/wp\/v2\/posts"}],"about":[{"href":"http:\/\/www.korhanyilmaz.com\/index.php?rest_route=\/wp\/v2\/types\/post"}],"author":[{"embeddable":true,"href":"http:\/\/www.korhanyilmaz.com\/index.php?rest_route=\/wp\/v2\/users\/1"}],"replies":[{"embeddable":true,"href":"http:\/\/www.korhanyilmaz.com\/index.php?rest_route=%2Fwp%2Fv2%2Fcomments&post=47845"}],"version-history":[{"count":0,"href":"http:\/\/www.korhanyilmaz.com\/index.php?rest_route=\/wp\/v2\/posts\/47845\/revisions"}],"wp:attachment":[{"href":"http:\/\/www.korhanyilmaz.com\/index.php?rest_route=%2Fwp%2Fv2%2Fmedia&parent=47845"}],"wp:term":[{"taxonomy":"category","embeddable":true,"href":"http:\/\/www.korhanyilmaz.com\/index.php?rest_route=%2Fwp%2Fv2%2Fcategories&post=47845"},{"taxonomy":"post_tag","embeddable":true,"href":"http:\/\/www.korhanyilmaz.com\/index.php?rest_route=%2Fwp%2Fv2%2Ftags&post=47845"}],"curies":[{"name":"wp","href":"https:\/\/api.w.org\/{rel}","templated":true}]}}