{"id":47840,"date":"2012-01-26T10:06:35","date_gmt":"2012-01-26T08:06:35","guid":{"rendered":"http:\/\/www.korhanyilmaz.com\/?p=47840"},"modified":"2012-01-26T13:33:13","modified_gmt":"2012-01-26T11:33:13","slug":"turk-futbolunun-kaderi-ciziliyor","status":"publish","type":"post","link":"http:\/\/www.korhanyilmaz.com\/?p=47840","title":{"rendered":"T\u00fcrk futbolunun kaderi \u00e7iziliyor"},"content":{"rendered":"<p style=\"text-align: center;\"><a href=\"http:\/\/www.korhanyilmaz.com\/wp-content\/uploads\/2012\/01\/9495.jpg\"  class=\"lightview\"><img loading=\"lazy\" decoding=\"async\" class=\"aligncenter  wp-image-47841\" src=\"http:\/\/www.korhanyilmaz.com\/wp-content\/uploads\/2012\/01\/9495.jpg\" alt=\"\" width=\"377\" height=\"210\" \/><\/a><\/p>\n<p style=\"text-align: justify;\">58. madde tart\u0131\u015fmalar\u0131yla ilgili olarak art\u0131k t\u00fcm g\u00f6zler Ankara&#8217;da yap\u0131lan Ola\u011fan\u00fcst\u00fc Genel Kurul&#8217;a \u00e7evrildi. T\u00fcrk futbol tarihinin en kritik kararlar\u0131ndan birine bug\u00fcn imza at\u0131lacak.<\/p>\n<p style=\"text-align: justify;\">289 delegenin oy kullanmak \u00fczere otele geldi\u011fi belirtiliyor.<\/p>\n<p style=\"text-align: justify;\">Genel Kurul \u00f6ncesi \u00f6nerge krizi ya\u015fan\u0131yor&#8230;<\/p>\n<p style=\"text-align: justify;\">Saat 12:00&#8217;te toplant\u0131ya 1 saat ara verildi\u011fi bildirildi.<!--more--><\/p>\n<p style=\"text-align: justify;\">T\u00fcrk futbol tarihinin en \u00f6nemli kararlar\u0131ndan birinin al\u0131naca\u011f\u0131 ve aylard\u0131r tart\u0131\u015f\u0131lan 58.maddenin g\u00f6r\u00fc\u015f\u00fclece\u011fi T\u00fcrkiye Futbol Federasyonu Ola\u011fan\u00fcst\u00fc Genel Kurulu, Ankara Sheraton Oteli&#8217;nde yap\u0131l\u0131yor. Genel Kurul \u00f6ncesi \u00f6nerge krizi ya\u015fan\u0131yor.<\/p>\n<p style=\"text-align: justify;\">D\u00fcn geceden beri devam eden toplant\u0131larda TFF ve Kul\u00fcpler aras\u0131nda fikir birli\u011fine var\u0131lamad\u0131&#8230; TFF Ba\u015fkan\u0131 Ayd\u0131nlar ve Y\u00f6netimi; Bank Asya, 2. lig ve 3. lig kul\u00fcpleriyle yapt\u0131\u011f\u0131 g\u00f6r\u00fc\u015fmelerde bir sonu\u00e7 alamad\u0131&#8230; Bu kul\u00fcplerin %70&#8217;inin ret oyu kullanacaklar\u0131 \u00f6\u011frenildi.<\/p>\n<p style=\"text-align: justify;\">TFF Y\u00f6netim Kurulu haz\u0131rlam\u0131\u015f oldu\u011fu divan \u00f6nergesini ve konu\u015fmac\u0131lar\u0131n s\u00fcrelerini yaz\u0131l\u0131 olarak delegelere imzalatmak istedi. Delegeler olu\u015fturulacak olan divana &#8216;evet&#8217; derken s\u00fcre ve ki\u015fi say\u0131s\u0131na itiraz etti. Delegeler, TFF Y\u00f6netiminine &#8220;Bizi \u00e7a\u011f\u0131ran sizsiniz ama niye konu\u015fmam\u0131za izin vermiyorsunuz, veya k\u0131s\u0131tl\u0131 s\u00fcre veriyorsunuz&#8221; diyerek hay\u0131fland\u0131lar.<\/p>\n<p style=\"text-align: justify;\">Bu geli\u015fmeler ya\u015fan\u0131rken, TFF Y\u00f6netimi genel kurulun ba\u015flamas\u0131na 20 dakika kala bu durumu de\u011ferlendiren k\u0131sa bir toplant\u0131 daha yapt\u0131.<\/p>\n<p style=\"text-align: justify;\">\u00d6te yandan bu tarihi kongreyi rekor say\u0131da emniyet birimi koruyor. Otelin g\u00fcvenlik personelinin yan\u0131 s\u0131ra TFF&#8217;nin anla\u015fm\u0131\u015f oldu\u011fu \u00f6zel g\u00fcvenlik firmas\u0131 ve Ankara Emniyeti&#8217;ne ba\u011fl\u0131 mensuplarla toplam 480 emniyet g\u00f6revlisi otel \u00e7evresi ve otel i\u00e7inde \u00f6nemler alm\u0131\u015f durumda&#8230;<\/p>\n<p style=\"text-align: justify;\"><strong>\u00c7o\u011funluk kabul etmedi ama ara verildi\u00a0<\/strong><\/p>\n<p style=\"text-align: justify;\">Genel Kurul&#8217;a aralar\u0131nda \u0130brahim K\u0131z\u0131l, Sadri \u015eener, Kenan Yaral\u0131 gibi isimlerin oldu\u011fu bir grup kul\u00fcp y\u00f6neticisinin talebi \u00fczerine 1 saatlik ara verildi. Divan Kurulu \u00fcyesi Yal\u00e7\u0131n Karadeniz&#8217;in gelen talep \u00fczerine toplant\u0131ya ara verilmesini oylamaya sundu\u011fu, \u00e7o\u011funlu\u011fun ara verilmesini kabul etmemesine ra\u011fmen 1 saatlik aran\u0131n verildi\u011fi g\u00f6zlendi.<\/p>\n<p style=\"text-align: justify;\"><strong>TOPLANTIDAN AYRINTILAR\u00a0<\/strong><\/p>\n<p style=\"text-align: justify;\">&#8211; Divan \u00fcyesi Hasan Yener&#8217;in okudu\u011fu Genel Kurul g\u00fcndemi oy birli\u011fi ile kabul edildi&#8230;<\/p>\n<p style=\"text-align: justify;\">&#8211; Genel Kurul Ba\u015fkanl\u0131k Divan\u0131 \u00dcyesi Yal\u00e7\u0131n Karadeniz \u015funlar\u0131 s\u00f6yledi: T\u00fcrk futbolu derinden sars\u0131lm\u0131\u015f ve kaotik ortama s\u00fcr\u00fcklenmi\u015ftir. TFF hatalara d\u00fc\u015fmemek a\u00e7\u0131s\u0131ndan Genel Kurulumuzu toplant\u0131ya davet etti. TFF buradan g\u00fc\u00e7l\u00fc olarak \u00e7\u0131kacakt\u0131r. Allah&#8217;tan hepimize ba\u015far\u0131lar diliyorum..<\/p>\n<p style=\"text-align: justify;\">&#8211; TFF Ba\u015fkan Vekili Lutfi Ar\u0131bo\u011fan&#8217;\u0131n yapt\u0131\u011f\u0131 a\u00e7\u0131klamaya g\u00f6re Genel Kurul&#8217;a 240 delege kat\u0131ld\u0131.<\/p>\n<p style=\"text-align: justify;\"><strong>T\u00dcRK FUTBOLUNUN KR\u0130T\u0130K G\u00dcN\u00dc\u00a0<\/strong><\/p>\n<p style=\"text-align: justify;\">303 delegenin oy hakk\u0131 bulundu\u011fu ola\u011fan\u00fcst\u00fc genel kurula \u015fu ana kadar 289 ki\u015finin kay\u0131t yapt\u0131rd\u0131\u011f\u0131 \u00f6\u011frenilirken, TFF Eski Ba\u015fkan\u0131 Mahmut \u00d6zgener, genel kurula kat\u0131lmad\u0131. Ayr\u0131ca tarihin en kalabal\u0131k gazeteci ordusu da genel kurulu takip ediyor.<\/p>\n<p style=\"text-align: justify;\">TFF Ba\u015fkan\u0131 Mehmet Ali Ayd\u0131nlar ve ekibinin, Kul\u00fcpler Birli\u011fi ile ayr\u0131 bir salonda toplant\u0131ya girmesi de bu g\u00f6r\u00fc\u015fmenin \u00f6nemini art\u0131r\u0131rken, oylaman\u0131n a\u00e7\u0131k m\u0131 kapal\u0131 yap\u0131laca\u011f\u0131 hen\u00fcz netle\u015fmedi. Kapal\u0131 oylama yap\u0131lmas\u0131 daha b\u00fcy\u00fck bir ihtimal ve salonda 10 adet sand\u0131k haz\u0131r durumda.<\/p>\n<p style=\"text-align: justify;\"><strong>\u0130\u015eTE OY KULLANACAK DELEGELER\u00a0<\/strong><\/p>\n<p style=\"text-align: justify;\">&#8211; Spor Toto S\u00fcper Lig: 126 delege<\/p>\n<p style=\"text-align: justify;\">&#8211; Bank Asya 1. Lig: 36 delege<\/p>\n<p style=\"text-align: justify;\">&#8211; Spor Toto 2. Lig: 34 delege<\/p>\n<p style=\"text-align: justify;\">&#8211; Spor Toto 3. Lig: 57 delege<\/p>\n<p style=\"text-align: justify;\">&#8211; Di\u011fer: 30 delege<\/p>\n<p style=\"text-align: justify;\"><strong>GENEL KURUL G\u00dcNDEM\u0130\u00a0<\/strong><\/p>\n<p style=\"text-align: justify;\">1. Toplant\u0131 \u00e7o\u011funlu\u011funun tutanakla tespiti<\/p>\n<p style=\"text-align: justify;\">2. Toplant\u0131n\u0131n a\u00e7\u0131l\u0131\u015f\u0131<\/p>\n<p style=\"text-align: justify;\">3. Genel Kurul Ba\u015fkanl\u0131k Divan\u0131n\u0131n olu\u015fumu<\/p>\n<p style=\"text-align: justify;\">( 1 Ba\u015fkan, 1 Ba\u015fkan Vekili, 2 \u00dcye Se\u00e7imi )<\/p>\n<p style=\"text-align: justify;\">4. \u0130stikl\u00e2l Mar\u015f\u0131 ve Sayg\u0131 Duru\u015fu<\/p>\n<p style=\"text-align: justify;\">5. Genel Kurul Ba\u015fkanl\u0131k Divan\u0131na toplant\u0131 tutanaklar\u0131n\u0131 imza yetkisi verilmesi<\/p>\n<p style=\"text-align: justify;\">6. Ba\u015fkan\u0131n sunu\u015fu<\/p>\n<p style=\"text-align: justify;\">7. Haklar\u0131nda \u015fike ve te\u015fvik primi iddias\u0131 bulunan kul\u00fcplere uygulanmas\u0131 muhtemel yapt\u0131r\u0131mlar\u0131n de\u011fi\u015ftirilip de\u011fi\u015ftirilmemesinin g\u00f6r\u00fc\u015f\u00fclmesi ve karara ba\u011flanmas\u0131<\/p>\n<p style=\"text-align: justify;\">8. Dilekler<\/p>\n<p style=\"text-align: justify;\">9. Kapan\u0131\u015f<\/p>\n<p style=\"text-align: justify;\"><strong>AYDINLAR: &#8220;B\u0130ZE \u0130NANIN, B\u0130Z\u0130M ADALET\u0130M\u0130ZE G\u00dcVEN\u0130N&#8221;\u00a0<\/strong><\/p>\n<p style=\"text-align: justify;\">Ankara Sheraton Oteli&#8217;ndeki ola\u011fan\u00fcst\u00fc genel kurul, \u00f6nerge krizinin ard\u0131ndan 25 dakika gecikmeli olarak ba\u015flad\u0131.<\/p>\n<p style=\"text-align: justify;\">303 ki\u015filik delege say\u0131s\u0131n\u0131n yar\u0131s\u0131ndan fazlas\u0131n\u0131n kat\u0131l\u0131m\u0131 nedeniyle genel kurul ba\u015flad\u0131.<\/p>\n<p style=\"text-align: justify;\">289 delegenin kay\u0131t yapt\u0131rd\u0131\u011f\u0131, 226 delegenin oy kullanaca\u011f\u0131n\u0131 belirtti\u011fi tarihin en kalabal\u0131k genel kurulunda 72 gazeteci, 12 foto muhabiri ve 30 kameraman g\u00f6rev al\u0131yor&#8230;<\/p>\n<p style=\"text-align: justify;\">Divan Kurulu&#8217;nun olu\u015fumundan sonra s\u00f6z alan TFF Ba\u015fkan\u0131 Mehmet Ali Ayd\u0131nlar \u00f6zetle \u015funlar\u0131 s\u00f6yledi:<\/p>\n<p style=\"text-align: justify;\">&#8220;Biz bir aileyiz, t\u00fcm bireyleri de dinleme arzusunday\u0131z. Bu gemiyi limana yana\u015ft\u0131rmak i\u00e7in herkesi dinliyoruz, her t\u00fcrl\u00fc ele\u015ftiriye a\u00e7\u0131\u011f\u0131z. Futbol ailesinin t\u00fcm kesimlerine azami \u00f6nem verece\u011fiz. Hukukun \u00fcst\u00fcnl\u00fc\u011f\u00fc ve masumiyet karinesi en \u00e7ok konu\u015fulan kavramlar oldu. S\u00f6zde de\u011fil, \u00f6zde hukuktan yanay\u0131z. Hukuki s\u00fcre\u00e7 ba\u011f\u0131ms\u0131z hukuk\u00e7ular taraf\u0131ndan y\u00fcr\u00fct\u00fclecek. \u015eimdi s\u0131rada savunmalar var. Bize inan\u0131n, bizim adaletimize g\u00fcvenin. Taraf olmakla su\u00e7land\u0131k, evet taraf\u0131z; T\u00fcrk futbolunun ba\u015f\u0131n\u0131n dik durmas\u0131ndan yana taraf\u0131z. Herkese e\u015fit mesafedeyiz. Al\u0131nacak kararlarda T\u00fcrk futbolunun uluslararas\u0131 alanda prestijini de d\u00fc\u015f\u00fcnece\u011fiz.<\/p>\n<p style=\"text-align: justify;\">T\u00fcrk futbolu kuruldu\u011fundan bu yana en ciddi krizini ya\u015famaktad\u0131r. \u00c7ok \u00fcz\u00fcld\u00fck ama bu i\u015fi b\u0131rak\u0131p gidelim demedik. Elbette belli kesimler \u00fcz\u00fclecek ama hukuk \u00fcst\u00fcn gelecek. D\u00fcr\u00fcst olmaya, yasalara kar\u015f\u0131 sorumlulu\u011fumuzu bilmeye devam edece\u011fiz&#8221;<\/p>\n<p style=\"text-align: justify;\"><strong>ANKARA KUL\u0130SLER\u0130N\u0130 KARI\u015eTIRAN \u0130DD\u0130A\u00a0<\/strong><\/p>\n<p style=\"text-align: justify;\">T\u00dcRK\u0130YE Futbol Federasyonu Ola\u011fan Genel Kurulu \u00f6ncesi Ankara\u2019da hareketli saatler ya\u015fand\u0131.<\/p>\n<p style=\"text-align: justify;\">\u00d6zellikle Bank Asya 1 Lig, 2\u2019nci Lig ve 3\u2019nc\u00fc Lig kul\u00fcplerinin TFF\u2019nin 58\u2019nci madde ile ilgili k\u00fcme d\u00fc\u015fmenin bir y\u0131l ertelenmesi ve puan silme karar\u0131na ret cevab\u0131 vereceklerinin \u00f6\u011frenilmesi \u00fczerine, Ankara\u2019da so\u011fuk r\u00fczgarlar esti. \u0130lk \u00e7\u0131k\u0131\u015f\u0131 Kas\u0131mpa\u015faspor Kul\u00fcb\u00fc g\u00f6sterdi. Her iki karar\u0131 da ret edeceklerini a\u00e7\u0131k\u00e7a deklare etmesinin ard\u0131ndan, bir \u00e7ok kul\u00fcb\u00fcn de ayn\u0131 karar do\u011frultusunda hareket edece\u011finin \u00f6\u011frenilmesi \u00fczerine TFF Ba\u015fkan\u0131 Mehmet Ali Ayd\u0131nlar ve y\u00f6netim kurulu \u00fcyeleri \u00f6nce s\u00fcper lig temsilcilerinin ba\u015fkanlar\u0131yla, ard\u0131ndan Bank Asya 1\u2019nci lig, 2\u2019nci lig ve 3\u2019nc\u00fc lig delegeleriyle bir araya geldi. Bu g\u00f6r\u00fc\u015fmelerin ard\u0131ndan Ayd\u0131nlar ve y\u00f6netim kurulu \u00fcyeleri Sheraton Otel\u2019deki toplant\u0131 salonunda tekrar bir araya geldiler. Olduk\u00e7a gergin g\u00f6r\u00fcnen Ayd\u0131nlar ve ekibi, ilerleyen saatlerde hukuk\u00e7ular\u0131yla bir araya geldi.<\/p>\n<p style=\"text-align: justify;\">Bug\u00fcn yap\u0131lacak olan ola\u011fan genel kurulu \u00f6ncesi Ba\u015fkan Ayd\u0131nlar\u2019\u0131n elindeki dosya dikkat \u00e7ekti. Dosya \u00fczerinde s\u00fcrekli notlar alan Ayd\u0131nlar, \u00e7evresine s\u00fcrekli talimatlar ya\u011fd\u0131rd\u0131. Ayr\u0131ca d\u00fcn ak\u015fam 262 delege de otele giri\u015f yapt\u0131. Sabah saat 11.00\u2019de akreditasyon kart\u0131n\u0131 alacak olan delegeler, toplant\u0131 salonuna ge\u00e7erek, tarihi kongreye tan\u0131kl\u0131k edecekler. Kulislerde TFF\u2019nin ret karar\u0131 \u00e7\u0131kmas\u0131 halinde genel kurul karar\u0131 alabilece\u011fi belirtiliyor.<\/p>\n<p style=\"text-align: justify;\"><strong>T\u00fcrk futbolunun kaderi \u00e7iziliyor\u00a0<\/strong><\/p>\n<p style=\"text-align: justify;\">Genel Kurul \u00f6ncesi TFF Ba\u015fkan\u0131 Mehmet Ali Ayd\u0131nlar, Kul\u00fcpler Birli\u011fi ile ayr\u0131 bir salonda toplant\u0131ya girdi.<\/p>\n<p style=\"text-align: justify;\">58. madde ile ilgili olarak; haklar\u0131nda \u015fike ve te\u015fvik primi iddias\u0131 bulunan kul\u00fcplere uygulanmas\u0131 muhtemel yapt\u0131r\u0131mlar\u0131n de\u011fi\u015ftirilip de\u011fi\u015ftirilmemesinin g\u00f6r\u00fc\u015f\u00fclece\u011fi genel kurul \u00f6ncesi salonda yo\u011fun bir hareketlilik ya\u015fan\u0131yor. TFF Ba\u015fkan\u0131 Mehmet Ali Ayd\u0131nlar ve ekibinin, Kul\u00fcpler Birli\u011fi ile ayr\u0131 bir salonda toplant\u0131ya girmesi bu g\u00f6r\u00fc\u015fmenin \u00f6nemini art\u0131r\u0131rken, oylaman\u0131n a\u00e7\u0131k m\u0131 kapal\u0131 yap\u0131laca\u011f\u0131 ise hen\u00fcz netle\u015fmedi. Kapal\u0131 oylama yap\u0131lmas\u0131 daha b\u00fcy\u00fck bir ihtimal ve salonda 10 adet sand\u0131k haz\u0131r durumda.<\/p>\n<p style=\"text-align: justify;\">303 delegenin oy hakk\u0131 bulundu\u011fu ola\u011fan\u00fcst\u00fc genel kurula \u015fu ana kadar 289 ki\u015finin kay\u0131t yapt\u0131rd\u0131\u011f\u0131 \u00f6\u011frenilirken, TFF Eski Ba\u015fkan\u0131 Mahmut \u00d6zgener genel kurula kat\u0131lmad\u0131.<\/p>\n<p style=\"text-align: justify;\">Saat 11.00&#8217;de ba\u015flayacak ola\u011fan\u00fcst\u00fc genel kurulun g\u00fcndem s\u0131ras\u0131 ise \u015f\u00f6yle: 1. Toplant\u0131 \u00e7o\u011funlu\u011funun tutanakla tespiti, 2. Toplant\u0131n\u0131n a\u00e7\u0131l\u0131\u015f\u0131, 3. Genel Kurul Ba\u015fkanl\u0131k Divan\u0131n\u0131n olu\u015fumu, ( 1 Ba\u015fkan, 1 Ba\u015fkan Vekili, 2 \u00dcye Se\u00e7imi ) 4. \u0130stikl\u00e2l Mar\u015f\u0131 ve Sayg\u0131 Duru\u015fu, 5. Genel Kurul Ba\u015fkanl\u0131k Divan\u0131na toplant\u0131 tutanaklar\u0131n\u0131 imza yetkisi verilmesi, 6. Ba\u015fkan\u0131n sunu\u015fu, 7. Haklar\u0131nda \u015fike ve te\u015fvik primi iddias\u0131 bulunan kul\u00fcplere uygulanmas\u0131 muhtemel yapt\u0131r\u0131mlar\u0131n de\u011fi\u015ftirilip de\u011fi\u015ftirilmemesinin g\u00f6r\u00fc\u015f\u00fclmesi ve karara ba\u011flanmas\u0131, 8. Dilekler, 9. Kapan\u0131\u015f.<\/p>\n<p style=\"text-align: justify;\"><strong>\u00d6NERGE KR\u0130Z\u0130\u00a0<\/strong><\/p>\n<p style=\"text-align: justify;\">TFF Ola\u011fan Genel Kurul \u00f6ncesi Divan&#8217;a sunulan \u00f6nerge krizi ya\u015fan\u0131yor&#8230;<\/p>\n<p style=\"text-align: justify;\">D\u00fcn geceden beri devam eden toplant\u0131larda TFF ve Kul\u00fcpler aras\u0131nda fikir birli\u011fine var\u0131lamad\u0131&#8230;<\/p>\n<p style=\"text-align: justify;\">TFF Ba\u015fkan\u0131 Ayd\u0131nlar ve Y\u00f6netimi; Bank Asya, 2. lig ve 3. lig kul\u00fcpleriyle yapt\u0131\u011f\u0131 g\u00f6r\u00fc\u015fmelerde bir sonu\u00e7 alamad\u0131&#8230;<\/p>\n<p style=\"text-align: justify;\">Bu kul\u00fcplerin %70&#8217;inin ret oyu kullanacaklar\u0131 \u00f6\u011frenildi.<\/p>\n<p style=\"text-align: justify;\">TFF Y\u00f6netim Kurulu haz\u0131rlam\u0131\u015f oldu\u011fu divan \u00f6nergesini ve konu\u015fmac\u0131lar\u0131n s\u00fcrelerini yaz\u0131l\u0131 olarak delegelere imzalatmak istedi. Delegeler olu\u015fturulacak olan divana evet, s\u00fcre ve ki\u015fi say\u0131s\u0131na itiraz etti.<\/p>\n<p style=\"text-align: justify;\">Delegeler, TFF Y\u00f6netiminine &#8220;Bizi \u00e7a\u011f\u0131ran sizsiniz ama niye konu\u015fmam\u0131za izin vermiyorsunuz, veya k\u0131s\u0131tl\u0131 s\u00fcre veriyorsunuz&#8221; diyerek hay\u0131fland\u0131lar.<\/p>\n<p style=\"text-align: justify;\">Bu geli\u015fmeler ya\u015fan\u0131rken, TFF Y\u00f6netimi genel kurulun ba\u015flamas\u0131na 20 dakika kala bu durumu de\u011ferlendiren k\u0131sa bir toplant\u0131 daha yapt\u0131.<\/p>\n<p style=\"text-align: justify;\">\u00d6te yandan bu tarihi kongreyi rekor say\u0131da emniyet birimi koruyor. Otelin g\u00fcvenlik personelinin yan\u0131 s\u0131ra TFF&#8217;nin anla\u015fm\u0131\u015f oldu\u011fu \u00f6zel g\u00fcvenlik firmas\u0131 ve Ankara Emniyeti&#8217;ne ba\u011fl\u0131 mensuplarla toplam 480 emniyet g\u00f6revlisi otel \u00e7evresi ve otel i\u00e7inde \u00f6nemler alm\u0131\u015f durumda&#8230;<\/p>\n<p style=\"text-align: justify;\"><a href=\"http:\/\/haber.gazetevatan.com\/turk-futbolunun-kaderi-ciziliyor\/426979\/5\/Spor\" target=\"_blank\">Kaynak : VATAN Gazetesi<\/a><\/p>\n","protected":false},"excerpt":{"rendered":"<p style=\"text-align: center;\">\n<p style=\"text-align: justify;\">58. madde tart\u0131\u015fmalar\u0131yla ilgili olarak art\u0131k t\u00fcm g\u00f6zler Ankara&#8217;da yap\u0131lan Ola\u011fan\u00fcst\u00fc Genel Kurul&#8217;a \u00e7evrildi. T\u00fcrk futbol tarihinin en kritik kararlar\u0131ndan birine bug\u00fcn imza at\u0131lacak.<\/p>\n<p style=\"text-align: justify;\">289 delegenin oy kullanmak \u00fczere otele geldi\u011fi belirtiliyor.<\/p>\n<p style=\"text-align: justify;\">Genel Kurul \u00f6ncesi \u00f6nerge krizi ya\u015fan\u0131yor&#8230;<\/p>\n<p style=\"text-align: justify;\">Saat 12:00&#8217;te toplant\u0131ya 1 saat ara <\/p>\n","protected":false},"author":1,"featured_media":0,"comment_status":"open","ping_status":"open","sticky":false,"template":"","format":"standard","meta":{"footnotes":""},"categories":[42],"tags":[],"class_list":["post-47840","post","type-post","status-publish","format-standard","hentry","category-spor","odd"],"_links":{"self":[{"href":"http:\/\/www.korhanyilmaz.com\/index.php?rest_route=\/wp\/v2\/posts\/47840","targetHints":{"allow":["GET"]}}],"collection":[{"href":"http:\/\/www.korhanyilmaz.com\/index.php?rest_route=\/wp\/v2\/posts"}],"about":[{"href":"http:\/\/www.korhanyilmaz.com\/index.php?rest_route=\/wp\/v2\/types\/post"}],"author":[{"embeddable":true,"href":"http:\/\/www.korhanyilmaz.com\/index.php?rest_route=\/wp\/v2\/users\/1"}],"replies":[{"embeddable":true,"href":"http:\/\/www.korhanyilmaz.com\/index.php?rest_route=%2Fwp%2Fv2%2Fcomments&post=47840"}],"version-history":[{"count":0,"href":"http:\/\/www.korhanyilmaz.com\/index.php?rest_route=\/wp\/v2\/posts\/47840\/revisions"}],"wp:attachment":[{"href":"http:\/\/www.korhanyilmaz.com\/index.php?rest_route=%2Fwp%2Fv2%2Fmedia&parent=47840"}],"wp:term":[{"taxonomy":"category","embeddable":true,"href":"http:\/\/www.korhanyilmaz.com\/index.php?rest_route=%2Fwp%2Fv2%2Fcategories&post=47840"},{"taxonomy":"post_tag","embeddable":true,"href":"http:\/\/www.korhanyilmaz.com\/index.php?rest_route=%2Fwp%2Fv2%2Ftags&post=47840"}],"curies":[{"name":"wp","href":"https:\/\/api.w.org\/{rel}","templated":true}]}}