{"id":47836,"date":"2012-01-26T10:26:53","date_gmt":"2012-01-26T08:26:53","guid":{"rendered":"http:\/\/www.korhanyilmaz.com\/?p=47836"},"modified":"2012-01-26T13:27:14","modified_gmt":"2012-01-26T11:27:14","slug":"o-kemikler-jitemin-degil-istiklal-mahkemelerinin","status":"publish","type":"post","link":"http:\/\/www.korhanyilmaz.com\/?p=47836","title":{"rendered":"&#8216;O kemikler J\u0130TEM&#8217;in de\u011fil, \u0130stiklal Mahkemeleri&#8217;nin!&#8217;"},"content":{"rendered":"<p style=\"text-align: center;\"><a href=\"http:\/\/www.korhanyilmaz.com\/wp-content\/uploads\/2012\/01\/9494.jpg\"  class=\"lightview\"><img loading=\"lazy\" decoding=\"async\" class=\"aligncenter  wp-image-47837\" src=\"http:\/\/www.korhanyilmaz.com\/wp-content\/uploads\/2012\/01\/9494.jpg\" alt=\"\" width=\"420\" height=\"210\" \/><\/a><\/p>\n<p style=\"text-align: justify;\">Diyarbak\u0131r \u0130\u00e7kale&#8217;de bulunan insan kemiklerini bulundu\u011fu yerde gidip inceleyen AK Parti milletvekili Galip Ensario\u011flu, bulunan kemiklerin 90&#8217;l\u0131 y\u0131llara ait de\u011fil \u00e7ok daha eski d\u00f6nemlere ait oldu\u011funu ileri s\u00fcrd\u00fc. Ensario\u011flu bulunan kemiklerin \u00e7ok daha eski \u00e7\u0131kt\u0131\u011f\u0131n\u0131 s\u00f6yleyerek s\u00f6z\u00fc s\u00f6zkonusu cesetlerin istiklal mahkemeleri taraf\u0131ndan verilen idam cezalar\u0131nda infaz edilen ki\u015filer oldu\u011funu iddia etti.\u00a0<!--more--><\/p>\n<p style=\"text-align: justify;\">AK Parti Diyarbak\u0131r Milletvekili Galip Ensario\u011flu, Diyarbak\u0131r&#8217;daki kaz\u0131lar\u0131 de\u011ferlendirdi.<\/p>\n<p style=\"text-align: justify;\">Habert\u00fcrk&#8217;te Ak\u015fam Raporu program\u0131na kat\u0131lan Galip Ensario\u011flu, Diyarbak\u0131r&#8217;daki kaz\u0131larda bulunan kemiklerin \u0130stiklal Mahkemeleri zaman\u0131ndan kalm\u0131\u015f olabilece\u011fini s\u00f6yledi. Kemiklerin bulunmas\u0131ndan sonra Diyarbak\u0131r&#8217;a giderek kemiklerin bulundu\u011fu \u0130\u00e7kale&#8217;de incelemeler yapan heyette bulunan Ensario\u011flu bulunan kemiklerin 30 y\u0131ll\u0131k de\u011fil \u00e7ok daha eski d\u00f6nemlere ait oldu\u011funu, istiklal mahkemeleri taraf\u0131ndan idam edilen ki\u015filere ait oldu\u011funu iddia etti.<\/p>\n<p style=\"text-align: justify;\">Ensario\u011flu \u015f\u00f6yle konu\u015ftu:<\/p>\n<p style=\"text-align: justify;\">&#8220;90&#8217;l\u0131 y\u0131llar\u0131n, karanl\u0131k d\u00f6nemlerin tan\u0131\u011f\u0131y\u0131z. Faili me\u00e7huller, bunlar\u0131n iki bini a\u015fk\u0131n \u00f6l\u00fcmle sonu\u00e7land\u0131 3 binin \u00fczerinde yak\u0131lan k\u00f6y&#8230; 3 milyona yak\u0131n g\u00f6\u00e7e zorlanan insan ve y\u00fczbinlerce i\u015fkence&#8230;<\/p>\n<p style=\"text-align: justify;\">\u0130\u00e7kale&#8217;de bulunan kemikler \u015fikayet \u00fczerine ortaya \u00e7\u0131kmad\u0131. \u0130\u00e7kale m\u0131nt\u0131kas\u0131nda \u00fc\u00e7 d\u00f6rt y\u0131ld\u0131r devam eden resterasyon \u00e7al\u0131\u015fmalar\u0131 var. Tesad\u00fcfen bulunmu\u015f kemikler. O d\u00f6neme ait olmad\u0131\u011f\u0131 kay\u0131plara ya da faili me\u00e7hullere ait olup olmad\u0131\u011f\u0131 bilinmiyor.<\/p>\n<p style=\"text-align: justify;\"><strong>MEZARLIK D\u00dcZEN\u0130 \u0130\u00c7\u0130NDE DE\u011e\u0130L\u00a0<\/strong><\/p>\n<p style=\"text-align: justify;\">Cezaevinin yap\u0131l\u0131\u015f tarihi 1880. Bulunan kemikler o tarihten sonraya ait. Bulunan kemikler mezarl\u0131k d\u00fczeni i\u00e7inde tespit edilmi\u015f de\u011fil. \u00dcst \u00fcste at\u0131lm\u0131\u015f cesetler.<\/p>\n<p style=\"text-align: justify;\"><strong>BULUNAN KEM\u0130KLER \u00c7OK DAHA ESK\u0130 ZAMANA A\u0130T\u00a0<\/strong><\/p>\n<p style=\"text-align: justify;\">Ama d\u0131\u015far\u0131dan bakt\u0131\u011f\u0131n\u0131z zaman kemikler \u00e7ok eski d\u00f6neme ait gibi g\u00f6r\u00fcn\u00fcyor. Cesetlerin \u00fczerinde elbise yok. E\u011fer 90&#8217;l\u0131 y\u0131llara ait olsa, genelde elbiseleriyle g\u00f6m\u00fcyorlard\u0131. 90&#8217;l\u0131 y\u0131llardan sonra yap\u0131lm\u0131\u015f olsa giysileri bulunurdu. \u00c7\u00fcnk\u00fc o d\u00f6nemde \u00f6yle at\u0131yorlard\u0131. Bunu tabii Adalet Bakanl\u0131\u011f\u0131 \u0130stanbul Adli T\u0131p&#8217;ta inceletiyor. Hangi d\u00f6neme ait oldu\u011fu belirlenecek.<\/p>\n<p style=\"text-align: justify;\"><strong>S\u00d6Z\u00dc \u0130ST\u0130KLAL MAHKEMELER\u0130NE GET\u0130RD\u0130\u00a0<\/strong><\/p>\n<p style=\"text-align: justify;\">1910-25 aras\u0131 benim \u015fahsi tahminin. \u0130stiklal Mahkemeleri&#8217;nde binlerce insan sorgulanmadan yarg\u0131lanmadan idam edilmi\u015f ve \u00f6ld\u00fcr\u00fclm\u00fc\u015f. Ancak faili me\u00e7hullerle ilgisi yok demek i\u00e7in de erken. Adli T\u0131p sonu\u00e7lar\u0131n\u0131 beklemek gerekiyor.<\/p>\n<p style=\"text-align: justify;\">90&#8217;lara ait olmasa bile ortada bir vah\u015fet var. 90&#8217;l\u0131 y\u0131llara ait olmamas\u0131 o d\u00f6nemde faili me\u00e7hullerin i\u015flenmedi\u011fi anlam\u0131na gelmez. J\u0130TEM&#8217;in uygulamalar\u0131n\u0131 biliyoruz. Cesetler o d\u00f6neme ait olsa da olmasa da ger\u00e7e\u011fi de\u011fi\u015ftirmez.<\/p>\n<p style=\"text-align: justify;\">\u0130nsanlar\u0131n 20-30 y\u0131ll\u0131k kay\u0131plar\u0131 var. Yas\u0131n\u0131 her g\u00fcn tutuyorlar. \u00d6l\u00fclerini, cesetlerini bulmas\u0131, bir mezara sahip olmalar\u0131 bile ac\u0131lar\u0131n\u0131 bir nebze dindirmi\u015f olur. Biz bunlar\u0131 bulmakla m\u00fckellefiz. Devlet i\u00e7inde k\u00fcmelenmi\u015f \u00e7etelerin, bu hukukd\u0131\u015f\u0131 uygulamalar\u0131n\u0131 ortaya \u00e7\u0131karmak zorunday\u0131z. Tarihimizle, ge\u00e7mi\u015fimizle y\u00fczle\u015fmek istiyorsak bunlar\u0131 k\u00f6k\u00fcnden kaz\u0131mak laz\u0131m.<\/p>\n<p style=\"text-align: justify;\"><a href=\"http:\/\/haber.gazetevatan.com\/o-kemikler-jitemin-degil-istiklal-mahkemelerinin\/426989\/1\/Gundem\" target=\"_blank\">Kaynak : VATAN Gazetesi<\/a><\/p>\n","protected":false},"excerpt":{"rendered":"<p style=\"text-align: center;\">\n<p style=\"text-align: justify;\">Diyarbak\u0131r \u0130\u00e7kale&#8217;de bulunan insan kemiklerini bulundu\u011fu yerde gidip inceleyen AK Parti milletvekili Galip Ensario\u011flu, bulunan kemiklerin 90&#8217;l\u0131 y\u0131llara ait de\u011fil \u00e7ok daha eski d\u00f6nemlere ait oldu\u011funu ileri s\u00fcrd\u00fc. Ensario\u011flu bulunan kemiklerin \u00e7ok daha eski \u00e7\u0131kt\u0131\u011f\u0131n\u0131 s\u00f6yleyerek s\u00f6z\u00fc s\u00f6zkonusu cesetlerin istiklal mahkemeleri taraf\u0131ndan verilen idam cezalar\u0131nda infaz edilen ki\u015filer oldu\u011funu iddia <\/p>\n","protected":false},"author":1,"featured_media":0,"comment_status":"open","ping_status":"open","sticky":false,"template":"","format":"standard","meta":{"footnotes":""},"categories":[105],"tags":[],"class_list":["post-47836","post","type-post","status-publish","format-standard","hentry","category-gundem","odd"],"_links":{"self":[{"href":"http:\/\/www.korhanyilmaz.com\/index.php?rest_route=\/wp\/v2\/posts\/47836","targetHints":{"allow":["GET"]}}],"collection":[{"href":"http:\/\/www.korhanyilmaz.com\/index.php?rest_route=\/wp\/v2\/posts"}],"about":[{"href":"http:\/\/www.korhanyilmaz.com\/index.php?rest_route=\/wp\/v2\/types\/post"}],"author":[{"embeddable":true,"href":"http:\/\/www.korhanyilmaz.com\/index.php?rest_route=\/wp\/v2\/users\/1"}],"replies":[{"embeddable":true,"href":"http:\/\/www.korhanyilmaz.com\/index.php?rest_route=%2Fwp%2Fv2%2Fcomments&post=47836"}],"version-history":[{"count":0,"href":"http:\/\/www.korhanyilmaz.com\/index.php?rest_route=\/wp\/v2\/posts\/47836\/revisions"}],"wp:attachment":[{"href":"http:\/\/www.korhanyilmaz.com\/index.php?rest_route=%2Fwp%2Fv2%2Fmedia&parent=47836"}],"wp:term":[{"taxonomy":"category","embeddable":true,"href":"http:\/\/www.korhanyilmaz.com\/index.php?rest_route=%2Fwp%2Fv2%2Fcategories&post=47836"},{"taxonomy":"post_tag","embeddable":true,"href":"http:\/\/www.korhanyilmaz.com\/index.php?rest_route=%2Fwp%2Fv2%2Ftags&post=47836"}],"curies":[{"name":"wp","href":"https:\/\/api.w.org\/{rel}","templated":true}]}}