{"id":47804,"date":"2012-01-26T11:10:58","date_gmt":"2012-01-26T09:10:58","guid":{"rendered":"http:\/\/www.korhanyilmaz.com\/?p=47804"},"modified":"2012-01-26T11:44:03","modified_gmt":"2012-01-26T09:44:03","slug":"trafik-magandasi-astsubaydan-silahli-tehdit","status":"publish","type":"post","link":"http:\/\/www.korhanyilmaz.com\/?p=47804","title":{"rendered":"Trafik magandas\u0131 astsubaydan silahl\u0131 tehdit"},"content":{"rendered":"<p style=\"text-align: center;\"><a href=\"http:\/\/www.korhanyilmaz.com\/wp-content\/uploads\/2012\/01\/9492.jpg\"  class=\"lightview\"><img loading=\"lazy\" decoding=\"async\" class=\"aligncenter  wp-image-47805\" src=\"http:\/\/www.korhanyilmaz.com\/wp-content\/uploads\/2012\/01\/9492.jpg\" alt=\"\" width=\"320\" height=\"214\" \/><\/a><\/p>\n<p style=\"text-align: justify;\">\u0130zmir&#8217;in Buca \u0130l\u00e7esi \u015eirinyer Semti&#8217;nde, trafik tart\u0131\u015fmas\u0131n\u0131n ard\u0131ndan, astsubay C.A.&#8217;n\u0131n belinden \u00e7\u0131kard\u0131\u011f\u0131 tabancas\u0131n\u0131 M.G.&#8217;nin kafas\u0131na dayamas\u0131, g\u00fcvenlik kameras\u0131 taraf\u0131ndan g\u00f6r\u00fcnt\u00fclendi. \u015eikayetin ard\u0131ndan inzibata teslim edilen C.A. serbest b\u0131rak\u0131ld\u0131.<!--more--><\/p>\n<p style=\"text-align: justify;\">Olay, ge\u00e7en cumartesi g\u00fcn\u00fc, saat 15.30 s\u0131ralar\u0131nda, Mehmet Akif Caddesi\u2019nde meydana geldi. Emlak\u00e7\u0131l\u0131k yapan C.Y., H.K. ve M.G., 35 HA 9340 plakal\u0131 otomobille ev g\u00f6stermek i\u00e7in yola \u00e7\u0131kt\u0131. Otomobili kullanan C.Y. tali yoldan caddeye \u00e7\u0131karken, kendisine yanan ye\u015fil \u0131\u015f\u0131kta hareket etti. C.Y., bu s\u0131rada caddeyi kullanan ve k\u0131rm\u0131z\u0131 \u0131\u015f\u0131kta ge\u00e7en C.A.\u2019n\u0131n kulland\u0131\u011f\u0131 otomobile korna \u00e7al\u0131p uyard\u0131. Bir s\u00fcre ilerleyen otomobilden inen C.A., iddiaya g\u00f6re, C.Y. ve otomobildekilere k\u00fcf\u00fcrler ya\u011fd\u0131rd\u0131. Otomobilden inen M.G.\u2019nin kafas\u0131na belinden \u00e7\u0131kard\u0131\u011f\u0131, namlusuna mermisini s\u00fcrd\u00fc\u011f\u00fc tabancay\u0131 dayayan ve kabzas\u0131yla vuran C.A., sonra kendi arac\u0131na binerek ayr\u0131ld\u0131.<\/p>\n<p style=\"text-align: justify;\"><strong>\u2019\u00d6LD\u00dcRMES\u0130 M\u0130 LAZIMDI?\u2019<\/strong><\/p>\n<p style=\"text-align: justify;\">Olay\u0131n \u015fokunu ya\u015fayan M.G. ve arkada\u015flar\u0131, karakola giderek \u015fikayet\u00e7i oldu. Harekete ge\u00e7en polis, astsubay C.A.\u2019y\u0131 yakalay\u0131p inzibata teslim etti. C.A., sevk edildi\u011fi adliyede serbest b\u0131rak\u0131l\u0131rken, M.G., &#8220;Bir anda gelip ba\u015f\u0131ma silah dayad\u0131. Hem korktum hem heyecanland\u0131m. Kim olursa olsun b\u00f6yle magandal\u0131k olmaz. Serbest b\u0131rak\u0131lmas\u0131 \u00e7ok \u015fa\u015f\u0131rt\u0131c\u0131. Tutuklanmas\u0131 i\u00e7in beni \u00f6ld\u00fcrmesi mi laz\u0131md\u0131?&#8221; diyerek tepkisini dile getirdi.<\/p>\n<p style=\"text-align: justify;\"><a href=\"http:\/\/www.radikal.com.tr\/Radikal.aspx?aType=RadikalDetayV3&amp;ArticleID=1076845&amp;CategoryID=77\" target=\"_blank\">Kaynak : Radikal.com.tr<\/a><\/p>\n","protected":false},"excerpt":{"rendered":"<p style=\"text-align: center;\">\n<p style=\"text-align: justify;\">\u0130zmir&#8217;in Buca \u0130l\u00e7esi \u015eirinyer Semti&#8217;nde, trafik tart\u0131\u015fmas\u0131n\u0131n ard\u0131ndan, astsubay C.A.&#8217;n\u0131n belinden \u00e7\u0131kard\u0131\u011f\u0131 tabancas\u0131n\u0131 M.G.&#8217;nin kafas\u0131na dayamas\u0131, g\u00fcvenlik kameras\u0131 taraf\u0131ndan g\u00f6r\u00fcnt\u00fclendi. \u015eikayetin ard\u0131ndan inzibata teslim edilen C.A. serbest b\u0131rak\u0131ld\u0131.<\/p>\n","protected":false},"author":1,"featured_media":0,"comment_status":"open","ping_status":"open","sticky":false,"template":"","format":"standard","meta":{"footnotes":""},"categories":[105],"tags":[],"class_list":["post-47804","post","type-post","status-publish","format-standard","hentry","category-gundem","odd"],"_links":{"self":[{"href":"http:\/\/www.korhanyilmaz.com\/index.php?rest_route=\/wp\/v2\/posts\/47804","targetHints":{"allow":["GET"]}}],"collection":[{"href":"http:\/\/www.korhanyilmaz.com\/index.php?rest_route=\/wp\/v2\/posts"}],"about":[{"href":"http:\/\/www.korhanyilmaz.com\/index.php?rest_route=\/wp\/v2\/types\/post"}],"author":[{"embeddable":true,"href":"http:\/\/www.korhanyilmaz.com\/index.php?rest_route=\/wp\/v2\/users\/1"}],"replies":[{"embeddable":true,"href":"http:\/\/www.korhanyilmaz.com\/index.php?rest_route=%2Fwp%2Fv2%2Fcomments&post=47804"}],"version-history":[{"count":0,"href":"http:\/\/www.korhanyilmaz.com\/index.php?rest_route=\/wp\/v2\/posts\/47804\/revisions"}],"wp:attachment":[{"href":"http:\/\/www.korhanyilmaz.com\/index.php?rest_route=%2Fwp%2Fv2%2Fmedia&parent=47804"}],"wp:term":[{"taxonomy":"category","embeddable":true,"href":"http:\/\/www.korhanyilmaz.com\/index.php?rest_route=%2Fwp%2Fv2%2Fcategories&post=47804"},{"taxonomy":"post_tag","embeddable":true,"href":"http:\/\/www.korhanyilmaz.com\/index.php?rest_route=%2Fwp%2Fv2%2Ftags&post=47804"}],"curies":[{"name":"wp","href":"https:\/\/api.w.org\/{rel}","templated":true}]}}