{"id":47795,"date":"2012-01-26T10:15:15","date_gmt":"2012-01-26T08:15:15","guid":{"rendered":"http:\/\/www.korhanyilmaz.com\/?p=47795"},"modified":"2012-01-26T11:32:40","modified_gmt":"2012-01-26T09:32:40","slug":"gorevinin-basina-dondu","status":"publish","type":"post","link":"http:\/\/www.korhanyilmaz.com\/?p=47795","title":{"rendered":"G\u00f6revinin ba\u015f\u0131na d\u00f6nd\u00fc"},"content":{"rendered":"<p style=\"text-align: center;\"><a href=\"http:\/\/www.korhanyilmaz.com\/wp-content\/uploads\/2012\/01\/9490.jpg\"  class=\"lightview\"><img loading=\"lazy\" decoding=\"async\" class=\"aligncenter  wp-image-47796\" src=\"http:\/\/www.korhanyilmaz.com\/wp-content\/uploads\/2012\/01\/9490.jpg\" alt=\"\" width=\"280\" height=\"193\" \/><\/a><\/p>\n<p style=\"text-align: justify;\">Kanser \u015f\u00fcphesiyle bu ay\u0131n ba\u015f\u0131nda tiroit ameliyat\u0131 ge\u00e7iren Arjantin Devlet Ba\u015fkan\u0131 Christina Fernandez Kirchner i\u015fba\u015f\u0131 yapt\u0131.<\/p>\n<p style=\"text-align: justify;\">\u00d6\u011fleden sonra devlet ba\u015fkanl\u0131\u011f\u0131 binas\u0131na gelen ve ameliyat\u0131ndan sonra ilk resmi i\u015f olarak, b\u00f6lgelerle yap\u0131lan bir dizi anla\u015fmay\u0131 imzalayan 58 ya\u015f\u0131ndaki Kirchner, bakanlar\u0131na boynundaki ameliyat izini g\u00f6stererek, \u00e7ok estetik\u00a0g\u00f6r\u00fcnmedi\u011finden fular takmay\u0131 planlad\u0131\u011f\u0131n\u0131, ancak izi fularla kapat\u0131rsa yar\u0131n ameliyat olmad\u0131\u011f\u0131na dair haberlerin \u00e7\u0131kaca\u011f\u0131n\u0131 s\u00f6yledi.\u00a0<!--more--><\/p>\n<p style=\"text-align: justify;\">Fernandez, &#8220;Hepiniz bilirsiniz, estetik benim i\u00e7in \u00e7ok \u00f6nemlidir, ancak kendime &#8216;Tatl\u0131m, siyaset stilden \u00f6nce gelir&#8217; dedim&#8221; diye konu\u015ftu.<\/p>\n<p style=\"text-align: justify;\">Ameliyattan sonra ilk i\u015f g\u00fcn\u00fcnde yakla\u015f\u0131k bir saat konu\u015fan Fernandez, Arjantinlileri Falkland Adalar\u0131&#8217;na kar\u015f\u0131 &#8220;s\u00f6m\u00fcrgeci&#8221; tutumlar g\u00f6stermekle su\u00e7layan \u0130ngiltere Ba\u015fbakan\u0131 David Cameron&#8217;a da ate\u015f p\u00fcsk\u00fcrd\u00fc.<\/p>\n<p style=\"text-align: justify;\">Kircher&#8217;e tiroit bezi kanseri te\u015fhisi Noel arifesinde yap\u0131lan ola\u011fan t\u0131bbi tarama muayenesi s\u0131ras\u0131nda konulmu\u015ftu. 4 Ocak&#8217;ta 3,5 saat s\u00fcren bir ameliyat ge\u00e7iren 58 ya\u015f\u0131ndaki Kircher&#8217;in daha sonra kanser olmad\u0131\u011f\u0131 bildirilmi\u015fti.<\/p>\n<p style=\"text-align: justify;\">Dokudan al\u0131nan \u00f6rneklerin incelenmesi sonucunda Kirchner&#8217;in tiroit bezinde iki nod\u00fcl\u00fcn varl\u0131\u011f\u0131n\u0131n belirlendi\u011fi, ancak kanser h\u00fccresine rastlanmad\u0131\u011f\u0131n\u0131 a\u00e7\u0131klanm\u0131\u015ft\u0131.<\/p>\n<p style=\"text-align: justify;\">2003-2007&#8217;de Devlet Ba\u015fkanl\u0131\u011f\u0131 yapan e\u015fi Nestor Kirchner&#8217;i ge\u00e7en y\u0131l 27 Ekim&#8217;de kaybeden ve hala yas tutan Cristina Fernandez Kirchner, 23 Ekim&#8217;de yap\u0131lan Devlet Ba\u015fkanl\u0131\u011f\u0131 se\u00e7iminde oylar\u0131n yakla\u015f\u0131k y\u00fczde 55&#8217;ini alarak yeniden Devlet Ba\u015fkan\u0131 se\u00e7ilmi\u015fti.<\/p>\n<p style=\"text-align: justify;\">Kirchner, Latin Amerika&#8217;da devlet ba\u015fkanl\u0131\u011f\u0131na ikinci kez se\u00e7ilen ilk kad\u0131n oldu.<\/p>\n<p style=\"text-align: justify;\"><a href=\"http:\/\/www.cnnturk.com\/2012\/dunya\/01\/26\/gorevinin.basina.dondu\/646470.0\/index.html\" target=\"_blank\">Kaynak : CNN T\u00dcRK<\/a><\/p>\n","protected":false},"excerpt":{"rendered":"<p style=\"text-align: center;\">\n<p style=\"text-align: justify;\">Kanser \u015f\u00fcphesiyle bu ay\u0131n ba\u015f\u0131nda tiroit ameliyat\u0131 ge\u00e7iren Arjantin Devlet Ba\u015fkan\u0131 Christina Fernandez Kirchner i\u015fba\u015f\u0131 yapt\u0131.<\/p>\n<p style=\"text-align: justify;\">\u00d6\u011fleden sonra devlet ba\u015fkanl\u0131\u011f\u0131 binas\u0131na gelen ve ameliyat\u0131ndan sonra ilk resmi i\u015f olarak, b\u00f6lgelerle yap\u0131lan bir dizi anla\u015fmay\u0131 imzalayan 58 ya\u015f\u0131ndaki Kirchner, bakanlar\u0131na boynundaki ameliyat izini g\u00f6stererek, \u00e7ok estetik g\u00f6r\u00fcnmedi\u011finden fular takmay\u0131 <\/p>\n","protected":false},"author":1,"featured_media":0,"comment_status":"open","ping_status":"open","sticky":false,"template":"","format":"standard","meta":{"footnotes":""},"categories":[3],"tags":[773,772],"class_list":["post-47795","post","type-post","status-publish","format-standard","hentry","category-dunya","tag-arjantin","tag-christina-fernandez-kirchner","odd"],"_links":{"self":[{"href":"http:\/\/www.korhanyilmaz.com\/index.php?rest_route=\/wp\/v2\/posts\/47795","targetHints":{"allow":["GET"]}}],"collection":[{"href":"http:\/\/www.korhanyilmaz.com\/index.php?rest_route=\/wp\/v2\/posts"}],"about":[{"href":"http:\/\/www.korhanyilmaz.com\/index.php?rest_route=\/wp\/v2\/types\/post"}],"author":[{"embeddable":true,"href":"http:\/\/www.korhanyilmaz.com\/index.php?rest_route=\/wp\/v2\/users\/1"}],"replies":[{"embeddable":true,"href":"http:\/\/www.korhanyilmaz.com\/index.php?rest_route=%2Fwp%2Fv2%2Fcomments&post=47795"}],"version-history":[{"count":0,"href":"http:\/\/www.korhanyilmaz.com\/index.php?rest_route=\/wp\/v2\/posts\/47795\/revisions"}],"wp:attachment":[{"href":"http:\/\/www.korhanyilmaz.com\/index.php?rest_route=%2Fwp%2Fv2%2Fmedia&parent=47795"}],"wp:term":[{"taxonomy":"category","embeddable":true,"href":"http:\/\/www.korhanyilmaz.com\/index.php?rest_route=%2Fwp%2Fv2%2Fcategories&post=47795"},{"taxonomy":"post_tag","embeddable":true,"href":"http:\/\/www.korhanyilmaz.com\/index.php?rest_route=%2Fwp%2Fv2%2Ftags&post=47795"}],"curies":[{"name":"wp","href":"https:\/\/api.w.org\/{rel}","templated":true}]}}