{"id":47790,"date":"2012-01-26T10:56:13","date_gmt":"2012-01-26T08:56:13","guid":{"rendered":"http:\/\/www.korhanyilmaz.com\/?p=47790"},"modified":"2012-01-26T11:33:19","modified_gmt":"2012-01-26T09:33:19","slug":"turkiyede-gazeteciler-yargi-tacizi-altinda","status":"publish","type":"post","link":"http:\/\/www.korhanyilmaz.com\/?p=47790","title":{"rendered":"T\u00fcrkiye&#8217;de gazeteciler yarg\u0131 tacizi alt\u0131nda"},"content":{"rendered":"<p style=\"text-align: center;\"><a href=\"http:\/\/www.korhanyilmaz.com\/wp-content\/uploads\/2012\/01\/9489.jpg\"  class=\"lightview\"><img loading=\"lazy\" decoding=\"async\" class=\"aligncenter  wp-image-47791\" src=\"http:\/\/www.korhanyilmaz.com\/wp-content\/uploads\/2012\/01\/9489.jpg\" alt=\"\" width=\"311\" height=\"243\" \/><\/a><\/p>\n<p style=\"text-align: justify;\">\u0130nsan Haklar\u0131 \u0130zleme \u00d6rg\u00fct\u00fc&#8217;n\u00fcn, New York&#8217;taki Birle\u015fmi\u015f Milletler Genel Merkezi&#8217;nde T\u00fcrkiye&#8217;ye y\u00f6nelik sert ele\u015ftirilerinin ard\u0131ndan, bu kez de S\u0131n\u0131r Tan\u0131mayan Gazeteciler \u00d6rg\u00fct\u00fc, T\u00fcrkiye&#8217;ye y\u00f6nelik a\u011f\u0131r ele\u015ftiriler i\u00e7eren bir rapor yay\u0131nlad\u0131. \u00d6rg\u00fcte g\u00f6re T\u00fcrkiye&#8217;de gazeteciler yarg\u0131 tacizi alt\u0131nda.<\/p>\n<p style=\"text-align: justify;\">\u00d6rg\u00fct\u00fcn 2011-2012 aral\u0131\u011f\u0131n\u0131 i\u00e7eren raporda, &#8216;T\u00fcrkiye eski al\u0131\u015fkanl\u0131klar\u0131na geri d\u00f6nd\u00fc&#8217; de\u011ferlendirmesi yap\u0131ld\u0131. Ge\u00e7en y\u0131l bas\u0131n \u00f6zg\u00fcrl\u00fc\u011f\u00fc konusunda d\u00fcnyada 138. s\u0131rada bulunan T\u00fcrkiye, bu d\u00f6nem 10 basamak birden d\u00fc\u015ferek 148. s\u0131rada yer ald\u0131.<!--more--><\/p>\n<p style=\"text-align: justify;\">\u0130nsan Haklar\u0131 \u0130zleme \u00d6rg\u00fct\u00fc&#8217;n\u00fcn, New York&#8217;taki Birle\u015fmi\u015f Milletler Genel Merkezi&#8217;nde T\u00fcrkiye&#8217;ye y\u00f6nelik sert ele\u015ftirilerinin ard\u0131ndan, bu kez de S\u0131n\u0131r Tan\u0131mayan Gazeteciler \u00d6rg\u00fct\u00fc, T\u00fcrkiye&#8217;ye y\u00f6nelik a\u011f\u0131r ele\u015ftiriler i\u00e7eren bir rapor yay\u0131nlad\u0131.<\/p>\n<p style=\"text-align: justify;\">\u00d6rg\u00fct\u00fcn 2011-2012 aral\u0131\u011f\u0131n\u0131 i\u00e7eren raporda, &#8216;T\u00fcrkiye eski al\u0131\u015fkanl\u0131klar\u0131na geri d\u00f6nd\u00fc&#8217; de\u011ferlendirmesi yap\u0131ld\u0131. Ge\u00e7en y\u0131l bas\u0131n \u00f6zg\u00fcrl\u00fc\u011f\u00fc konusunda d\u00fcnyada 138. s\u0131rada bulunan T\u00fcrkiye, bu donem 10 basamak birden d\u00fc\u015ferek 148. s\u0131rada yer ald\u0131. 2011 y\u0131l\u0131 i\u00e7inde T\u00fcrkiye&#8217;de gazeteciler &#8216;yarg\u0131 tacizine&#8217; u\u011frad\u0131 denilen raporda, &#8216;ter\u00f6rizmle m\u00fccadele ad\u0131m alt\u0131nda, onlarca gazeteci Ergenekon, KCK, ve yasad\u0131\u015f\u0131 PKK \u00fcyesi yada yanda\u015f\u0131 olduklar\u0131 gerek\u00e7esi ile yarg\u0131lanmadan hapse at\u0131ld\u0131. E\u015fi, benzeri g\u00f6r\u00fclmemi\u015f \u00e7apta g\u00f6zalt\u0131 ve tutuklamalar, telefon dinlemeleri ve gazetecilerin bilgi kayna\u011f\u0131n\u0131 sakl\u0131 tutma haklar\u0131n\u0131n g\u00f6z ard\u0131 edildi\u011fi ortam, medya kaynaklar\u0131n\u0131n sindirilmesine yol a\u00e7t\u0131&#8217; g\u00f6r\u00fc\u015flerine yer verildi.<\/p>\n<p style=\"text-align: justify;\">S\u0131n\u0131r Tan\u0131mayan Gazeteciler \u00d6rg\u00fct\u00fc&#8217;n\u00fcn raporunda, bas\u0131n \u00f6zg\u00fcrl\u00fc\u011f\u00fcn\u00fcn en iyi oldu\u011fu \u00fclkeler s\u0131ralamas\u0131nda, Finlandiya ve Norve\u00e7&#8217;i ge\u00e7en y\u0131l oldu\u011fu gibi ilk iki s\u0131rada, Estonya&#8217;y\u0131 da \u00fc\u00e7\u00fcnc\u00fc s\u0131rada g\u00f6sterdi. Raporda, \u0130ngiltere 28., Avustralya 30., Tanzanya 34., Gana 41., ABD 47., Yunanistan 70., Ermenistan 77., Kenya 84., KKTC 102., Endonezya 146., s\u0131rada yer ald\u0131. T\u00fcrkiye&#8217;nin gecen y\u0131la 10 basamak birden gerileyerek 148. s\u0131rada yer ald\u0131\u011f\u0131 raporda, Afganistan 150., Suudi Arabistan 158., Somali 164., \u00c7in 174., \u0130ran 175. s\u0131rada yer ald\u0131. Raporda son iki s\u0131ras\u0131nda, 178. ve 179. \u00fclkeler olarak Kuzey Kore ve Eritre&#8217;ye yer verildi.<\/p>\n<p style=\"text-align: justify;\">Raporla birlikte medyan\u0131n gazetecilerin \u00f6zg\u00fcrl\u00fck derecesini \u015femaland\u0131ran d\u00fcnya haritas\u0131nda, \u00f6zg\u00fcrl\u00fck d\u00fczeyi en y\u00fcksek olan \u00fclkeler, beyaz, y\u00fcksek olan \u00fclkeler sar\u0131, orta derece olan \u00fclkeler turuncu, k\u00f6t\u00fc olan \u00fclkeler k\u0131rm\u0131z\u0131, en kotu olan \u00fclkeler de siyah renklerle simgelendirildi. T\u00fcrkiye, k\u0131rm\u0131z\u0131 renkli haritayla &#8216;medya ve gazetecilerin \u00f6zg\u00fcrl\u00fc\u011f\u00fcn\u00fcn k\u00f6t\u00fc&#8217; oldu\u011fu \u00fclkeler i\u00e7inde yer ald\u0131.<\/p>\n<p style=\"text-align: justify;\">Haber alma ve haber verme \u00f6zg\u00fcrl\u00fc\u011f\u00fcn\u00fcn geli\u015ftirilmesi i\u00e7in u\u011fra\u015f veren meslek \u00f6rg\u00fctlerinden biri olan, Paris merkezli S\u0131n\u0131r Tan\u0131mayan Gazeteciler \u00d6rg\u00fct\u00fc&#8217;n\u00fcn, New York, Washington DC, Montreal, Stockholm, Berlin, Br\u00fcksel, Cenevre, Madrid ve Tunus&#8217;ta b\u00fcrolar\u0131, 5 k\u0131tada da 150&#8217;yi a\u015fk\u0131n temsilcisi bulunuyor.<\/p>\n<p style=\"text-align: justify;\"><a href=\"http:\/\/www.cnnturk.com\/2012\/turkiye\/01\/26\/turkiyede.gazeteciler.yargi.tacizi.altinda\/646480.0\/index.html\" target=\"_blank\">Kaynak : CNN T\u00dcRK<\/a><\/p>\n","protected":false},"excerpt":{"rendered":"<p style=\"text-align: center;\">\n<p style=\"text-align: justify;\">\u0130nsan Haklar\u0131 \u0130zleme \u00d6rg\u00fct\u00fc&#8217;n\u00fcn, New York&#8217;taki Birle\u015fmi\u015f Milletler Genel Merkezi&#8217;nde T\u00fcrkiye&#8217;ye y\u00f6nelik sert ele\u015ftirilerinin ard\u0131ndan, bu kez de S\u0131n\u0131r Tan\u0131mayan Gazeteciler \u00d6rg\u00fct\u00fc, T\u00fcrkiye&#8217;ye y\u00f6nelik a\u011f\u0131r ele\u015ftiriler i\u00e7eren bir rapor yay\u0131nlad\u0131. \u00d6rg\u00fcte g\u00f6re T\u00fcrkiye&#8217;de gazeteciler yarg\u0131 tacizi alt\u0131nda.<\/p>\n<p style=\"text-align: justify;\">\u00d6rg\u00fct\u00fcn 2011-2012 aral\u0131\u011f\u0131n\u0131 i\u00e7eren raporda, &#8216;T\u00fcrkiye eski al\u0131\u015fkanl\u0131klar\u0131na geri d\u00f6nd\u00fc&#8217; de\u011ferlendirmesi <\/p>\n","protected":false},"author":1,"featured_media":0,"comment_status":"open","ping_status":"open","sticky":false,"template":"","format":"standard","meta":{"footnotes":""},"categories":[105],"tags":[],"class_list":["post-47790","post","type-post","status-publish","format-standard","hentry","category-gundem","odd"],"_links":{"self":[{"href":"http:\/\/www.korhanyilmaz.com\/index.php?rest_route=\/wp\/v2\/posts\/47790","targetHints":{"allow":["GET"]}}],"collection":[{"href":"http:\/\/www.korhanyilmaz.com\/index.php?rest_route=\/wp\/v2\/posts"}],"about":[{"href":"http:\/\/www.korhanyilmaz.com\/index.php?rest_route=\/wp\/v2\/types\/post"}],"author":[{"embeddable":true,"href":"http:\/\/www.korhanyilmaz.com\/index.php?rest_route=\/wp\/v2\/users\/1"}],"replies":[{"embeddable":true,"href":"http:\/\/www.korhanyilmaz.com\/index.php?rest_route=%2Fwp%2Fv2%2Fcomments&post=47790"}],"version-history":[{"count":0,"href":"http:\/\/www.korhanyilmaz.com\/index.php?rest_route=\/wp\/v2\/posts\/47790\/revisions"}],"wp:attachment":[{"href":"http:\/\/www.korhanyilmaz.com\/index.php?rest_route=%2Fwp%2Fv2%2Fmedia&parent=47790"}],"wp:term":[{"taxonomy":"category","embeddable":true,"href":"http:\/\/www.korhanyilmaz.com\/index.php?rest_route=%2Fwp%2Fv2%2Fcategories&post=47790"},{"taxonomy":"post_tag","embeddable":true,"href":"http:\/\/www.korhanyilmaz.com\/index.php?rest_route=%2Fwp%2Fv2%2Ftags&post=47790"}],"curies":[{"name":"wp","href":"https:\/\/api.w.org\/{rel}","templated":true}]}}