{"id":47786,"date":"2012-01-26T08:03:52","date_gmt":"2012-01-26T06:03:52","guid":{"rendered":"http:\/\/www.korhanyilmaz.com\/?p=47786"},"modified":"2012-01-26T11:22:48","modified_gmt":"2012-01-26T09:22:48","slug":"21-yilda-1901-faili-mechul","status":"publish","type":"post","link":"http:\/\/www.korhanyilmaz.com\/?p=47786","title":{"rendered":"21 y\u0131lda 1901 faili me\u00e7hul"},"content":{"rendered":"<p style=\"text-align: center;\"><a href=\"http:\/\/www.korhanyilmaz.com\/wp-content\/uploads\/2012\/01\/9488.jpg\"  class=\"lightview\"><img loading=\"lazy\" decoding=\"async\" class=\"aligncenter  wp-image-47787\" src=\"http:\/\/www.korhanyilmaz.com\/wp-content\/uploads\/2012\/01\/9488.jpg\" alt=\"\" width=\"344\" height=\"260\" \/><\/a><\/p>\n<p style=\"text-align: justify;\">1990-2011 aras\u0131ndaki toplam faili me\u00e7hul cinayet say\u0131s\u0131 bin 901. T\u0130HV Y\u00f6netim Kurulu \u00dcyesi Co\u015fkun \u00dcsterci, 1992-1993\u2019teki faili me\u00e7hullere ili\u015fkin dosyalar\u0131n, e\u011fer hemen soru\u015fturulmazsa, zamana\u015f\u0131m\u0131 nedeniyle ortadan kalkaca\u011f\u0131n\u0131 s\u00f6yledi.<\/p>\n<p style=\"text-align: justify;\">TBMM \u0130nsan Haklar\u0131n\u0131 \u0130nceleme Komisyonu b\u00fcnyesinde, ter\u00f6r ve \u015fiddet olaylar\u0131ndaki ya\u015fam hakk\u0131 ihlallerini incelemek i\u00e7in kurulan alt komisyonda d\u00fcn T\u00fcrkiye \u0130nsan Haklar\u0131 Vakf\u0131 (T\u0130HV) Y\u00f6netim Kurulu \u00fcyesi Co\u015fkun \u00dcsterci dinlendi.<!--more--><\/p>\n<p style=\"text-align: justify;\">Devletin insan haklar\u0131 ihlallerini kayda alan bir \u00e7al\u0131\u015fma yapmad\u0131\u011f\u0131n\u0131 ifade eden \u00dcsterci, 1990\u2019l\u0131 y\u0131llarda yo\u011fun insan haklar\u0131 ihlalleri ya\u015fand\u0131\u011f\u0131n\u0131 ve 1990-1994 aras\u0131nda ihlallerin \u201cpik\u201d yapt\u0131\u011f\u0131n\u0131 s\u00f6yledi. \u00dcsterci, \u201c1992-1993-1994 y\u0131llar\u0131nda, faili me\u00e7hul cinayetler, yarg\u0131s\u0131z infazlar, g\u00f6zalt\u0131nda ya da cezaevinde hayat\u0131n\u0131 kaybetme var\u201d dedi.<\/p>\n<p style=\"text-align: justify;\"><strong>Zaman a\u015f\u0131m\u0131na dikkat<\/strong><\/p>\n<p style=\"text-align: justify;\">Zaman a\u015f\u0131m\u0131 s\u00fcresinin ya\u015fam hakk\u0131 ihlaline y\u00f6nelik su\u00e7larda uygulanmamas\u0131n\u0131 isteyen \u00dcsterci, 1992-1993\u2019teki faili me\u00e7hullere ili\u015fkin dosyalar\u0131n, e\u011fer hemen soru\u015fturulmazsa, zamana\u015f\u0131m\u0131 nedeniyle ortadan kalkaca\u011f\u0131n\u0131 anlatt\u0131. Susurluk raporunda 1990\u2018l\u0131 y\u0131llar\u0131n ba\u015f\u0131na \u00f6zel bir g\u00f6nderme yap\u0131ld\u0131\u011f\u0131n\u0131 belirten \u00dcsterci, \u201cBu y\u0131llarda neden artt\u0131\u011f\u0131na bakt\u0131\u011f\u0131m\u0131zda, kar\u015f\u0131m\u0131za K\u00fcrt sorunu \u00e7\u0131k\u0131yor. Devlet, kontrgerilla ve harp y\u00f6ntemlerine y\u00f6nelince a\u011f\u0131r hak ihlalleri ya\u015fanmaya ba\u015fl\u0131yor\u201d diye konu\u015ftu.<\/p>\n<p style=\"text-align: justify;\">Faili me\u00e7hul cinayetler aras\u0131nda \u00e7ok say\u0131da \u00fcnl\u00fc ismin varl\u0131\u011f\u0131 da dikkati \u00e7ekiyor. Bunlar aras\u0131nda K\u00fcrt yazar Musa Anter, eski HEP \u0130l Ba\u015fkan\u0131 Vedat Ayd\u0131n, Adnan Ers\u00f6z, General Bahtiyar Ayd\u0131n, J\u0130TEM\u2019in kurucular\u0131 aras\u0131nda yer ald\u0131\u011f\u0131 ileri s\u00fcr\u00fclen Cem Ersever, General Hulusi Say\u0131n, Necip Hablemito\u011flu, Albay R\u0131dvan \u00d6zden, \u00f6\u011fretmen S\u0131dd\u0131k Bilgin, Turan Dursun, Bahriye \u00dc\u00e7ok, gazeteci-yazar U\u011fur Mumcu, \u00c7etin Eme\u00e7, Cizre\u2019de 1992 y\u0131l\u0131nda Nevruz kutlamalar\u0131nda ya\u015fam\u0131n\u0131 yitiren gazeteci \u0130zzet Kezer, Sava\u015f Buldan, Beh\u00e7et Cant\u00fcrk, Nam\u0131k Erdo\u011fan, HADEP Silopi \u0130l\u00e7e Ba\u015fkan\u0131 Serdar Tan\u0131\u015f ve parti y\u00f6neticisi Ebubekir Deniz de yer al\u0131yor.<\/p>\n<p style=\"text-align: justify;\"><strong>Utan\u00e7 bilan\u00e7osu<\/strong><\/p>\n<p style=\"text-align: justify;\">\u00dcsterci\u2019nin sundu\u011fu rapora g\u00f6re, 1990-2011 aras\u0131ndaki toplam faili me\u00e7hul cinayet say\u0131s\u0131 bin 901. Faili me\u00e7hul cinayetlerin en yo\u011fun ya\u015fand\u0131\u011f\u0131 d\u00f6nemler, 1992-1993-1994 y\u0131llar\u0131. 1990\u2019da 11, 1991\u2019de 31 olan faili me\u00e7hul cinayetler, 1992\u2019dan itibaren t\u0131rman\u0131\u015fa ge\u00e7iyor. 1992\u2019de 362, 1993\u2019te 467, 1994\u2019te 423 faili me\u00e7hul cinayet ger\u00e7ekle\u015fiyor. 1995\u2019ten (166) itibaren azalmaya ba\u015flayan faili me\u00e7hul cinayetler, 1996\u2019da 113\u2019e, 1997\u2019de 65\u2019e, 1998\u2019de 45\u2019e, 1999\u2019da 52\u2019ye d\u00fc\u015f\u00fcyor. 2000\u2019de 13, 2001\u2019de 24, 2002\u2019de 8, 2003\u2019te 16, 2004\u2019te 8, 2005\u2019te 4, 2006\u2019da 21 faili me\u00e7hul cinayet i\u015fleniyor. 2000 ile 2007\u2019de en az faili me\u00e7hul cinayet ger\u00e7ekle\u015firken, di\u011fer y\u0131llardaki faili me\u00e7huller \u015f\u00f6yle:<\/p>\n<p style=\"text-align: justify;\">2008 (30), 2009 (18), 2010 (9), 2011 (13). Raporda, yarg\u0131s\u0131z infaz, dur ihtar\u0131 ve rastgele ate\u015f a\u00e7ma nedeniyle ya\u015fam hakk\u0131 ihlallerinin en \u00e7ok ya\u015fand\u0131\u011f\u0131 y\u0131llar olarak 1992-1993-1994-1996 y\u0131llar\u0131 s\u0131ralan\u0131yor. Buna g\u00f6re, 1991\u2019de 98, 1992\u2019de 283, 1993\u2019te 189, 1994\u2019te 129, 1995\u2019te 96, 1996\u2019da 129 ya\u015fam hakk\u0131 ihlali ya\u015fan\u0131rken, di\u011fer y\u0131llardaki ihlaller \u015f\u00f6yle: 1997 (98), 1998 (80), 1999 (63), 2000 (56), 2001 (37), 2002 (38), 2003 (46), 2004 (35), 2005 (61), 2006 (49), 2007 (24, 2008 (37), 2009 (48), 2010 (29) 2011 (59). Toplamda yarg\u0131s\u0131z infaz, dur ihtar\u0131 ve rastgele ate\u015f a\u00e7ma nedeniyle ya\u015fam hakk\u0131 ihlal edilenleri say\u0131s\u0131 ise bin 684 ki\u015fi.<\/p>\n<p style=\"text-align: justify;\"><strong>\u2018Uza\u011fa g\u00f6mmeye bile \u00fc\u015fendiler!\u2019<\/strong><\/p>\n<p style=\"text-align: justify;\">Diyarbak\u0131r \u0130\u00e7kale\u2019de ortaya \u00e7\u0131kar\u0131lan insan kemiklerine y\u00f6nelik a\u00e7\u0131klama yapan \u00dcsterci, \u201cKemikler J\u0130TEM\u2019in bulundu\u011fu yerin bah\u00e7esinde bulunuyor. Failler o kadar pervas\u0131zlar ki hukukun kendilerine dokunmayaca\u011f\u0131na o kadar eminler ki cesetleri uza\u011fa de\u011fil hemen oraya g\u00f6m\u00fcyorlar\u201d diye konu\u015ftu. Ak Partili Oya Eronat, \u201cDiyarbak\u0131r\u2019da o kemiklerin bulundu\u011fu yere gittim, kemiklerin resimlerini g\u00f6rd\u00fcm, \u00fcst \u00fcste geli\u015fi g\u00fczeldi. Siz \u2019J\u0130TEM yapt\u0131\u2019 dediniz ve beni \u015fa\u015f\u0131rtt\u0131n\u0131z. O kemiklerin bir arada olmas\u0131n\u0131n bir nedeni olabilir, toprak kaym\u0131\u015f olabilir, ya\u011fmurdan olabilir, ba\u015fka bir \u015fey olabilir\u201d dedi. MHP\u2019li Yusuf Hala\u00e7o\u011flu ise, \u201cResimlerde kemiklerin biraz eski oldu\u011funu g\u00f6rd\u00fcm. \u00c7ok yak\u0131n d\u00f6neme ait olsayd\u0131, kemikler daha sa\u011flam olurdu\u201d yorumu yapt\u0131. Eronat, \u00dcsterci\u2019ye, PKK\u2019n\u0131n ger\u00e7ekle\u015ftirdi\u011fi faili me\u00e7hulleri de ara\u015ft\u0131r\u0131p ara\u015ft\u0131rmad\u0131klar\u0131n\u0131 sorarak, \u201cBenim tespitlerime g\u00f6re, faili me\u00e7hul rakam\u0131 yakla\u015f\u0131k 4 bin. Bir parti 17 bin rakam\u0131n\u0131 dile getiriyor, demek ki bir balon u\u00e7uruyor\u201d dedi. \u00dcsterci ise ki\u015fisel olarak faili me\u00e7hullerin say\u0131s\u0131n\u0131n 6-7 bin civar\u0131nda oldu\u011funu tahmin etti\u011fini s\u00f6yledi.<\/p>\n<p style=\"text-align: justify;\"><strong>Bunlar\u0131n hesab\u0131n\u0131 sorun!<\/strong><\/p>\n<p style=\"text-align: justify;\">Diyarbak\u0131r\u2019\u0131n Sur il\u00e7esi \u0130\u00e7kale Mevkii\u2019nde bulunan ve 1990\u2019l\u0131 y\u0131larda Jandarma Merkez Komutanl\u0131\u011f\u0131, Diyarbak\u0131r Cezaevi ve Adliye binas\u0131n\u0131n bulundu\u011fu alanda ba\u015flat\u0131lan restorasyon \u00e7al\u0131\u015fmas\u0131 s\u0131ras\u0131nda insan kafataslar\u0131\u0131 \u00e7\u0131kmas\u0131 \u00fczerine, Diyarbak\u0131r \u00d6zel Yetkili Cumhuriyet Ba\u015fsavc\u0131l\u0131\u011f\u0131 el koydu. D\u00fcnki kaz\u0131larda 4 kafatas\u0131 daha bulundu. Kaz\u0131larda bulunan kafatas\u0131 say\u0131s\u0131 23\u2019e y\u00fckseldi.<\/p>\n<p style=\"text-align: justify;\">\u2018<strong>Y\u00fczle\u015fmek zorundas\u0131n\u0131z\u2019<\/strong><\/p>\n<p style=\"text-align: justify;\">\u0130\u00e7kale\u2019de kafataslar\u0131 bulunmas\u0131 \u00fczerine 36 kay\u0131p yak\u0131n\u0131, Adliye\u2019ye giderek Cumhuriyet Savc\u0131l\u0131\u011f\u0131\u2019na su\u00e7 duyurusunda bulundu. Ellerinde kay\u0131p yak\u0131nlar\u0131n\u0131n foto\u011fraflar\u0131n\u0131 ta\u015f\u0131yan yakla\u015f\u0131k 50 ki\u015fi, Adliye binas\u0131 \u00f6n\u00fcnde bas\u0131n a\u00e7\u0131klamas\u0131 yapt\u0131. \u0130HD Diyarbak\u0131r \u015eube Sekreteri Raci Bilici, \u201cBuras\u0131 s\u0131radan bir yer de\u011fil. J\u0130TEM\u2019in ana karargah\u0131d\u0131r. Oras\u0131 insanlar\u0131n infaz edildi\u011fi yerdir.<\/p>\n<p style=\"text-align: justify;\">B\u00fct\u00fcn b\u00f6lge b\u00fct\u00fcn insanlar orada katliamlar\u0131n yap\u0131ld\u0131\u011f\u0131n\u0131 biliyor. B\u00fct\u00fcn giri\u015fimlerimize ra\u011fmen herhangi bir soru\u015fturma yap\u0131lmad\u0131. Faili me\u00e7hul cinayetleri i\u015fleyen ya da organize edenler devletin \u00fcst d\u00fczey yetkilileri.<\/p>\n<p style=\"text-align: justify;\">Bunlar nereden, nas\u0131l ka\u00e7\u0131r\u0131lm\u0131\u015f, kimler kaybetmi\u015f, kimin emriyle kaybetmi\u015f hepsi sizin elinizde mevcuttur. Siz isteseniz bunlar\u0131 24 saatte a\u00e7\u0131\u011fa \u00e7\u0131kart\u0131rs\u0131n\u0131z. Ba\u015fbakan\u2019a, Adalet ve \u0130\u00e7i\u015fleri bakanlar\u0131na sesleniyoruz; Bu kirlili\u011fin \u00fczerine oturman\u0131n bir anlam\u0131 yok. Bir g\u00fcn gelecek bunlarla y\u00fczle\u015fme zorunda kalacaks\u0131n\u0131z.<\/p>\n<p style=\"text-align: justify;\">O g\u00fcn\u00fcn bug\u00fcn olmas\u0131 gerekir. Bug\u00fcn bunlarla y\u00fczle\u015fin. Ar\u015fivlerinizi a\u00e7\u0131n. Ge\u00e7mi\u015fte kim bu \u00fclkede insanl\u0131\u011fa kar\u015f\u0131 bir su\u00e7 i\u015flemi\u015fse bunlar\u0131n hesab\u0131n\u0131 sorun. Bu h\u00fck\u00fcmet siyasi irade g\u00f6sterip, ucu nereye dokunursa dokunsun \u00fczerine gitsin\u201d diye konu\u015ftu.<\/p>\n<p style=\"text-align: justify;\"><span style=\"text-decoration: underline;\"><strong>21 y\u0131l\u0131n h\u00fck\u00fcmetleri:<\/strong><\/span><\/p>\n<p style=\"text-align: justify;\">&#8211; Y\u0131ld\u0131r\u0131m Akbulut H\u00fck\u00fcmeti: 9 Kas\u0131m 1989 &#8211; 23 Haziran 1991<\/p>\n<p style=\"text-align: justify;\">&#8211; Mesut Y\u0131lmaz H\u00fck\u00fcmeti: 23 Haziran 1991 &#8211; 20 Kas\u0131m 1991<\/p>\n<p style=\"text-align: justify;\">&#8211; Yedinci S\u00fcleyman Demirel H\u00fck\u00fcmeti: 21 Kas\u0131m 1991 &#8211; 25 Haziran 1993<\/p>\n<p style=\"text-align: justify;\">&#8211; Tansu \u00c7iller H\u00fck\u00fcmeti: 25 Haziran 1993 &#8211; 5 Ekim 1995<\/p>\n<p style=\"text-align: justify;\">&#8211; \u0130kinci Tansu \u00c7iller H\u00fck\u00fcmeti: 5 Ekim 1995 &#8211; 30 Ekim 1995<\/p>\n<p style=\"text-align: justify;\">&#8211; \u00dc\u00e7\u00fcnc\u00fc Tansu \u00c7iller H\u00fck\u00fcmeti: 30 Ekim 1995 &#8211; 6 Mart 1996<\/p>\n<p style=\"text-align: justify;\">&#8211; \u0130kinci Mesut Y\u0131lmaz H\u00fck\u00fcmeti: 6 Mart 1996 &#8211; 28 Haziran 1996<\/p>\n<p style=\"text-align: justify;\">&#8211; Necmettin Erbakan H\u00fck\u00fcmeti: 28 Haziran 1996 &#8211; 30 Haziran 1997<\/p>\n<p style=\"text-align: justify;\">&#8211; \u00dc\u00e7\u00fcnc\u00fc Mesut Y\u0131lmaz H\u00fck\u00fcmeti: 30 Haziran 1997 &#8211; 11 Ocak 1999<\/p>\n<p style=\"text-align: justify;\">&#8211; D\u00f6rd\u00fcnc\u00fc B\u00fclent Ecevit H\u00fck\u00fcmeti: 11 Ocak 1999 &#8211; 28 May\u0131s 1999<\/p>\n<p style=\"text-align: justify;\">&#8211; Be\u015finci B\u00fclent Ecevit H\u00fck\u00fcmeti: 28 May\u0131s 1999 &#8211; 18 Kaz\u0131m 2002<\/p>\n<p style=\"text-align: justify;\">&#8211; Abdullah G\u00fcl H\u00fck\u00fcmeti: 18 Kas\u0131m 2002 &#8211; 14 Mart 2003<\/p>\n<p style=\"text-align: justify;\">&#8211; Recep Tayyip Erdo\u011fan H\u00fck\u00fcmeti: 14 Mart 1003 &#8211; 29 A\u011fustos 2007<\/p>\n<p style=\"text-align: justify;\">&#8211; \u0130kinci Recep Tayyip Erdo\u011fan H\u00fck\u00fcmeti: 29 A\u011fustos 2007 &#8211; 6 Temmuz 2011<\/p>\n<p style=\"text-align: justify;\">&#8211; \u00dc\u00e7\u00fcnc\u00fc Recep Tayyip Erdo\u011fan H\u00fck\u00fcmeti: 6 Temmuz 2011<\/p>\n<p style=\"text-align: justify;\"><span style=\"text-decoration: underline;\"><strong>1990\u2019dan bu yana Emniyet Genel M\u00fcd\u00fcrleri:<\/strong><\/span><\/p>\n<p style=\"text-align: justify;\">Sabahattin \u00c7akmako\u011flu: 14 Ocak 1988 &#8211; 11 Nisan 1990<\/p>\n<p style=\"text-align: justify;\">Necati Bilican: 16 Nisan 1990 &#8211; 9 Temmuz 1991<\/p>\n<p style=\"text-align: justify;\">\u00dcnal Erkan: 9 Temmuz 1991 &#8211; 18 \u015eubat 1992<\/p>\n<p style=\"text-align: justify;\">Y\u0131lmaz Erg\u00fcn: 18 \u015eubat 1992 &#8211; 10 Temmuz 1993<\/p>\n<p style=\"text-align: justify;\">Mehmet A\u011far: 10 Temmuz 1993 &#8211; 31 Ekim 1995<\/p>\n<p style=\"text-align: justify;\">Alaaddin Y\u00fcksel: 12 Nisan 1996 &#8211; 26 May\u0131s 1997<\/p>\n<p style=\"text-align: justify;\">Kemal \u00c7elik: 26 May\u0131s 1997 &#8211; 1 A\u011fustos 1997<\/p>\n<p style=\"text-align: justify;\">Necati Bilican: 1 A\u011fustos 1997 &#8211; 9 Haziran 1999<\/p>\n<p style=\"text-align: justify;\">Turan Gen\u00e7: 12 Haziran 1999 &#8211; 13 Haziran 2001<\/p>\n<p style=\"text-align: justify;\">Kemal \u00d6nal: 21 Haziran 2001 &#8211; 31 Ocak 2003<\/p>\n<p style=\"text-align: justify;\">G\u00f6khan Ayd\u0131ner: 1 \u015eubat 2003 &#8211; 5 Aral\u0131k 2006<\/p>\n<p style=\"text-align: justify;\">O\u011fuz Ka\u011fan K\u00f6ksal: 12 Mart 2007 &#8211; 10 Mart 2011<\/p>\n<p style=\"text-align: justify;\">Mehmet K\u0131l\u0131\u00e7lar: 11 A\u011fustos 2011 &#8211;<\/p>\n<p style=\"text-align: justify;\"><span style=\"text-decoration: underline;\"><strong>\u2018O d\u00f6nemler\u2019in \u0130\u00e7i\u015fleri Bakanlar\u0131:<\/strong><\/span><\/p>\n<p style=\"text-align: justify;\">Abd\u00fclkadir Aksu: 31 Mart 1989 &#8211; 24 Haziran 1991<\/p>\n<p style=\"text-align: justify;\">Mustafa Kalemli: 24 Haziran 1991 &#8211; 26 A\u011fustos 1991<\/p>\n<p style=\"text-align: justify;\">Sabahattin \u00c7akmako\u011flu: 30 A\u011fustos 1991 &#8211; 21 Kas\u0131m 1991<\/p>\n<p style=\"text-align: justify;\">\u0130smet Sezgin: 22 Kas\u0131m 1991 &#8211; 25 Haziran 1993<\/p>\n<p style=\"text-align: justify;\">Mehmet Gazio\u011flu: 15 Haziran 1993 &#8211; 25 Ekim 1993<\/p>\n<p style=\"text-align: justify;\">Nahit Mente\u015fe: 25 Ekim 1993 &#8211; 1 Kas\u0131m 1995<\/p>\n<p style=\"text-align: justify;\">Teoman \u00dcn\u00fcsan: 1 Kas\u0131m 1995 &#8211; 7 Mart 1996<\/p>\n<p style=\"text-align: justify;\">\u00dclk\u00fc G\u00fcney: 7 Mart 1996 &#8211; 16 Haziran 1996<\/p>\n<p style=\"text-align: justify;\">Mehmet A\u011far: 26 Haziran 1996 &#8211; 8 Kas\u0131m 1996<\/p>\n<p style=\"text-align: justify;\">Meral Ak\u015fener: 8 Kas\u0131m 1996 &#8211; 30 Haziran 1997<\/p>\n<p style=\"text-align: justify;\">Murat Ba\u015fesgio\u011flu: 30 Haziran 1997 &#8211; 5 A\u011fustos 1998<\/p>\n<p style=\"text-align: justify;\">Kutlu Akta\u015f: 5 A\u011fustos 1998 &#8211; 11 Ocak 1999<\/p>\n<p style=\"text-align: justify;\">Cahit Bayar: 11 Ocak 1999 &#8211; 29 May\u0131s 1999<\/p>\n<p style=\"text-align: justify;\">Sadettin Tantan: 29 May\u0131s 1999 &#8211; 6 Haziran 2001<\/p>\n<p style=\"text-align: justify;\">R\u00fc\u015ft\u00fc Kaz\u0131m Y\u00fccelen: 6 Haziran 2001 &#8211; 1 A\u011fustos 2002<\/p>\n<p style=\"text-align: justify;\">Muzaffer Ecemi\u015f: 6 A\u011fustos 2002 &#8211; 19 Kas\u0131m 2002<\/p>\n<p style=\"text-align: justify;\">Abd\u00fclkadir Aksu: 19 Kas\u0131m 2002 &#8211; 8 May\u0131s 2007<\/p>\n<p style=\"text-align: justify;\">Osman G\u00fcne\u015f: 8 May\u0131s 2007 &#8211; 29 A\u011fustos 2007<\/p>\n<p style=\"text-align: justify;\">Be\u015fir Atalay: 29 A\u011fustos 2007 &#8211; 8 Mart 2011<\/p>\n<p style=\"text-align: justify;\">Osman G\u00fcne\u015f: 10 Mart 2011 &#8211; 6 Temmuz 2011<\/p>\n<p style=\"text-align: justify;\">\u0130dris Naim \u015eahin: 6 Temmuz 2011 &#8211;<\/p>\n<p style=\"text-align: justify;\">\u00a0<a href=\"http:\/\/www.cnnturk.com\/2012\/turkiye\/01\/26\/21.yilda.1901.faili.mechul\/646444.0\/index.html\" target=\"_blank\">Kaynak : CNN T\u00dcRK<\/a><\/p>\n","protected":false},"excerpt":{"rendered":"<p style=\"text-align: center;\">\n<p style=\"text-align: justify;\">1990-2011 aras\u0131ndaki toplam faili me\u00e7hul cinayet say\u0131s\u0131 bin 901. T\u0130HV Y\u00f6netim Kurulu \u00dcyesi Co\u015fkun \u00dcsterci, 1992-1993\u2019teki faili me\u00e7hullere ili\u015fkin dosyalar\u0131n, e\u011fer hemen soru\u015fturulmazsa, zamana\u015f\u0131m\u0131 nedeniyle ortadan kalkaca\u011f\u0131n\u0131 s\u00f6yledi.<\/p>\n<p style=\"text-align: justify;\">TBMM \u0130nsan Haklar\u0131n\u0131 \u0130nceleme Komisyonu b\u00fcnyesinde, ter\u00f6r ve \u015fiddet olaylar\u0131ndaki ya\u015fam hakk\u0131 ihlallerini incelemek i\u00e7in kurulan alt komisyonda d\u00fcn T\u00fcrkiye <\/p>\n","protected":false},"author":1,"featured_media":0,"comment_status":"open","ping_status":"open","sticky":false,"template":"","format":"standard","meta":{"footnotes":""},"categories":[105],"tags":[],"class_list":["post-47786","post","type-post","status-publish","format-standard","hentry","category-gundem","odd"],"_links":{"self":[{"href":"http:\/\/www.korhanyilmaz.com\/index.php?rest_route=\/wp\/v2\/posts\/47786","targetHints":{"allow":["GET"]}}],"collection":[{"href":"http:\/\/www.korhanyilmaz.com\/index.php?rest_route=\/wp\/v2\/posts"}],"about":[{"href":"http:\/\/www.korhanyilmaz.com\/index.php?rest_route=\/wp\/v2\/types\/post"}],"author":[{"embeddable":true,"href":"http:\/\/www.korhanyilmaz.com\/index.php?rest_route=\/wp\/v2\/users\/1"}],"replies":[{"embeddable":true,"href":"http:\/\/www.korhanyilmaz.com\/index.php?rest_route=%2Fwp%2Fv2%2Fcomments&post=47786"}],"version-history":[{"count":0,"href":"http:\/\/www.korhanyilmaz.com\/index.php?rest_route=\/wp\/v2\/posts\/47786\/revisions"}],"wp:attachment":[{"href":"http:\/\/www.korhanyilmaz.com\/index.php?rest_route=%2Fwp%2Fv2%2Fmedia&parent=47786"}],"wp:term":[{"taxonomy":"category","embeddable":true,"href":"http:\/\/www.korhanyilmaz.com\/index.php?rest_route=%2Fwp%2Fv2%2Fcategories&post=47786"},{"taxonomy":"post_tag","embeddable":true,"href":"http:\/\/www.korhanyilmaz.com\/index.php?rest_route=%2Fwp%2Fv2%2Ftags&post=47786"}],"curies":[{"name":"wp","href":"https:\/\/api.w.org\/{rel}","templated":true}]}}