{"id":47770,"date":"2012-01-25T19:28:15","date_gmt":"2012-01-25T17:28:15","guid":{"rendered":"http:\/\/www.korhanyilmaz.com\/?p=47770"},"modified":"2012-01-26T02:34:29","modified_gmt":"2012-01-26T00:34:29","slug":"gulden-7-yila-onay","status":"publish","type":"post","link":"http:\/\/www.korhanyilmaz.com\/?p=47770","title":{"rendered":"G\u00fcl&#8217;den 7 y\u0131la onay"},"content":{"rendered":"<p style=\"text-align: center;\"><a href=\"http:\/\/www.korhanyilmaz.com\/wp-content\/uploads\/2012\/01\/9485.jpg\"  class=\"lightview\"><img loading=\"lazy\" decoding=\"async\" class=\"aligncenter  wp-image-47772\" src=\"http:\/\/www.korhanyilmaz.com\/wp-content\/uploads\/2012\/01\/9485.jpg\" alt=\"\" width=\"322\" height=\"241\" \/><\/a><\/p>\n<p style=\"text-align: justify;\">Cumhurba\u015fkan\u0131 Abdullah G\u00fcl, &#8221;Cumhurba\u015fkan\u0131 Se\u00e7imi Kanunu&#8221;nu ve emekli vekil maa\u015flar\u0131yla ilgili d\u00fczenlemeyi onaylad\u0131.<\/p>\n<p style=\"text-align: justify;\">\u0130stanbul \/ Ankara- Cumhurba\u015fkanl\u0131\u011f\u0131 Bas\u0131n Merkezi&#8217;nden yap\u0131lan a\u00e7\u0131klamaya g\u00f6re G\u00fcl&#8217;\u00fcn, 6271 say\u0131l\u0131 &#8221;Cumhurba\u015fkan\u0131 Se\u00e7imi Kanunu&#8221;nu yay\u0131mlanmak \u00fczere Ba\u015fbakanl\u0131\u011fa g\u00f6nderdi\u011fi bildirildi.\u00a0<!--more--><\/p>\n<p style=\"text-align: justify;\"><strong>Se\u00e7imler 5 y\u0131lda bir yap\u0131lacak\u00a0<\/strong><\/p>\n<p style=\"text-align: justify;\">G\u00fcl taraf\u0131ndan onaylanan Cumhurba\u015fkan\u0131 Se\u00e7imi Kanunu&#8217;na g\u00f6re, Cumhurba\u015fkan\u0131 halk taraf\u0131ndan se\u00e7ilecek ve se\u00e7imler 5 y\u0131lda bir yap\u0131lacak.<\/p>\n<p style=\"text-align: justify;\">Kanuna g\u00f6re, se\u00e7im; genel, e\u015fit ve gizli oyla, b\u00fct\u00fcn \u00fclkede ayn\u0131 g\u00fcnde, yarg\u0131 y\u00f6netim ve denetimi alt\u0131nda yap\u0131lacak.<\/p>\n<p style=\"text-align: justify;\"><strong>Yurt d\u0131\u015f\u0131nda oy kullan\u0131labilecek\u00a0<\/strong><\/p>\n<p style=\"text-align: justify;\">Yurt d\u0131\u015f\u0131nda ya\u015fayan T\u00fcrk yurtta\u015flar\u0131n\u0131n oy kullanmalar\u0131 da sa\u011flanacak.<\/p>\n<p style=\"text-align: justify;\">Oylar\u0131n say\u0131m\u0131, d\u00f6k\u00fcm\u00fc ve tutanaklara ba\u011flanmas\u0131, a\u00e7\u0131k olarak ger\u00e7ekle\u015ftirilecek.<\/p>\n<p style=\"text-align: justify;\">Y\u00fcksek Se\u00e7im Kurulu (YSK), Cumhurba\u015fkan\u0131 se\u00e7imlerinin ba\u015flamas\u0131ndan bitimine kadar, se\u00e7imin d\u00fczen i\u00e7inde y\u00f6netimi ve d\u00fcr\u00fcstl\u00fc\u011f\u00fcyle ilgili b\u00fct\u00fcn i\u015flemleri yapmak ve yapt\u0131rmak amac\u0131yla, gerekli ilke kararlar\u0131 almaya, ilgili kanunlar ile bu kanunda se\u00e7imle ilgili olarak yer alan b\u00fct\u00fcn s\u00fcreleri gerekti\u011finde k\u0131saltarak tespit ve ilana yetkili olacak.<\/p>\n<p style=\"text-align: justify;\">Cumhurba\u015fkan\u0131 se\u00e7imi, Cumhurba\u015fkan\u0131n\u0131n g\u00f6rev s\u00fcresinin dolmas\u0131ndan \u00f6nceki 60 g\u00fcn; makam\u0131n herhangi bir \u015fekilde bo\u015falmas\u0131 halinde ise bo\u015falmay\u0131 takip eden 60 g\u00fcn i\u00e7inde yap\u0131lacak.<\/p>\n<p style=\"text-align: justify;\">YSK, \u00f6ng\u00f6r\u00fclen s\u00fcreler i\u00e7inde se\u00e7imin tamamlanmas\u0131 amac\u0131yla, se\u00e7im takvimini resen belirleyip, ilan edecek.<\/p>\n<p style=\"text-align: justify;\">Ge\u00e7erli oylar\u0131n salt \u00e7o\u011funlu\u011funu alan aday, genel oyla yap\u0131lacak se\u00e7imde Cumhurba\u015fkan\u0131 se\u00e7ilmi\u015f olacak. \u0130lk oylamada bu \u00e7o\u011funluk sa\u011flanamazsa, oylamay\u0131 izleyen ikinci pazar g\u00fcn\u00fc ikinci oylama yap\u0131lacak. Bu oylamaya, ilk oylamada en \u00e7ok oy alan iki aday kat\u0131lacak, ge\u00e7erli oylar\u0131n \u00e7o\u011funlu\u011funu alan aday Cumhurba\u015fkan\u0131 se\u00e7ilecek.<\/p>\n<p style=\"text-align: justify;\">\u0130kinci oylamaya kat\u0131lmaya hak kazanan adaylardan birinin \u00f6l\u00fcm\u00fc veya se\u00e7ilme yeterli\u011fini kaybetmesi halinde, ikinci oylama, bo\u015falan adayl\u0131\u011f\u0131n birinci oylamadaki s\u0131raya g\u00f6re ikame edilmesi suretiyle yap\u0131lacak.<\/p>\n<p style=\"text-align: justify;\">Oylamalara tek adayla gidilmesi halinde, oylama, referandum \u015feklinde yap\u0131lacak. Aday, ge\u00e7erli oylar\u0131n \u00e7o\u011funlu\u011funu almas\u0131 halinde Cumhurba\u015fkan\u0131 se\u00e7ilmi\u015f olacak.<\/p>\n<p style=\"text-align: justify;\">Cumhurba\u015fkan\u0131 se\u00e7ilenin, varsa partisiyle ili\u015fi\u011fi kesilecek, TBMM \u00fcyeli\u011fi sona erecek.<\/p>\n<p style=\"text-align: justify;\">TBMM, sava\u015f nedeniyle yeni se\u00e7imlerin yap\u0131lmas\u0131na imkan g\u00f6r\u00fclmedi\u011fine karar verirse, Cumhurba\u015fkan\u0131 se\u00e7imi 1 y\u0131l geriye b\u0131rak\u0131labilecek. Geri b\u0131rakma sebebi ortadan kalkmam\u0131\u015fsa, erteleme karar\u0131ndaki usule g\u00f6re bu i\u015flem tekrarlanabilecek.<\/p>\n<p style=\"text-align: justify;\"><strong>G\u00fcl&#8217;\u00fcn g\u00f6revi, ge\u00e7ici maddeyle 7 y\u0131l\u00a0<\/strong><\/p>\n<p style=\"text-align: justify;\">Kanundaki ge\u00e7ici maddeye g\u00f6re, 11. Cumhurba\u015fkan\u0131&#8217;n\u0131n g\u00f6rev s\u00fcresi 7 y\u0131l olacak.<\/p>\n<p style=\"text-align: justify;\">31 May\u0131s 2007 tarihli Anayasan\u0131n Baz\u0131 Maddelerinde De\u011fi\u015fiklik Yap\u0131lmas\u0131 Hakk\u0131nda Kanun de\u011fi\u015fikli\u011finin y\u00fcr\u00fcrl\u00fc\u011fe girdi\u011fi tarihten \u00f6nce se\u00e7ilen cumhurba\u015fkanlar\u0131, iki defa se\u00e7ilememeleri kural\u0131 dahil, Anayasan\u0131n de\u011fi\u015fiklik \u00f6ncesi h\u00fck\u00fcmlerine tabi olacak.<\/p>\n<p style=\"text-align: justify;\">B\u00f6ylece, Cumhurba\u015fkan\u0131 Abdullah G\u00fcl dahil Ahmet Necdet Sezer, S\u00fcleyman Demirel ve Kenan Evren, ikinci kez cumhurba\u015fkan\u0131 olamayacak.<\/p>\n<p style=\"text-align: justify;\">\u00a0<strong>Emekli vekil maa\u015flar\u0131na da onay\u00a0<\/strong><\/p>\n<p style=\"text-align: justify;\">Cumhurba\u015fkan\u0131 Abdullah G\u00fcl&#8217;\u00fcn onaylad\u0131\u011f\u0131 T\u00fcrkiye Cumhuriyeti Emekli Sand\u0131\u011f\u0131 Kanunu ve Baz\u0131 Kanunlarda De\u011fi\u015fiklik Yap\u0131lmas\u0131na Dair Kanun&#8217;a g\u00f6re, milletvekili emekli ayl\u0131klar\u0131, yeni bir yasal d\u00fczenleme yap\u0131l\u0131ncaya kadar Cumhurba\u015fkan\u0131 emekli ayl\u0131\u011f\u0131 \u00f6dene\u011finin y\u00fczde 45&#8217;i oran\u0131nda belirlenecek.<\/p>\n<p style=\"text-align: justify;\">G\u00fcl, kanunu milletvekili emekli ayl\u0131klar\u0131n\u0131 d\u00fczenleyen maddesinin bir kez daha g\u00f6r\u00fc\u015f\u00fclmesi i\u00e7in TBMM&#8217;ye iade etmi\u015fti.<\/p>\n<p style=\"text-align: justify;\">TBMM&#8217;de tekrar g\u00f6r\u00fc\u015f\u00fclerek 17 Ocak&#8217;ta kabul edilen d\u00fczenlemeye g\u00f6re, milletvekili emekli ayl\u0131klar\u0131, yeni bir yasal d\u00fczenleme yap\u0131l\u0131ncaya kadar Cumhurba\u015fkan\u0131 emekli ayl\u0131\u011f\u0131 \u00f6dene\u011finin y\u00fczde 45&#8217;i oran\u0131nda belirlenecek. Daha \u00f6nceki yasada bu oran y\u00fczde 60 olarak yer alm\u0131\u015ft\u0131.<\/p>\n<p style=\"text-align: justify;\">Yasa, ge\u00e7mi\u015f d\u00f6nemlerde iki y\u0131ldan az milletvekilli\u011fi yapm\u0131\u015f ve milletvekili emeklisi olanlar\u0131 da Cumhurba\u015fkan\u0131 \u00f6dene\u011fi ile ili\u015fkilendiriyor.<\/p>\n<p style=\"text-align: justify;\">Yasada, ge\u00e7mi\u015fte iki y\u0131l makam temsil tazminat\u0131 \u00f6denmi\u015f, milletvekilli olduktan sonra 1 ayl\u0131k maa\u015f\u0131n\u0131 al\u0131r almaz milletvekilli\u011finden emekli olanlar\u0131n &#8221;\u0130ki y\u0131ll\u0131k s\u00fcreye tabii olmad\u0131klar\u0131&#8221;na da a\u00e7\u0131kl\u0131k getiriliyor.<\/p>\n<p style=\"text-align: justify;\">Milletvekilli\u011fi sona erenlerden herhangi bir sosyal g\u00fcvenlik kapsam\u0131nda olmayanlar\u0131n emekli olduktan sonra 4 y\u0131l s\u00fcreyle primlerinin TBMM taraf\u0131ndan \u00f6denmesi imkan\u0131, 24. D\u00f6nem ile s\u0131n\u0131rl\u0131 tutulmayarak, ge\u00e7mi\u015f d\u00f6nemleri de kapsayacak \u015fekilde geni\u015fletiliyor.<\/p>\n<p style=\"text-align: justify;\">D\u00fczenlemeyle, geriye d\u00f6n\u00fck herhangi bir \u00f6deme yap\u0131lmayacak ve hak talep edilemeyecek.<\/p>\n<p style=\"text-align: justify;\"><a href=\"http:\/\/www.cumhuriyet.com.tr\/?hn=310754\" target=\"_blank\">Kaynak : Cumhuriyet Haber Portal\u0131<\/a><\/p>\n","protected":false},"excerpt":{"rendered":"<p style=\"text-align: center;\">\n<p style=\"text-align: justify;\">Cumhurba\u015fkan\u0131 Abdullah G\u00fcl, &#8221;Cumhurba\u015fkan\u0131 Se\u00e7imi Kanunu&#8221;nu ve emekli vekil maa\u015flar\u0131yla ilgili d\u00fczenlemeyi onaylad\u0131.<\/p>\n<p style=\"text-align: justify;\">\u0130stanbul \/ Ankara- Cumhurba\u015fkanl\u0131\u011f\u0131 Bas\u0131n Merkezi&#8217;nden yap\u0131lan a\u00e7\u0131klamaya g\u00f6re G\u00fcl&#8217;\u00fcn, 6271 say\u0131l\u0131 &#8221;Cumhurba\u015fkan\u0131 Se\u00e7imi Kanunu&#8221;nu yay\u0131mlanmak \u00fczere Ba\u015fbakanl\u0131\u011fa g\u00f6nderdi\u011fi bildirildi. <\/p>\n","protected":false},"author":1,"featured_media":0,"comment_status":"open","ping_status":"open","sticky":false,"template":"","format":"standard","meta":{"footnotes":""},"categories":[105],"tags":[],"class_list":["post-47770","post","type-post","status-publish","format-standard","hentry","category-gundem","odd"],"_links":{"self":[{"href":"http:\/\/www.korhanyilmaz.com\/index.php?rest_route=\/wp\/v2\/posts\/47770","targetHints":{"allow":["GET"]}}],"collection":[{"href":"http:\/\/www.korhanyilmaz.com\/index.php?rest_route=\/wp\/v2\/posts"}],"about":[{"href":"http:\/\/www.korhanyilmaz.com\/index.php?rest_route=\/wp\/v2\/types\/post"}],"author":[{"embeddable":true,"href":"http:\/\/www.korhanyilmaz.com\/index.php?rest_route=\/wp\/v2\/users\/1"}],"replies":[{"embeddable":true,"href":"http:\/\/www.korhanyilmaz.com\/index.php?rest_route=%2Fwp%2Fv2%2Fcomments&post=47770"}],"version-history":[{"count":0,"href":"http:\/\/www.korhanyilmaz.com\/index.php?rest_route=\/wp\/v2\/posts\/47770\/revisions"}],"wp:attachment":[{"href":"http:\/\/www.korhanyilmaz.com\/index.php?rest_route=%2Fwp%2Fv2%2Fmedia&parent=47770"}],"wp:term":[{"taxonomy":"category","embeddable":true,"href":"http:\/\/www.korhanyilmaz.com\/index.php?rest_route=%2Fwp%2Fv2%2Fcategories&post=47770"},{"taxonomy":"post_tag","embeddable":true,"href":"http:\/\/www.korhanyilmaz.com\/index.php?rest_route=%2Fwp%2Fv2%2Ftags&post=47770"}],"curies":[{"name":"wp","href":"https:\/\/api.w.org\/{rel}","templated":true}]}}