{"id":47761,"date":"2012-01-25T16:58:45","date_gmt":"2012-01-25T14:58:45","guid":{"rendered":"http:\/\/www.korhanyilmaz.com\/?p=47761"},"modified":"2012-01-26T02:21:36","modified_gmt":"2012-01-26T00:21:36","slug":"anitkabiri-tapinaga-benzetti-olay-oldu","status":"publish","type":"post","link":"http:\/\/www.korhanyilmaz.com\/?p=47761","title":{"rendered":"An\u0131tkabir&#8217;i tap\u0131na\u011fa benzetti, olay oldu!"},"content":{"rendered":"<p style=\"text-align: center;\"><a href=\"http:\/\/www.korhanyilmaz.com\/wp-content\/uploads\/2012\/01\/9482.jpg\"  class=\"lightview\"><img loading=\"lazy\" decoding=\"async\" class=\"aligncenter  wp-image-47762\" src=\"http:\/\/www.korhanyilmaz.com\/wp-content\/uploads\/2012\/01\/9482.jpg\" alt=\"\" width=\"420\" height=\"210\" \/><\/a><\/p>\n<p style=\"text-align: justify;\">Yeni Akit adl\u0131 gazete bug\u00fcn man\u015fetinden An\u0131tkabir&#8217;in Yunan tap\u0131na\u011f\u0131na benzedi\u011fini yazd\u0131&#8230;<\/p>\n<p style=\"text-align: justify;\"><span style=\"text-decoration: underline;\">\u0130\u015eTE YEN\u0130 AK\u0130T&#8217;\u0130N O HABER\u0130&#8230;<\/span><\/p>\n<p style=\"text-align: justify;\">T\u00fcrkiye \u015eahlan\u0131\u015f Hareketi lideri Murat Altun&#8217;un, An\u0131tkabir&#8217;i tap\u0131na\u011fa benzetmesi ortal\u0131\u011f\u0131 kar\u0131\u015ft\u0131rd\u0131. Kemalistler taraf\u0131ndan a\u011f\u0131r k\u00fcf\u00fcr ve hakaretlere maruz kalan Altun, yaz\u0131l\u0131 bir a\u00e7\u0131klama yaparak s\u00f6zde Atat\u00fcrk\u00e7\u00fclere cevap verdi.\u00a0<!--more--><\/p>\n<p style=\"text-align: justify;\"><strong><a href=\"http:\/\/www.korhanyilmaz.com\/wp-content\/uploads\/2012\/01\/9483.jpg\"  class=\"lightview\"><img loading=\"lazy\" decoding=\"async\" class=\"alignleft  wp-image-47763\" style=\"margin-left: 10px; margin-right: 10px;\" src=\"http:\/\/www.korhanyilmaz.com\/wp-content\/uploads\/2012\/01\/9483.jpg\" alt=\"\" width=\"360\" height=\"156\" \/><\/a>\u201cANITKAB\u0130R TAPINAK G\u0130B\u0130\u201d\u00a0<\/strong><\/p>\n<p style=\"text-align: justify;\">Altun, bir gazeteye yapt\u0131\u011f\u0131 a\u00e7\u0131klamada, An\u0131tkabir&#8217;in T\u00fcrkiye&#8217;de belli kesimler taraf\u0131ndan tap\u0131nak haline getirildi\u011fini ileri s\u00fcrd\u00fc. An\u0131tkabir&#8217;in \u015fu an bulundu\u011fu konum ve durumun Atat\u00fcrk&#8217;\u00fcn kemiklerini s\u0131zlatt\u0131\u011f\u0131n\u0131 belirten Altun, \u201cAn\u0131tkabir, t\u0131pk\u0131 Yahudilerin a\u011flama duvar\u0131 haline getirilmi\u015f. Bu \u00fclkenin en \u00f6nde gelen liderleri bile gidip burada adeta a\u011fl\u0131yorlar. An\u0131tkabir, bulundu\u011fu \u015fekli ile de tap\u0131naklara benzerli\u011fi mevcuttur. T\u00fcrkiye&#8217;nin kurucusu Aziz Gazimiz Mustafa Kemal Atat\u00fcrk&#8217;e ve toplumumuzun \u00f6rf ve adetlerine bu adeta haks\u0131zl\u0131kt\u0131r. An\u0131tkabir ile Yunan tap\u0131naklar\u0131 aras\u0131nda hi\u00e7bir fark yoktur\u201d ifadelerini kulland\u0131.<\/p>\n<p style=\"text-align: justify;\"><strong>HAKARET VE K\u00dcF\u00dcR YA\u011eDI\u00a0<\/strong><\/p>\n<p style=\"text-align: justify;\">Altun&#8217;un a\u00e7\u0131klamalar\u0131 ba\u015f\u0131na dert oldu. \u00d6zellikle ulusalc\u0131 internet sitelerinin, haberi alayc\u0131 bir dille yay\u0131nlamas\u0131 \u00fczerine Altun&#8217;a tepkiler ya\u011fd\u0131. Haberin, ilkkursun.com adl\u0131 bir ulusalc\u0131 internet sitesinde yay\u0131nlanmas\u0131n\u0131n ard\u0131ndan Altun&#8217;a y\u00f6nelik \u00e7ok a\u011f\u0131r k\u00fcf\u00fcr ve hakaretlerde bulunuldu. Altun, s\u00f6z konusu internet sitesinden haberin ve yap\u0131lan yorumlar\u0131n kald\u0131r\u0131lmas\u0131n\u0131, yapt\u0131\u011f\u0131 yaz\u0131l\u0131 a\u00e7\u0131klaman\u0131n yay\u0131nlanmas\u0131n\u0131 istedi.<\/p>\n<p style=\"text-align: justify;\"><strong>\u201cEDEP YAHU\u201d\u00a0<\/strong><\/p>\n<p style=\"text-align: justify;\">Bunun \u00fczerine Altun&#8217;un a\u00e7\u0131klamas\u0131 yay\u0131nland\u0131. Altun a\u00e7\u0131klamas\u0131nda, \u015fu ifadeleri kulland\u0131: \u201cBu g\u00fczel \u00fclke onlarca y\u0131l\u0131n\u0131 sahte, s\u00f6zde Atat\u00fcrk\u00e7\u00fc-Kemalist-Ulusalc\u0131 kisvesi alt\u0131nda edepsiz, ahlaks\u0131z, seviyesiz g\u00fcruh y\u00fcz\u00fcnden kaybetmi\u015ftir. \u2018Bilgi sahibi olmadan fikir sahibi olan&#8217; zavall\u0131lar mecran\u0131zda \u00f6mr\u00fcn\u00fc Aziz Gazi Mustafa Kemal Atat\u00fcrk&#8217;e adam\u0131\u015f fedakar bir siyasi fikir \u00f6nderi olarak bana, ba\u015ftac\u0131m anneme yak\u0131\u015f\u0131ks\u0131z ifadeler, t\u00fcrl\u00fc hakaretlerle sald\u0131rm\u0131\u015flard\u0131r. Edep yahu! Duyarl\u0131 davran\u0131p, size yak\u0131\u015fan\u0131 yapaca\u011f\u0131n\u0131z, o k\u00fcf\u00fcrl\u00fc yorumlar\u0131 ivedilikle kald\u0131r\u0131p, ana sayfan\u0131zdan a\u00e7\u0131klamam\u0131 yay\u0131mlayaca\u011f\u0131n\u0131za inanmak istiyorum. Bu da sizin samimiyet testiniz, yurtseverlik noktas\u0131nda turnusol ka\u011f\u0131d\u0131n\u0131z olsun. Hukuki haklar\u0131m\u0131z sakl\u0131 olmak kayd\u0131yla.\u201d<\/p>\n<p style=\"text-align: justify;\"><strong>\u201cTAPINAK M\u0130MAR\u0130S\u0130 \u015eEKL\u0130NDEK\u0130 ANITKAB\u0130R&#8217;E KAR\u015eIYIM\u201d\u00a0<\/strong><\/p>\n<p style=\"text-align: justify;\">An\u0131tkabir hakk\u0131ndaki ifadelerini yineleyen Altun, s\u00f6zlerini \u015f\u00f6yle s\u00fcrd\u00fcrd\u00fc: \u201c1938 10 Kas\u0131m g\u00fcn\u00fc ebediyete intikal eden aziz Gazi Mustafa Kemal Atat\u00fcrk&#8217;\u00fcn 1957 y\u0131l\u0131nda vefat\u0131ndan y\u0131llar sonra O B\u00fcy\u00fck Lider&#8217;in manevi \u015fahs\u0131na, temsil etti\u011fi davas\u0131na a\u00e7\u0131k hakaret sayd\u0131\u011f\u0131m\u0131z Yunan akropol tap\u0131nak mimarisi \u015feklinde yap\u0131lan bug\u00fcnk\u00fc \u2018An\u0131tkabir&#8217;e \u015fiddetle kar\u015f\u0131y\u0131z. B\u00fcy\u00fck Lider Aziz Gazi Mustafa Kemal Pa\u015fam\u0131z\u0131n ebedi istirahatgah\u0131n\u0131n hep savundu\u011fu, u\u011frunda \u00f6m\u00fcr t\u00fcketti\u011fi T\u00fcrk K\u00fclt\u00fcr\u00fc motiflerine ve mimarisine uygun, bin k\u00fcsur y\u0131ll\u0131k fergana, semerkant, ta\u015fkent izlerini, k\u00fclt\u00fcr kodlar\u0131n\u0131 ta\u015f\u0131yan \u015fan\u0131na uygun Anadolu Sel\u00e7uklu K\u00fcmbet mimarisi tarz\u0131nda \u015fan\u0131na yak\u0131\u015f\u0131r yeni bir An\u0131t Mezar yapmak, b\u00fcy\u00fck T\u00fcrk milletine \u015eahlan\u0131\u015f Hareketi olarak s\u00f6z\u00fcm\u00fczd\u00fcr.\u201d<\/p>\n<p style=\"text-align: justify;\"><a href=\"http:\/\/haber.gazetevatan.com\/anitkabiri-tapinaga-benzetti-olay-oldu\/426884\/11\/Haber\" target=\"_blank\">Kaynak : VATAN Gazetesi<\/a><\/p>\n","protected":false},"excerpt":{"rendered":"<p style=\"text-align: center;\">\n<p style=\"text-align: justify;\">Yeni Akit adl\u0131 gazete bug\u00fcn man\u015fetinden An\u0131tkabir&#8217;in Yunan tap\u0131na\u011f\u0131na benzedi\u011fini yazd\u0131&#8230;<\/p>\n<p style=\"text-align: justify;\">\u0130\u015eTE YEN\u0130 AK\u0130T&#8217;\u0130N O HABER\u0130&#8230;<\/p>\n<p style=\"text-align: justify;\">T\u00fcrkiye \u015eahlan\u0131\u015f Hareketi lideri Murat Altun&#8217;un, An\u0131tkabir&#8217;i tap\u0131na\u011fa benzetmesi ortal\u0131\u011f\u0131 kar\u0131\u015ft\u0131rd\u0131. Kemalistler taraf\u0131ndan a\u011f\u0131r k\u00fcf\u00fcr ve hakaretlere maruz kalan Altun, yaz\u0131l\u0131 bir a\u00e7\u0131klama yaparak s\u00f6zde Atat\u00fcrk\u00e7\u00fclere cevap verdi. <\/p>\n","protected":false},"author":1,"featured_media":0,"comment_status":"open","ping_status":"open","sticky":false,"template":"","format":"standard","meta":{"footnotes":""},"categories":[105],"tags":[770,769],"class_list":["post-47761","post","type-post","status-publish","format-standard","hentry","category-gundem","tag-akit-gazetesi","tag-murat-altun","odd"],"_links":{"self":[{"href":"http:\/\/www.korhanyilmaz.com\/index.php?rest_route=\/wp\/v2\/posts\/47761","targetHints":{"allow":["GET"]}}],"collection":[{"href":"http:\/\/www.korhanyilmaz.com\/index.php?rest_route=\/wp\/v2\/posts"}],"about":[{"href":"http:\/\/www.korhanyilmaz.com\/index.php?rest_route=\/wp\/v2\/types\/post"}],"author":[{"embeddable":true,"href":"http:\/\/www.korhanyilmaz.com\/index.php?rest_route=\/wp\/v2\/users\/1"}],"replies":[{"embeddable":true,"href":"http:\/\/www.korhanyilmaz.com\/index.php?rest_route=%2Fwp%2Fv2%2Fcomments&post=47761"}],"version-history":[{"count":0,"href":"http:\/\/www.korhanyilmaz.com\/index.php?rest_route=\/wp\/v2\/posts\/47761\/revisions"}],"wp:attachment":[{"href":"http:\/\/www.korhanyilmaz.com\/index.php?rest_route=%2Fwp%2Fv2%2Fmedia&parent=47761"}],"wp:term":[{"taxonomy":"category","embeddable":true,"href":"http:\/\/www.korhanyilmaz.com\/index.php?rest_route=%2Fwp%2Fv2%2Fcategories&post=47761"},{"taxonomy":"post_tag","embeddable":true,"href":"http:\/\/www.korhanyilmaz.com\/index.php?rest_route=%2Fwp%2Fv2%2Ftags&post=47761"}],"curies":[{"name":"wp","href":"https:\/\/api.w.org\/{rel}","templated":true}]}}