{"id":47737,"date":"2012-01-25T21:22:41","date_gmt":"2012-01-25T19:22:41","guid":{"rendered":"http:\/\/www.korhanyilmaz.com\/?p=47737"},"modified":"2012-01-26T01:51:27","modified_gmt":"2012-01-25T23:51:27","slug":"vatan-millet-sevgiyle-uyusmaz","status":"publish","type":"post","link":"http:\/\/www.korhanyilmaz.com\/?p=47737","title":{"rendered":"&#8220;Vatan millet sevgisiyle uyu\u015fmaz&#8221;"},"content":{"rendered":"<p style=\"text-align: center;\"><a href=\"http:\/\/www.korhanyilmaz.com\/wp-content\/uploads\/2012\/01\/9476.jpg\"  class=\"lightview\"><img loading=\"lazy\" decoding=\"async\" class=\"aligncenter  wp-image-47738\" src=\"http:\/\/www.korhanyilmaz.com\/wp-content\/uploads\/2012\/01\/9476.jpg\" alt=\"\" width=\"319\" height=\"239\" \/><\/a><\/p>\n<p style=\"text-align: justify;\">Ba\u015fbakan Recep Tayyip Erdo\u011fan, &#8221;T\u00fcrkiye&#8217;yi gazeteci tutuklayan, gazetecilere bask\u0131 uygulayan bir \u00fclke gibi sunmak, kendi \u00fclkesini bu \u015fekilde \u015fikayet etmek ve bundan da haz duymak vatan millet sevgisiyle uyu\u015fmaz&#8221; dedi.<\/p>\n<p style=\"text-align: justify;\">\u0130stanbul \/ Ankara- Ba\u015fbakan Erdo\u011fan, Zaman gazetesinin kurulu\u015funun 25. y\u0131l\u0131 dolay\u0131s\u0131yla Ankara Ticaret Odas\u0131 Kongre Salonu&#8217;nda d\u00fczenlenen t\u00f6rene kat\u0131larak, bir konu\u015fma yapt\u0131.\u00a0<!--more--><\/p>\n<p style=\"text-align: justify;\">Konu\u015fmas\u0131nda Adalet Bakanl\u0131\u011f\u0131n\u0131n ba\u015flatt\u0131\u011f\u0131 yarg\u0131 reformuna de\u011finen Erdo\u011fan, ifade \u00f6zg\u00fcrl\u00fc\u011f\u00fcn\u00fcn \u00f6n\u00fcn\u00fc daha da geni\u015flettiklerini s\u00f6yledi.<\/p>\n<p style=\"text-align: justify;\"><strong>&#8220;Yay\u0131n durdurma cezas\u0131n\u0131 kald\u0131r\u0131yoruz&#8221;\u00a0<\/strong><\/p>\n<p style=\"text-align: justify;\">Ba\u015fbakan Erdo\u011fan, \u015funlar\u0131 s\u00f6yledi:<\/p>\n<p style=\"text-align: justify;\">&#8221;Yapaca\u011f\u0131m\u0131z d\u00fczenleme ile ileriye d\u00f6n\u00fck yay\u0131n durdurma cezas\u0131n\u0131 ortadan kald\u0131r\u0131yoruz. Daha \u00f6nceden verilmi\u015f t\u00fcm toplatma kararlar\u0131n\u0131 art\u0131k h\u00fck\u00fcms\u00fcz hale getiriyoruz. Bas\u0131n ve yay\u0131n yoluyla ya da sair d\u00fc\u015f\u00fcnce a\u00e7\u0131klama y\u00f6ntemleri ile i\u015flenmi\u015f olup \u00fcst s\u0131n\u0131r\u0131 5 y\u0131ldan fazla olmayan hapis cezas\u0131 gerektiren b\u00fct\u00fcn soru\u015fturma, kovu\u015fturma ve mahkumiyet kararlar\u0131n\u0131 ayn\u0131 su\u00e7 tekrar i\u015flenmedi\u011fi s\u00fcrece ge\u00e7ersiz hale getiriyoruz. \u00c7ok say\u0131da gazeteci arkada\u015f\u0131m\u0131z\u0131n devam eden mahkemeleri b\u00f6ylece ertelenmi\u015f oluyor. Bu \u015fekilde de\u011fi\u015fik gazetelerden, de\u011fi\u015fik medya kurulu\u015flar\u0131ndan \u00e7ok say\u0131da arkada\u015f\u0131m\u0131z\u0131n davas\u0131 ertelenecek, yani dava d\u00fc\u015fecek.<\/p>\n<p style=\"text-align: justify;\"><strong>&#8220;T\u00fcrkiye&#8217;yi gazeteci tutuklayan bir \u00fclke gibi sunmak vatan millet sevgiyle uyu\u015fmaz&#8221;\u00a0<\/strong><\/p>\n<p style=\"text-align: justify;\">&#8220;Burada \u015funu da ifade etmeliyim; sorunlar var, biz de bu sorunlar\u0131n \u00fczerine kararl\u0131l\u0131kla gidiyoruz ama T\u00fcrkiye, anamuhalefet partisinin, di\u011fer muhalefet partilerinin, bir k\u0131s\u0131m gazeteci ve yazar\u0131n d\u00fcnyaya lanse etti\u011fi olumsuz tabloyu asla hak etmiyor&#8221; \u015feklinde konu\u015fan Erdo\u011fan, &#8220;Bir kere \u00fclkesine sayg\u0131s\u0131, milletine h\u00fcrmeti olan bir kimse \u00e7\u0131k\u0131p da \u00fclkesini d\u00fcnyaya b\u00f6yle anlatmaz, anlatamaz. \u015eu ifadelerimi alt\u0131n\u0131 \u00e7izerek \u00f6zellikle vurgulamak istiyorum; T\u00fcrkiye&#8217;yi gazeteci tutuklayan, gazetecilere bask\u0131 uygulayan bir \u00fclke gibi sunmak, kendi \u00fclkesini bu \u015fekilde \u015fikayet etmek ve bundan da haz duymak vatan millet sevgiyle uyu\u015fmaz&#8221; ifadelerini kulland\u0131.<\/p>\n<p style=\"text-align: justify;\">Tutuklu ve mahkum gazetecilerle ilgili defalarca a\u00e7\u0131klama yapt\u0131klar\u0131na i\u015faret eden Erdo\u011fan, \u015f\u00f6yle konu\u015ftu:<\/p>\n<p style=\"text-align: justify;\">&#8221;Bunlar\u0131n isimlerini tek tek sayd\u0131k, ne ile itham edildiklerini, neden ceza ald\u0131klar\u0131n\u0131 belgeleri ile ortaya koyduk. Adam polise sald\u0131r\u0131 d\u00fczenliyor, polisimizi \u015fehit ediyor, cebinden gazeteci kimli\u011fi \u00e7\u0131kt\u0131 diye gazeteciler hapse at\u0131l\u0131yor kampanyas\u0131 yap\u0131l\u0131yor, anamuhalefet partisi de i\u015fte bu \u015fah\u0131slara sahip \u00e7\u0131k\u0131yor. Gidip yurt d\u0131\u015f\u0131nda polis katillerine arka \u00e7\u0131kmak suretiyle \u00fclkesini k\u00f6t\u00fcl\u00fcyor. Ate\u015fli silah bulundurmak, patlay\u0131c\u0131 bulundurmak, evrakta sahtecilik, cinsel taciz, ter\u00f6r, darbeye te\u015febb\u00fcs&#8230; \u0130\u00e7erideki gazeteciler dedikleri i\u015fte bu su\u00e7 isnatlar\u0131 ile yarg\u0131lan\u0131yor. Medya ter\u00f6r\u00fcn oksijeni olmaktan sak\u0131nmas\u0131 gerekti\u011fi kadar, \u00f6zg\u00fcrl\u00fck-ter\u00f6r dengesini g\u00f6zetmek, bunun ayr\u0131m\u0131n\u0131 da yapmak zorundad\u0131r. Hedef g\u00f6stermek, te\u015fvik etmek, \u00e7arp\u0131tmak, karartmak, bu yolla masum canlar\u0131n katledilmesine zemin haz\u0131rlamak bas\u0131n \u00f6zg\u00fcrl\u00fc\u011f\u00fc, ifade \u00f6zg\u00fcrl\u00fc\u011f\u00fc olarak g\u00f6r\u00fclemez. Bu en ba\u015fta bas\u0131n \u00f6zg\u00fcrl\u00fc\u011f\u00fcne, gazetecilere ve gazetecili\u011fe haks\u0131zl\u0131kt\u0131r.&#8221;<\/p>\n<p style=\"text-align: justify;\">Ba\u015fbakan Recep Tayyip Erdo\u011fan, bat\u0131 \u00fclkelerinin bu geli\u015fmeleri anlamakta zorland\u0131klar\u0131n\u0131 s\u00f6yledi.<\/p>\n<p style=\"text-align: justify;\"><a href=\"http:\/\/www.cumhuriyet.com.tr\/?hn=310780\" target=\"_blank\">Kaynak : Cumhuriyet Haber Portal\u0131<\/a><\/p>\n","protected":false},"excerpt":{"rendered":"<p style=\"text-align: center;\">\n<p style=\"text-align: justify;\">Ba\u015fbakan Recep Tayyip Erdo\u011fan, &#8221;T\u00fcrkiye&#8217;yi gazeteci tutuklayan, gazetecilere bask\u0131 uygulayan bir \u00fclke gibi sunmak, kendi \u00fclkesini bu \u015fekilde \u015fikayet etmek ve bundan da haz duymak vatan millet sevgisiyle uyu\u015fmaz&#8221; dedi.<\/p>\n<p style=\"text-align: justify;\">\u0130stanbul \/ Ankara- Ba\u015fbakan Erdo\u011fan, Zaman gazetesinin kurulu\u015funun 25. y\u0131l\u0131 dolay\u0131s\u0131yla Ankara Ticaret Odas\u0131 Kongre Salonu&#8217;nda d\u00fczenlenen t\u00f6rene <\/p>\n","protected":false},"author":1,"featured_media":0,"comment_status":"open","ping_status":"open","sticky":false,"template":"","format":"standard","meta":{"footnotes":""},"categories":[105],"tags":[],"class_list":["post-47737","post","type-post","status-publish","format-standard","hentry","category-gundem","odd"],"_links":{"self":[{"href":"http:\/\/www.korhanyilmaz.com\/index.php?rest_route=\/wp\/v2\/posts\/47737","targetHints":{"allow":["GET"]}}],"collection":[{"href":"http:\/\/www.korhanyilmaz.com\/index.php?rest_route=\/wp\/v2\/posts"}],"about":[{"href":"http:\/\/www.korhanyilmaz.com\/index.php?rest_route=\/wp\/v2\/types\/post"}],"author":[{"embeddable":true,"href":"http:\/\/www.korhanyilmaz.com\/index.php?rest_route=\/wp\/v2\/users\/1"}],"replies":[{"embeddable":true,"href":"http:\/\/www.korhanyilmaz.com\/index.php?rest_route=%2Fwp%2Fv2%2Fcomments&post=47737"}],"version-history":[{"count":0,"href":"http:\/\/www.korhanyilmaz.com\/index.php?rest_route=\/wp\/v2\/posts\/47737\/revisions"}],"wp:attachment":[{"href":"http:\/\/www.korhanyilmaz.com\/index.php?rest_route=%2Fwp%2Fv2%2Fmedia&parent=47737"}],"wp:term":[{"taxonomy":"category","embeddable":true,"href":"http:\/\/www.korhanyilmaz.com\/index.php?rest_route=%2Fwp%2Fv2%2Fcategories&post=47737"},{"taxonomy":"post_tag","embeddable":true,"href":"http:\/\/www.korhanyilmaz.com\/index.php?rest_route=%2Fwp%2Fv2%2Ftags&post=47737"}],"curies":[{"name":"wp","href":"https:\/\/api.w.org\/{rel}","templated":true}]}}