{"id":47733,"date":"2012-01-25T21:11:51","date_gmt":"2012-01-25T19:11:51","guid":{"rendered":"http:\/\/www.korhanyilmaz.com\/?p=47733"},"modified":"2012-01-25T23:16:01","modified_gmt":"2012-01-25T21:16:01","slug":"utanc-tablosu-dibe-vurduk","status":"publish","type":"post","link":"http:\/\/www.korhanyilmaz.com\/?p=47733","title":{"rendered":"Utan\u00e7 tablosu: Dibe vurduk!"},"content":{"rendered":"<p style=\"text-align: center;\"><a href=\"http:\/\/www.korhanyilmaz.com\/wp-content\/uploads\/2012\/01\/9475.jpg\"  class=\"lightview\"><img loading=\"lazy\" decoding=\"async\" class=\"aligncenter  wp-image-47734\" src=\"http:\/\/www.korhanyilmaz.com\/wp-content\/uploads\/2012\/01\/9475.jpg\" alt=\"\" width=\"353\" height=\"263\" \/><\/a><\/p>\n<p style=\"text-align: justify;\">T\u00fcrkiye &#8220;D\u00fcnya Bas\u0131n \u00d6zg\u00fcrl\u00fc\u011f\u00fc Endeksi&#8221;nde 10 s\u0131ra birden gerileyerek 179 \u00fclke aras\u0131nda 148&#8217;incili\u011fe oturdu. S\u0131n\u0131r Tan\u0131mayan Gazeteciler \u00f6rg\u00fct\u00fc T\u00fcrkiye hakk\u0131nda, &#8220;E\u015fi g\u00f6r\u00fc\u015fmemi\u015f b\u00fcy\u00fckl\u00fckteki tutuklamalar, masif telefon gizli dinlemeleri ve gazetecilerin kaynaklar\u0131n\u0131n gizlili\u011fini k\u00fc\u00e7\u00fcmseme, medyada tehdit ikliminin yeniden ba\u015flamas\u0131na yard\u0131m etti&#8221; iddias\u0131nda bulundu.<!--more--><\/p>\n<p style=\"text-align: justify;\">Ankara- S\u0131n\u0131r Tan\u0131mayan Gazeteciler \u00d6rg\u00fct\u00fc, &#8220;2011-2012 D\u00fcnya Bas\u0131n \u00d6zg\u00fcrl\u00fc\u011f\u00fc Endeksi&#8221;ni a\u00e7\u0131klad\u0131. T\u00fcrkiye bas\u0131n\u0131, incelenebilen 179 \u00fclke aras\u0131nda 148&#8217;inci oldu. T\u00fcrkiye \u00f6nceki Endekste 138&#8217;inci s\u0131radayd\u0131.<\/p>\n<p style=\"text-align: justify;\"><strong>&#8220;Askeri diktat\u00f6rl\u00fckten bu yana emsali g\u00f6r\u00fclmedi&#8221;\u00a0<\/strong><\/p>\n<p style=\"text-align: justify;\">Raporun &#8220;Birka\u00e7 Avrupa \u00fclkesi k\u0131tan\u0131n geri kalan\u0131 gerisinde kald\u0131&#8221; ba\u015fl\u0131kl\u0131 paragraf\u0131nda \u015f\u00f6yle denildi:<\/p>\n<p style=\"text-align: justify;\">&#8220;Endeks baz\u0131 Avrupa \u00fclkeleri ile k\u0131tan\u0131n geri kalan\u0131 aras\u0131ndaki uzakla\u015fmay\u0131 ortaya koydu. Ba\u015fkan Luka\u015fenko&#8217;nun Belarus&#8217;da yeniden se\u00e7ilmesinin ard\u0131ndan yap\u0131lan protestolar \u00fczerindeki bask\u0131, \u00fclkenin 14 s\u0131ra birden d\u00fc\u015ferek 168&#8217;inci olmas\u0131na neden oldu. T\u00fcrkiye (148&#8217;inci) kendili\u011finden b\u00f6lgesel bir model sergiledi\u011fi zamanda geriye do\u011fru b\u00fcy\u00fck bir ad\u0131m att\u0131 ve 10 s\u0131ra kaybetti. S\u00f6z verilen reformlar\u0131n y\u00fcr\u00fct\u00fclmesi bir yana yarg\u0131 sistemi gazetecilerle ilgili, askeri diktat\u00f6rl\u00fckten bu yana emsali bulunmayan bir dizi tutuklama dalgas\u0131 ba\u015flatt\u0131.&#8221;<\/p>\n<p style=\"text-align: justify;\"><strong>&#8220;T\u00fcrkiye eski al\u0131\u015fkanl\u0131klar\u0131na geri d\u00f6nd\u00fc&#8221;\u00a0<\/strong><\/p>\n<p style=\"text-align: justify;\">Medyas\u0131ndaki \u00e7e\u015fitlilik ve enerjiye kar\u015f\u0131n 2011&#8217;in T\u00fcrkiye&#8217;de gazetecilerin &#8220;yarg\u0131sal tacizinde&#8221; dramatik bir art\u0131\u015fa tan\u0131k oldu\u011funu belirten S\u0131n\u0131r Tan\u0131mayan Gazeteciler \u00f6rg\u00fct\u00fc \u015f\u00f6yle devam etti:<\/p>\n<p style=\"text-align: justify;\">&#8220;Ter\u00f6rizmle m\u00fccadele kulpu tak\u0131larak d\u00fczinelerce gazeteci bilhassa; Ergenekon komplosu ve yasad\u0131\u015f\u0131 K\u00fcrdistan \u0130\u015f\u00e7i Partisinin siyasi \u015fubesi oldu\u011fu iddia edilen KCK&#8217;yla ilgili soru\u015fturmalarda yarg\u0131lanmadan \u00f6nce hapse konuldu. E\u015fi g\u00f6r\u00fc\u015fmemi\u015f b\u00fcy\u00fckl\u00fckteki tutuklamalar, masif telefon gizli dinlemeleri ve gazetecilerin kaynaklar\u0131n\u0131n gizlili\u011fini k\u00fc\u00e7\u00fcmseme, medyada tehdit ikliminin yeniden ba\u015flamas\u0131na yard\u0131m etti.&#8221;<\/p>\n<p style=\"text-align: justify;\"><strong>T\u00fcrkiye&#8217;den k\u00f6t\u00fcs\u00fc var\u00a0<\/strong><\/p>\n<p style=\"text-align: justify;\">Olumsuzluklar\u0131n fazlal\u0131\u011f\u0131na g\u00f6re puanlama esas\u0131na dayal\u0131 olarak haz\u0131rlanan D\u00fcnya Bas\u0131n \u00d6zg\u00fcrl\u00fc\u011f\u00fc Endeksi&#8217;nde ayn\u0131 puan\u0131 alan \u00fclkeler ayn\u0131 s\u0131ray\u0131 payla\u015ft\u0131. En iyi durumda oldu\u011fu varsay\u0131lan ilk iki \u00fclke 10&#8217;ar puanla Finlandiya ve Norve\u00e7 oldu. \u0130ki \u00fclkeyi Estonya, Hollanda, Avusturya, \u0130zlanda, L\u00fcksemburg, \u0130svi\u00e7re, Cape Verde, Kanada izledi. En k\u00f6t\u00fc durumda oldu\u011fu varsay\u0131lan 179&#8217;uncu \u00fclke Eritre&#8217;in ise 142 puan\u0131 oldu\u011fu belirtildi.<\/p>\n<p style=\"text-align: justify;\">Endeks&#8217;te T\u00fcrkiye&#8217;den daha k\u00f6t\u00fc durumda oldu\u011fu iddia edilen \u00fclkeler ise &#8220;iyiden k\u00f6t\u00fcye&#8221; \u015f\u00f6yle s\u0131raland\u0131: Meksika, Afganistan, Pakistan, Irak, Filistin Topraklar\u0131, Kazakistan, Libya, Ruanda, \u00d6zbekistan, Suudi Arabistan, Fildi\u015fi K\u0131y\u0131s\u0131, Cibuti, Ekvator Ginesi, Azerbaycan, Sri Lanka, Somali, Laos, M\u0131s\u0131r, K\u00fcba, Belarus, Burma, Sudan, Yemen, Vietnam, Bahreyn, \u00c7in, \u0130ran, Suriye, T\u00fcrkmenistan, Kuzey Kore, Eritre.<\/p>\n<p style=\"text-align: justify;\"><strong>T\u00fcrkiye&#8217;den daha iyiler!\u00a0<\/strong><\/p>\n<p style=\"text-align: justify;\">179 \u00fclkelik s\u0131ralamada 70 k\u00f6t\u00fc puanla 148&#8217;inci olan T\u00fcrkiye&#8217;den daha iyi durumda bulunan \u00fclkelerden baz\u0131lar\u0131 ve yerle\u015ftikleri s\u0131ralar \u015f\u00f6yle: K\u0131br\u0131s Rum Kesimi, Jamaika, Almanya (16), Namibya (20), Slovakya (25), \u0130ngiltere (28), Nijer (29), Tanzanya (34), Papua Yeni Gine (35), Slovenya (36), El Salvador (37), Fransa (38), Macaristan (40), Gana (41), Botsvana (42), Komor Adalar\u0131 (45), ABD, Romanya (47), Trinidat ve Tobago (50), Haiti (52), Moldova (53), Bosna Hersek (58), Orta Afrika Cumhuriyeti (62), Tonga (63), Mozambik (66), Moritanya (67), Burkina Faso (68), Bhutan, Yunanistan (70), Sey\u015feller (73), Ermenistan (77), Kuveyt (78), Togo (79), S\u0131rbistan, Bulgaristan, \u015eili, Paraguay (80), Kenya, Madagaskar (84), Zambiya (86), Kongo (90), \u0130srail (92), L\u00fcbnan (93), Arnavutluk (96), Kamerun (97), Brezilya (99), Mo\u011folistan (100), Gabon (101), \u00c7ad (103), Ekvator, G\u00fcrcistan (104), Nepal (106), Karada\u011f (107), K\u0131rg\u0131zistan (109), G\u00fcney Sudan (111), Birle\u015fik Arap Emirlikleri (112), Panama (113), Katar (114), Kambo\u00e7ya, Umman, Zimbabve (117), Cezayir, Tacikistan (122), Brunei Sultanl\u0131\u011f\u0131 (125), Etyopya (127), \u00dcrd\u00fcn (128), Benglade\u015f (129), Burundi (130), Hindistan (131), \u0130srail (d\u0131\u015f yerle\u015fimler) (133), Fas (138), Uganda (139), Gambiya (141), Rusya (142), Kolombiya (143), Swaziland (144), Demokratik Kongo Cumhuriyeti (145), Malavi (146).<\/p>\n<p style=\"text-align: justify;\"><strong>Utan\u00e7 tablosu\u00a0<\/strong><\/p>\n<p style=\"text-align: justify;\">Bas\u0131n Konseyi Genel Sekreteri Dr. Hasan S\u0131nar, T\u00fcrkiye&#8217;nin S\u0131n\u0131r Tan\u0131mayan Gazeteciler \u00d6rg\u00fct\u00fc&#8217;n\u00fcn yay\u0131mlad\u0131\u011f\u0131 &#8220;2011-2012 D\u00fcnya Bas\u0131n \u00d6zg\u00fcrl\u00fc\u011f\u00fc Endeksi&#8221;nde 10 s\u0131ra gerileyerek 179 \u00fclke aras\u0131nda 148&#8217;nci s\u0131raya d\u00fc\u015ft\u00fc\u011f\u00fcn\u00fc hat\u0131rlatarak, &#8220;Bu utan\u00e7 tablosunun ilk boyutu, T\u00fcrkiye&#8217;nin bas\u0131n \u00f6zg\u00fcrl\u00fc\u011f\u00fc alan\u0131nda, indeksin ilk yay\u0131mland\u0131\u011f\u0131 g\u00fcnden bu yana tarihinin en k\u00f6t\u00fc derecesini alm\u0131\u015f oldu\u011fu ger\u00e7e\u011fidir&#8221; dedi.<\/p>\n<p style=\"text-align: justify;\">S\u0131nar, yapt\u0131\u011f\u0131 yaz\u0131l\u0131 a\u00e7\u0131klamada, bir\u00e7ok farkl\u0131 parametrenin bir arada de\u011ferlendirilmesiyle olu\u015fturulan d\u00fcnya bas\u0131n \u00f6zg\u00fcrl\u00fc\u011f\u00fc s\u0131ralamas\u0131nda ge\u00e7en y\u0131l 138. s\u0131rada yer alan T\u00fcrkiye&#8217;nin 2011 sonunda yap\u0131lan de\u011ferlendirmede on basamak daha gerileyerek, 148. s\u0131raya d\u00fc\u015ft\u00fc\u011f\u00fcn\u00fc belirtti. Endeksin, bu tablonun olu\u015fmas\u0131nda pay\u0131 olan t\u00fcm sorumlular\u0131n\u0131n dile getirdi\u011fi s\u00f6zde &#8220;\u0130leri Demokrasi&#8221; iddialar\u0131n\u0131n aksine, T\u00fcrkiye&#8217;nin ifade \u00f6zg\u00fcrl\u00fc\u011f\u00fc alan\u0131nda d\u00fcnya \u00fczerindeki en antidemokratik ve bask\u0131c\u0131 rejimlerden birinin egemen oldu\u011fu bir \u00fclke haline geldi\u011finin uluslararas\u0131 d\u00fczeyde tescil edilmesi anlam\u0131n\u0131 ta\u015f\u0131d\u0131\u011f\u0131n\u0131 vurgulayan S\u0131nar, \u015funlar\u0131 ekledi:<\/p>\n<p style=\"text-align: justify;\">&#8220;Bu tablonun di\u011fer boyutu ise, 2012 y\u0131l\u0131nda art\u0131k hi\u00e7bir haks\u0131zl\u0131\u011f\u0131n, hukuksuzlu\u011fun gizli tutulamad\u0131\u011f\u0131 ve T\u00fcrkiye&#8217;de son d\u00f6nemde gazetecilere y\u00f6nelik \u00f6zellikle yarg\u0131 yoluyla ger\u00e7ekle\u015ftirilen ola\u011fan\u00fcst\u00fc yo\u011funluktaki, tutuklama, ceza ve hukuk davalar\u0131 a\u00e7ma gibi, gazetecilik mesle\u011fini ifa edilemez hale getiren bask\u0131 ve y\u0131ld\u0131rma eylemlerin t\u00fcm \u00e7a\u011fda\u015f d\u00fcnya taraf\u0131ndan dikkatle ve ibretle izlendi\u011finin ortaya konulmas\u0131d\u0131r.<\/p>\n<p style=\"text-align: justify;\">Bu utan\u00e7 verici tablo kar\u015f\u0131s\u0131nda, Bas\u0131n Konseyi olarak, ba\u015fta siyasal iktidar ve yarg\u0131 erki olmak \u00fczere, T\u00fcrkiye&#8217;yi D\u00fcnya Bas\u0131n \u00d6zg\u00fcrl\u00fc\u011f\u00fc s\u0131ralamas\u0131nda 179. \u00fclke aras\u0131nda 148. s\u0131raya geriletmi\u015f olan bu bask\u0131c\u0131 uygulamalardan derhal vazge\u00e7meye ve ifade \u00f6zg\u00fcrl\u00fc\u011f\u00fc alan\u0131nda ba\u015fta Avrupa \u0130nsan Haklar\u0131 Mahkemesi olmak \u00fczere ulusal \u00fcst\u00fc insan haklar\u0131 mekanizmalar\u0131 taraf\u0131ndan belirlenmi\u015f \u00e7a\u011fda\u015f standartlar\u0131 hayata ge\u00e7irmeye \u00e7a\u011f\u0131r\u0131yoruz.&#8221;<\/p>\n<p style=\"text-align: justify;\"><a href=\"http:\/\/www.cumhuriyet.com.tr\/?hn=310732\" target=\"_blank\">Kaynak : Cumhuriyet Haber Portal\u0131<\/a><\/p>\n","protected":false},"excerpt":{"rendered":"<p style=\"text-align: center;\">\n<p style=\"text-align: justify;\">T\u00fcrkiye &#8220;D\u00fcnya Bas\u0131n \u00d6zg\u00fcrl\u00fc\u011f\u00fc Endeksi&#8221;nde 10 s\u0131ra birden gerileyerek 179 \u00fclke aras\u0131nda 148&#8217;incili\u011fe oturdu. S\u0131n\u0131r Tan\u0131mayan Gazeteciler \u00f6rg\u00fct\u00fc T\u00fcrkiye hakk\u0131nda, &#8220;E\u015fi g\u00f6r\u00fc\u015fmemi\u015f b\u00fcy\u00fckl\u00fckteki tutuklamalar, masif telefon gizli dinlemeleri ve gazetecilerin kaynaklar\u0131n\u0131n gizlili\u011fini k\u00fc\u00e7\u00fcmseme, medyada tehdit ikliminin yeniden ba\u015flamas\u0131na yard\u0131m etti&#8221; iddias\u0131nda bulundu.<\/p>\n","protected":false},"author":1,"featured_media":0,"comment_status":"open","ping_status":"open","sticky":false,"template":"","format":"standard","meta":{"footnotes":""},"categories":[105],"tags":[],"class_list":["post-47733","post","type-post","status-publish","format-standard","hentry","category-gundem","odd"],"_links":{"self":[{"href":"http:\/\/www.korhanyilmaz.com\/index.php?rest_route=\/wp\/v2\/posts\/47733","targetHints":{"allow":["GET"]}}],"collection":[{"href":"http:\/\/www.korhanyilmaz.com\/index.php?rest_route=\/wp\/v2\/posts"}],"about":[{"href":"http:\/\/www.korhanyilmaz.com\/index.php?rest_route=\/wp\/v2\/types\/post"}],"author":[{"embeddable":true,"href":"http:\/\/www.korhanyilmaz.com\/index.php?rest_route=\/wp\/v2\/users\/1"}],"replies":[{"embeddable":true,"href":"http:\/\/www.korhanyilmaz.com\/index.php?rest_route=%2Fwp%2Fv2%2Fcomments&post=47733"}],"version-history":[{"count":0,"href":"http:\/\/www.korhanyilmaz.com\/index.php?rest_route=\/wp\/v2\/posts\/47733\/revisions"}],"wp:attachment":[{"href":"http:\/\/www.korhanyilmaz.com\/index.php?rest_route=%2Fwp%2Fv2%2Fmedia&parent=47733"}],"wp:term":[{"taxonomy":"category","embeddable":true,"href":"http:\/\/www.korhanyilmaz.com\/index.php?rest_route=%2Fwp%2Fv2%2Fcategories&post=47733"},{"taxonomy":"post_tag","embeddable":true,"href":"http:\/\/www.korhanyilmaz.com\/index.php?rest_route=%2Fwp%2Fv2%2Ftags&post=47733"}],"curies":[{"name":"wp","href":"https:\/\/api.w.org\/{rel}","templated":true}]}}